{"id":9957,"date":"2014-08-31T00:11:20","date_gmt":"2014-08-30T22:11:20","guid":{"rendered":"http:\/\/www.blogbbmontessori.com\/?p=9957"},"modified":"2014-08-31T00:12:11","modified_gmt":"2014-08-30T22:12:11","slug":"pouvons-nous-baigner-votre-bebe","status":"publish","type":"post","link":"https:\/\/www.blogbbmontessori.com\/?p=9957","title":{"rendered":"\u00ab\u00a0Pouvons-nous baigner votre b\u00e9b\u00e9 ?\u00a0\u00bb"},"content":{"rendered":"<p>Faut-il donner un bain au b\u00e9b\u00e9 \u00e0 sa naissance ?<\/p>\n<p><a href=\"https:\/\/i0.wp.com\/www.blogbbmontessori.com\/wp-content\/uploads\/2014\/08\/bain.jpg?ssl=1\"><img data-recalc-dims=\"1\" loading=\"lazy\" decoding=\"async\" class=\"alignnone size-full wp-image-9958\" src=\"https:\/\/i0.wp.com\/www.blogbbmontessori.com\/wp-content\/uploads\/2014\/08\/bain.jpg?resize=625%2C418&#038;ssl=1\" alt=\"bain\" width=\"625\" height=\"418\" srcset=\"https:\/\/i0.wp.com\/www.blogbbmontessori.com\/wp-content\/uploads\/2014\/08\/bain.jpg?w=3872&amp;ssl=1 3872w, https:\/\/i0.wp.com\/www.blogbbmontessori.com\/wp-content\/uploads\/2014\/08\/bain.jpg?resize=300%2C200&amp;ssl=1 300w, https:\/\/i0.wp.com\/www.blogbbmontessori.com\/wp-content\/uploads\/2014\/08\/bain.jpg?resize=1024%2C685&amp;ssl=1 1024w, https:\/\/i0.wp.com\/www.blogbbmontessori.com\/wp-content\/uploads\/2014\/08\/bain.jpg?resize=624%2C417&amp;ssl=1 624w, https:\/\/i0.wp.com\/www.blogbbmontessori.com\/wp-content\/uploads\/2014\/08\/bain.jpg?w=1250&amp;ssl=1 1250w, https:\/\/i0.wp.com\/www.blogbbmontessori.com\/wp-content\/uploads\/2014\/08\/bain.jpg?w=1875&amp;ssl=1 1875w\" sizes=\"auto, (max-width: 625px) 100vw, 625px\" \/><\/a><\/p>\n<p>Voici encore une question qu&rsquo;on ne vous posait pas \u00e0 la Maternit\u00e9 il y a encore quelques ann\u00e9es, on imposait <strong>le bain<\/strong> au nouveau-n\u00e9 d\u00e8s sa naissance. Et si le papa n&rsquo;\u00e9tait pas l\u00e0, on s&rsquo;en chargeait.<\/p>\n<p>Ph\u00e9nom\u00e8ne de mode ou pas, il semble que cela ne soit plus autant le cas qu&rsquo;avant (le bonnet a remplac\u00e9 le bain, voir post pr\u00e9c\u00e9dent \u00e0 ce sujet).<\/p>\n<p>Quels \u00e9taient les arguments ?<\/p>\n<p>La peau du nouveau-n\u00e9 est recouverte d&rsquo;une substance qu&rsquo;on a nomm\u00e9e, le <strong><em>vernix caseosa<\/em><\/strong>. Celui-ci est chaud, glissant et odorant. Il a prot\u00e9g\u00e9 le nouveau-n\u00e9 durant ses derniers mois intra uterus. On a remarqu\u00e9 (ah l&#8217;empirisme !) qu&rsquo;en laissant le b\u00e9b\u00e9 tel quel, cette substance disparaissait en quelques heures. On d\u00e9cide d\u00e9sormais de laisser ce vernix sur la peau du b\u00e9b\u00e9.<\/p>\n<p>L&rsquo;observation, fer de lance de certaines <strong>p\u00e9dagogies humanistes<\/strong> !<\/p>\n","protected":false},"excerpt":{"rendered":"<p>Faut-il donner un bain au b\u00e9b\u00e9 \u00e0 sa naissance ? Voici encore une question qu&rsquo;on ne vous posait pas \u00e0 la Maternit\u00e9 il y a encore quelques ann\u00e9es, on imposait le bain au nouveau-n\u00e9 d\u00e8s sa naissance. Et si le papa n&rsquo;\u00e9tait pas l\u00e0, on s&rsquo;en chargeait. Ph\u00e9nom\u00e8ne de mode ou pas, il semble que [&hellip;]<\/p>\n","protected":false},"author":2,"featured_media":0,"comment_status":"closed","ping_status":"open","sticky":false,"template":"","format":"standard","meta":{"jetpack_post_was_ever_published":false,"_jetpack_newsletter_access":"","_jetpack_dont_email_post_to_subs":false,"_jetpack_newsletter_tier_id":0,"_jetpack_memberships_contains_paywalled_content":false,"_jetpack_memberships_contains_paid_content":false,"footnotes":"","jetpack_publicize_message":"","jetpack_publicize_feature_enabled":true,"jetpack_social_post_already_shared":true,"jetpack_social_options":{"image_generator_settings":{"template":"highway","default_image_id":0,"font":"","enabled":false},"version":2}},"categories":[252,71,39,58,1],"tags":[43,686,743,215],"class_list":["post-9957","post","type-post","status-publish","format-standard","hentry","category-0-6-mois","category-education-cosmique","category-environnement","category-hygiene","category-quotidien","tag-bain","tag-humanisme","tag-hygiene","tag-naissance"],"jetpack_publicize_connections":[],"jetpack_featured_media_url":"","jetpack_sharing_enabled":true,"jetpack_shortlink":"https:\/\/wp.me\/pm9U2-2AB","_links":{"self":[{"href":"https:\/\/www.blogbbmontessori.com\/index.php?rest_route=\/wp\/v2\/posts\/9957","targetHints":{"allow":["GET"]}}],"collection":[{"href":"https:\/\/www.blogbbmontessori.com\/index.php?rest_route=\/wp\/v2\/posts"}],"about":[{"href":"https:\/\/www.blogbbmontessori.com\/index.php?rest_route=\/wp\/v2\/types\/post"}],"author":[{"embeddable":true,"href":"https:\/\/www.blogbbmontessori.com\/index.php?rest_route=\/wp\/v2\/users\/2"}],"replies":[{"embeddable":true,"href":"https:\/\/www.blogbbmontessori.com\/index.php?rest_route=%2Fwp%2Fv2%2Fcomments&post=9957"}],"version-history":[{"count":4,"href":"https:\/\/www.blogbbmontessori.com\/index.php?rest_route=\/wp\/v2\/posts\/9957\/revisions"}],"predecessor-version":[{"id":9968,"href":"https:\/\/www.blogbbmontessori.com\/index.php?rest_route=\/wp\/v2\/posts\/9957\/revisions\/9968"}],"wp:attachment":[{"href":"https:\/\/www.blogbbmontessori.com\/index.php?rest_route=%2Fwp%2Fv2%2Fmedia&parent=9957"}],"wp:term":[{"taxonomy":"category","embeddable":true,"href":"https:\/\/www.blogbbmontessori.com\/index.php?rest_route=%2Fwp%2Fv2%2Fcategories&post=9957"},{"taxonomy":"post_tag","embeddable":true,"href":"https:\/\/www.blogbbmontessori.com\/index.php?rest_route=%2Fwp%2Fv2%2Ftags&post=9957"}],"curies":[{"name":"wp","href":"https:\/\/api.w.org\/{rel}","templated":true}]}}