{"id":9768,"date":"2014-05-02T12:25:51","date_gmt":"2014-05-02T10:25:51","guid":{"rendered":"http:\/\/www.blogbbmontessori.com\/?p=9768"},"modified":"2014-05-02T12:26:14","modified_gmt":"2014-05-02T10:26:14","slug":"la-seule-formation-montessori-professionnelle-pour-les-bebes","status":"publish","type":"post","link":"https:\/\/www.blogbbmontessori.com\/?p=9768","title":{"rendered":"\u00ab\u00a0La seule formation Montessori professionnelle pour les b\u00e9b\u00e9s\u00a0\u00bb"},"content":{"rendered":"<p style=\"text-align: justify;\"><em>Je suis directrice d&rsquo;une micro-cr\u00e8che depuis 2012. Je me suis mise en recherche d&rsquo;une formation Montessori pour les b\u00e9b\u00e9s en me disant que j&rsquo;allais s\u00fbrement trouver cela dans ma r\u00e9gion bordelaise.<\/em><\/p>\n<p style=\"text-align: justify;\"><em>J&rsquo;ai trouv\u00e9 des liens sur internet, mais j&rsquo;arrivais sur des blogs de Mamans, de personnes dont ni les coordonn\u00e9es ni les informations sur ce qu&rsquo;elles proposaient \u00e9taient claires. <\/em><\/p>\n<p style=\"text-align: justify;\"><em>Les formations avaient lieu chez elle, dans leur sous-sol ??? Ayant moi-m\u00eame suivi une formation s\u00e9rieuse d&rsquo;Educatrice de Jeunes Enfants, je me suis demand\u00e9e comment on pouvait traiter ainsi d&rsquo;une p\u00e9dagogie si aboutie ? Les personnes pr\u00e9tendaient former alors qu&rsquo;elles n&rsquo;avaient jamais exerc\u00e9 aupr\u00e8s de petits enfants, ni m\u00eame visit\u00e9 des lieux d&rsquo;accueil\u00a0 ? Les tarifs \u00e9taient de 100 euros la journ\u00e9e pour \u00eatre accueillie dans un sous-sol !<\/em><\/p>\n<p style=\"text-align: justify;\"><em>J&rsquo;ai pris contact avec Murielle LEFEBVRE, afin de longuement parler avec elle de mes besoins et de lui exprimer mes questionnements, mes craintes quant \u00e0 ces formations propos\u00e9es sur le net.<\/em><\/p>\n<p style=\"text-align: justify;\"><em>Finalement, j&rsquo;ai achet\u00e9 son livre \u00ab\u00a0montessori pour les b\u00e9b\u00e9s\u00a0\u00bb et puis je me suis inscrite \u00e0 la formation \u00e0 distance. Je ne regrette pas cette d\u00e9marche, certes nouvelle pour moi, mais professionnelle, sans conteste. Je peux \u00e9couter les chapitres des livres de Maria, parcourir des vid\u00e9os et diaporamas. Je me sens actrice de ma formation et Murielle LEFEBVRE prend le temps de r\u00e9pondre personnellement \u00e0 mes \u00e9crits.<\/em><\/p>\n<p style=\"text-align: justify;\"><em>Alors, ne perdez pas de temps \u00e0 chercher une formation professionnelle en France, il n&rsquo;y a que celle-ci !<\/em><\/p>\n<p><a href=\"http:\/\/formations.montessori.fr\/wordpress\/?page_id=655\">http:\/\/formations.montessori.fr\/wordpress\/?page_id=655<\/a><\/p>\n<p>&nbsp;<\/p>\n<p>&nbsp;<\/p>\n<p>&nbsp;<\/p>\n<p>&nbsp;<\/p>\n<p>&nbsp;<\/p>\n","protected":false},"excerpt":{"rendered":"<p>Je suis directrice d&rsquo;une micro-cr\u00e8che depuis 2012. Je me suis mise en recherche d&rsquo;une formation Montessori pour les b\u00e9b\u00e9s en me disant que j&rsquo;allais s\u00fbrement trouver cela dans ma r\u00e9gion bordelaise. J&rsquo;ai trouv\u00e9 des liens sur internet, mais j&rsquo;arrivais sur des blogs de Mamans, de personnes dont ni les coordonn\u00e9es ni les informations sur ce [&hellip;]<\/p>\n","protected":false},"author":2,"featured_media":0,"comment_status":"closed","ping_status":"open","sticky":false,"template":"","format":"standard","meta":{"jetpack_post_was_ever_published":false,"_jetpack_newsletter_access":"","_jetpack_dont_email_post_to_subs":false,"_jetpack_newsletter_tier_id":0,"_jetpack_memberships_contains_paywalled_content":false,"_jetpack_memberships_contains_paid_content":false,"footnotes":"","jetpack_publicize_message":"","jetpack_publicize_feature_enabled":true,"jetpack_social_post_already_shared":true,"jetpack_social_options":{"image_generator_settings":{"template":"highway","default_image_id":0,"font":"","enabled":false},"version":2}},"categories":[5,1],"tags":[],"class_list":["post-9768","post","type-post","status-publish","format-standard","hentry","category-formation","category-quotidien"],"jetpack_publicize_connections":[],"jetpack_featured_media_url":"","jetpack_sharing_enabled":true,"jetpack_shortlink":"https:\/\/wp.me\/pm9U2-2xy","_links":{"self":[{"href":"https:\/\/www.blogbbmontessori.com\/index.php?rest_route=\/wp\/v2\/posts\/9768","targetHints":{"allow":["GET"]}}],"collection":[{"href":"https:\/\/www.blogbbmontessori.com\/index.php?rest_route=\/wp\/v2\/posts"}],"about":[{"href":"https:\/\/www.blogbbmontessori.com\/index.php?rest_route=\/wp\/v2\/types\/post"}],"author":[{"embeddable":true,"href":"https:\/\/www.blogbbmontessori.com\/index.php?rest_route=\/wp\/v2\/users\/2"}],"replies":[{"embeddable":true,"href":"https:\/\/www.blogbbmontessori.com\/index.php?rest_route=%2Fwp%2Fv2%2Fcomments&post=9768"}],"version-history":[{"count":3,"href":"https:\/\/www.blogbbmontessori.com\/index.php?rest_route=\/wp\/v2\/posts\/9768\/revisions"}],"predecessor-version":[{"id":9771,"href":"https:\/\/www.blogbbmontessori.com\/index.php?rest_route=\/wp\/v2\/posts\/9768\/revisions\/9771"}],"wp:attachment":[{"href":"https:\/\/www.blogbbmontessori.com\/index.php?rest_route=%2Fwp%2Fv2%2Fmedia&parent=9768"}],"wp:term":[{"taxonomy":"category","embeddable":true,"href":"https:\/\/www.blogbbmontessori.com\/index.php?rest_route=%2Fwp%2Fv2%2Fcategories&post=9768"},{"taxonomy":"post_tag","embeddable":true,"href":"https:\/\/www.blogbbmontessori.com\/index.php?rest_route=%2Fwp%2Fv2%2Ftags&post=9768"}],"curies":[{"name":"wp","href":"https:\/\/api.w.org\/{rel}","templated":true}]}}