{"id":9756,"date":"2014-04-23T22:56:10","date_gmt":"2014-04-23T20:56:10","guid":{"rendered":"http:\/\/www.blogbbmontessori.com\/?p=9756"},"modified":"2014-04-23T22:56:10","modified_gmt":"2014-04-23T20:56:10","slug":"lenvironnement-adapte","status":"publish","type":"post","link":"https:\/\/www.blogbbmontessori.com\/?p=9756","title":{"rendered":"L&rsquo;environnement adapt\u00e9"},"content":{"rendered":"<p>Une fois n&rsquo;est pas coutume, je voudrais vous parler de l&rsquo;environnement adapt\u00e9 par des non montessoriens.<\/p>\n<p>Souvent dans les formations que j&rsquo;anime, revient le fait que la p\u00e9dagogie de Maria Montessori, c&rsquo;est du bon sens. J&rsquo;ajoute d&rsquo;ailleurs qu&rsquo;en effet \u00ab\u00a0c&rsquo;est une p\u00e9dagogie sensorielle pleine de bons sens !\u00a0\u00bb<\/p>\n<p>Je vous mets quelque photos prises sur le vif pour illustrer le fait que certaines organisations commerciales ou non r\u00e9fl\u00e9chissent \u00e0 la pr\u00e9sence des enfants et donc \u00e0 l&rsquo;am\u00e9nagement de leur ambiance.<\/p>\n<p><a href=\"https:\/\/i0.wp.com\/www.blogbbmontessori.com\/wp-content\/uploads\/2014\/04\/environnement-adapte%CC%812.jpg?ssl=1\"><img data-recalc-dims=\"1\" loading=\"lazy\" decoding=\"async\" class=\"alignnone  wp-image-9757\" alt=\"environnement adapte\u03012\" src=\"https:\/\/i0.wp.com\/www.blogbbmontessori.com\/wp-content\/uploads\/2014\/04\/environnement-adapte%CC%812.jpg?resize=338%2C226&#038;ssl=1\" width=\"338\" height=\"226\" srcset=\"https:\/\/i0.wp.com\/www.blogbbmontessori.com\/wp-content\/uploads\/2014\/04\/environnement-adapte%CC%812.jpg?w=3872&amp;ssl=1 3872w, https:\/\/i0.wp.com\/www.blogbbmontessori.com\/wp-content\/uploads\/2014\/04\/environnement-adapte%CC%812.jpg?resize=300%2C200&amp;ssl=1 300w, https:\/\/i0.wp.com\/www.blogbbmontessori.com\/wp-content\/uploads\/2014\/04\/environnement-adapte%CC%812.jpg?resize=1024%2C685&amp;ssl=1 1024w, https:\/\/i0.wp.com\/www.blogbbmontessori.com\/wp-content\/uploads\/2014\/04\/environnement-adapte%CC%812.jpg?resize=624%2C417&amp;ssl=1 624w, https:\/\/i0.wp.com\/www.blogbbmontessori.com\/wp-content\/uploads\/2014\/04\/environnement-adapte%CC%812.jpg?w=1250&amp;ssl=1 1250w, https:\/\/i0.wp.com\/www.blogbbmontessori.com\/wp-content\/uploads\/2014\/04\/environnement-adapte%CC%812.jpg?w=1875&amp;ssl=1 1875w\" sizes=\"auto, (max-width: 338px) 100vw, 338px\" \/><\/a><\/p>\n<p>Ici nous sommes dans le hub d&rsquo;un a\u00e9roport dans lequel une vaste salle a \u00e9t\u00e9 am\u00e9nag\u00e9e pour les enfants. Les parents peuvent y entrer (avec ou sans bagages dont les poussettes).<br \/>\nTout le monde se d\u00e9chaussent et les enfants jouent devant l&rsquo;immense baie vitr\u00e9e de laquelle on admire le d\u00e9collage et l&rsquo;atterrissage des avions. Des grands bancs permettent aux parents de surveiller leurs enfants de l&rsquo;int\u00e9rieur de cet espace.<br \/>\nAttention \u00e0 ne pas louper votre avion tout de m\u00eame !<\/p>\n<p><a href=\"https:\/\/i0.wp.com\/www.blogbbmontessori.com\/wp-content\/uploads\/2014\/04\/environnement-adapte%CC%811-e1398286340238.jpg?ssl=1\"><img data-recalc-dims=\"1\" loading=\"lazy\" decoding=\"async\" class=\"alignnone  wp-image-9760\" alt=\"environnement adapte\u0301\" src=\"https:\/\/i0.wp.com\/www.blogbbmontessori.com\/wp-content\/uploads\/2014\/04\/environnement-adapte%CC%811-e1398286340238.jpg?resize=258%2C386&#038;ssl=1\" width=\"258\" height=\"386\" srcset=\"https:\/\/i0.wp.com\/www.blogbbmontessori.com\/wp-content\/uploads\/2014\/04\/environnement-adapte%CC%811-e1398286340238.jpg?w=2592&amp;ssl=1 2592w, https:\/\/i0.wp.com\/www.blogbbmontessori.com\/wp-content\/uploads\/2014\/04\/environnement-adapte%CC%811-e1398286340238.jpg?resize=200%2C300&amp;ssl=1 200w, https:\/\/i0.wp.com\/www.blogbbmontessori.com\/wp-content\/uploads\/2014\/04\/environnement-adapte%CC%811-e1398286340238.jpg?resize=685%2C1024&amp;ssl=1 685w, https:\/\/i0.wp.com\/www.blogbbmontessori.com\/wp-content\/uploads\/2014\/04\/environnement-adapte%CC%811-e1398286340238.jpg?w=1250&amp;ssl=1 1250w, https:\/\/i0.wp.com\/www.blogbbmontessori.com\/wp-content\/uploads\/2014\/04\/environnement-adapte%CC%811-e1398286340238.jpg?w=1875&amp;ssl=1 1875w\" sizes=\"auto, (max-width: 258px) 100vw, 258px\" \/><\/a><\/p>\n<p>Ici, nous sommes dans un parc r\u00e9gional o\u00f9 on a pr\u00e9vu un marche-pied pour que les enfants puissent observer par-dessus la balustrade !<\/p>\n<p>Merci de penser aux enfants !<br \/>\nBelle journ\u00e9e \u00e0 vous<\/p>\n<p>&nbsp;<\/p>\n<p>&nbsp;<\/p>\n<p>&nbsp;<\/p>\n","protected":false},"excerpt":{"rendered":"<p>Une fois n&rsquo;est pas coutume, je voudrais vous parler de l&rsquo;environnement adapt\u00e9 par des non montessoriens. Souvent dans les formations que j&rsquo;anime, revient le fait que la p\u00e9dagogie de Maria Montessori, c&rsquo;est du bon sens. J&rsquo;ajoute d&rsquo;ailleurs qu&rsquo;en effet \u00ab\u00a0c&rsquo;est une p\u00e9dagogie sensorielle pleine de bons sens !\u00a0\u00bb Je vous mets quelque photos prises sur [&hellip;]<\/p>\n","protected":false},"author":2,"featured_media":0,"comment_status":"closed","ping_status":"open","sticky":false,"template":"","format":"standard","meta":{"jetpack_post_was_ever_published":false,"_jetpack_newsletter_access":"","_jetpack_dont_email_post_to_subs":false,"_jetpack_newsletter_tier_id":0,"_jetpack_memberships_contains_paywalled_content":false,"_jetpack_memberships_contains_paid_content":false,"footnotes":"","jetpack_publicize_message":"","jetpack_publicize_feature_enabled":true,"jetpack_social_post_already_shared":true,"jetpack_social_options":{"image_generator_settings":{"template":"highway","default_image_id":0,"font":"","enabled":false},"version":2}},"categories":[252,254,255,256,257,39,1],"tags":[741],"class_list":["post-9756","post","type-post","status-publish","format-standard","hentry","category-0-6-mois","category-06-12-mois","category-12-18-mois","category-18-24-mois","category-24-36-mois","category-environnement","category-quotidien","tag-environnement"],"jetpack_publicize_connections":[],"jetpack_featured_media_url":"","jetpack_sharing_enabled":true,"jetpack_shortlink":"https:\/\/wp.me\/pm9U2-2xm","_links":{"self":[{"href":"https:\/\/www.blogbbmontessori.com\/index.php?rest_route=\/wp\/v2\/posts\/9756","targetHints":{"allow":["GET"]}}],"collection":[{"href":"https:\/\/www.blogbbmontessori.com\/index.php?rest_route=\/wp\/v2\/posts"}],"about":[{"href":"https:\/\/www.blogbbmontessori.com\/index.php?rest_route=\/wp\/v2\/types\/post"}],"author":[{"embeddable":true,"href":"https:\/\/www.blogbbmontessori.com\/index.php?rest_route=\/wp\/v2\/users\/2"}],"replies":[{"embeddable":true,"href":"https:\/\/www.blogbbmontessori.com\/index.php?rest_route=%2Fwp%2Fv2%2Fcomments&post=9756"}],"version-history":[{"count":2,"href":"https:\/\/www.blogbbmontessori.com\/index.php?rest_route=\/wp\/v2\/posts\/9756\/revisions"}],"predecessor-version":[{"id":9761,"href":"https:\/\/www.blogbbmontessori.com\/index.php?rest_route=\/wp\/v2\/posts\/9756\/revisions\/9761"}],"wp:attachment":[{"href":"https:\/\/www.blogbbmontessori.com\/index.php?rest_route=%2Fwp%2Fv2%2Fmedia&parent=9756"}],"wp:term":[{"taxonomy":"category","embeddable":true,"href":"https:\/\/www.blogbbmontessori.com\/index.php?rest_route=%2Fwp%2Fv2%2Fcategories&post=9756"},{"taxonomy":"post_tag","embeddable":true,"href":"https:\/\/www.blogbbmontessori.com\/index.php?rest_route=%2Fwp%2Fv2%2Ftags&post=9756"}],"curies":[{"name":"wp","href":"https:\/\/api.w.org\/{rel}","templated":true}]}}