{"id":9729,"date":"2014-04-16T22:47:44","date_gmt":"2014-04-16T20:47:44","guid":{"rendered":"http:\/\/www.blogbbmontessori.com\/?p=9729"},"modified":"2014-04-16T22:47:44","modified_gmt":"2014-04-16T20:47:44","slug":"les-livres-pour-bebes","status":"publish","type":"post","link":"https:\/\/www.blogbbmontessori.com\/?p=9729","title":{"rendered":"Les livres pour b\u00e9b\u00e9s"},"content":{"rendered":"<p>J&rsquo;ai ajout\u00e9 un chapitre r\u00e9cemment sur la plateforme de <a href=\"http:\/\/formations.montessori.fr\/wordpress\/?page_id=655\">formation \u00e0 distance \u00e0 la p\u00e9dagogie Montessori <\/a>pour les 0-3 ans. J&rsquo;ai aussi propos\u00e9 aux stagiaires de partager des livres \u00ab\u00a0conformes\u00a0\u00bb aux valeurs de la p\u00e9dagogie. Je vous en propose un panel ce soir sur le th\u00e8me des \u00e9motions :<\/p>\n<p>L\u00e9o est malade<\/p>\n<p><a href=\"https:\/\/i0.wp.com\/www.blogbbmontessori.com\/wp-content\/uploads\/2014\/04\/le%CC%81o-est-malade.jpg?ssl=1\"><img data-recalc-dims=\"1\" loading=\"lazy\" decoding=\"async\" class=\"alignnone size-full wp-image-9732\" alt=\"le\u0301o est malade\" src=\"https:\/\/i0.wp.com\/www.blogbbmontessori.com\/wp-content\/uploads\/2014\/04\/le%CC%81o-est-malade.jpg?resize=225%2C225&#038;ssl=1\" width=\"225\" height=\"225\" srcset=\"https:\/\/i0.wp.com\/www.blogbbmontessori.com\/wp-content\/uploads\/2014\/04\/le%CC%81o-est-malade.jpg?w=225&amp;ssl=1 225w, https:\/\/i0.wp.com\/www.blogbbmontessori.com\/wp-content\/uploads\/2014\/04\/le%CC%81o-est-malade.jpg?resize=150%2C150&amp;ssl=1 150w\" sizes=\"auto, (max-width: 225px) 100vw, 225px\" \/><\/a><\/p>\n<p>Tr\u00e8s tr\u00e8s fort de Trish Cook et Helen Oxenburry<\/p>\n<p><a href=\"https:\/\/i0.wp.com\/www.blogbbmontessori.com\/wp-content\/uploads\/2014\/04\/tre%CC%80s-fort.jpg?ssl=1\"><img data-recalc-dims=\"1\" loading=\"lazy\" decoding=\"async\" class=\"alignnone size-full wp-image-9733\" alt=\"tre\u0300s fort\" src=\"https:\/\/i0.wp.com\/www.blogbbmontessori.com\/wp-content\/uploads\/2014\/04\/tre%CC%80s-fort.jpg?resize=203%2C248&#038;ssl=1\" width=\"203\" height=\"248\" \/><\/a><\/p>\n<p>A ce soir! De Jeanne Asbee<\/p>\n<p><a href=\"https:\/\/i0.wp.com\/www.blogbbmontessori.com\/wp-content\/uploads\/2014\/04\/a%CC%80-ce-soir.jpg?ssl=1\"><img data-recalc-dims=\"1\" loading=\"lazy\" decoding=\"async\" class=\"alignnone size-full wp-image-9735\" alt=\"a\u0300 ce soir\" src=\"https:\/\/i0.wp.com\/www.blogbbmontessori.com\/wp-content\/uploads\/2014\/04\/a%CC%80-ce-soir.jpg?resize=253%2C199&#038;ssl=1\" width=\"253\" height=\"199\" \/><\/a><\/p>\n<p>Sur les genoux de maman de Han Herbert et glo Coalson<\/p>\n<p><a href=\"https:\/\/i0.wp.com\/www.blogbbmontessori.com\/wp-content\/uploads\/2014\/04\/genoux.jpg?ssl=1\"><img data-recalc-dims=\"1\" loading=\"lazy\" decoding=\"async\" class=\"alignnone size-full wp-image-9736\" alt=\"genoux\" src=\"https:\/\/i0.wp.com\/www.blogbbmontessori.com\/wp-content\/uploads\/2014\/04\/genoux.jpg?resize=225%2C225&#038;ssl=1\" width=\"225\" height=\"225\" srcset=\"https:\/\/i0.wp.com\/www.blogbbmontessori.com\/wp-content\/uploads\/2014\/04\/genoux.jpg?w=225&amp;ssl=1 225w, https:\/\/i0.wp.com\/www.blogbbmontessori.com\/wp-content\/uploads\/2014\/04\/genoux.jpg?resize=150%2C150&amp;ssl=1 150w\" sizes=\"auto, (max-width: 225px) 100vw, 225px\" \/><\/a><\/p>\n<p>Ne bouge pas. de Hatsue Nakawaki et Saka Komako. Editions L\u2019Ecole des Loisirs<\/p>\n<p><a href=\"https:\/\/i0.wp.com\/www.blogbbmontessori.com\/wp-content\/uploads\/2014\/04\/bouge.jpg?ssl=1\"><img data-recalc-dims=\"1\" loading=\"lazy\" decoding=\"async\" class=\"alignnone size-full wp-image-9737\" alt=\"bouge\" src=\"https:\/\/i0.wp.com\/www.blogbbmontessori.com\/wp-content\/uploads\/2014\/04\/bouge.jpg?resize=200%2C252&#038;ssl=1\" width=\"200\" height=\"252\" \/><\/a><\/p>\n<p>&nbsp;<\/p>\n<p>&nbsp;<\/p>\n<p>&nbsp;<\/p>\n","protected":false},"excerpt":{"rendered":"<p>J&rsquo;ai ajout\u00e9 un chapitre r\u00e9cemment sur la plateforme de formation \u00e0 distance \u00e0 la p\u00e9dagogie Montessori pour les 0-3 ans. J&rsquo;ai aussi propos\u00e9 aux stagiaires de partager des livres \u00ab\u00a0conformes\u00a0\u00bb aux valeurs de la p\u00e9dagogie. Je vous en propose un panel ce soir sur le th\u00e8me des \u00e9motions : L\u00e9o est malade Tr\u00e8s tr\u00e8s fort [&hellip;]<\/p>\n","protected":false},"author":2,"featured_media":0,"comment_status":"closed","ping_status":"open","sticky":false,"template":"","format":"standard","meta":{"jetpack_post_was_ever_published":false,"_jetpack_newsletter_access":"","_jetpack_dont_email_post_to_subs":false,"_jetpack_newsletter_tier_id":0,"_jetpack_memberships_contains_paywalled_content":false,"_jetpack_memberships_contains_paid_content":false,"footnotes":"","jetpack_publicize_message":"","jetpack_publicize_feature_enabled":true,"jetpack_social_post_already_shared":true,"jetpack_social_options":{"image_generator_settings":{"template":"highway","default_image_id":0,"font":"","enabled":false},"version":2}},"categories":[252,254,255,256,257,71,32,26,35,34,1],"tags":[736,171,90,69,657,654,655,589,656],"class_list":["post-9729","post","type-post","status-publish","format-standard","hentry","category-0-6-mois","category-06-12-mois","category-12-18-mois","category-18-24-mois","category-24-36-mois","category-education-cosmique","category-emotions","category-langage","category-liens-sociaux","category-livres","category-quotidien","tag-emotions","tag-froid","tag-joie","tag-livre","tag-maladie","tag-maman","tag-papa","tag-peur","tag-solitude"],"jetpack_publicize_connections":[],"jetpack_featured_media_url":"","jetpack_sharing_enabled":true,"jetpack_shortlink":"https:\/\/wp.me\/pm9U2-2wV","_links":{"self":[{"href":"https:\/\/www.blogbbmontessori.com\/index.php?rest_route=\/wp\/v2\/posts\/9729","targetHints":{"allow":["GET"]}}],"collection":[{"href":"https:\/\/www.blogbbmontessori.com\/index.php?rest_route=\/wp\/v2\/posts"}],"about":[{"href":"https:\/\/www.blogbbmontessori.com\/index.php?rest_route=\/wp\/v2\/types\/post"}],"author":[{"embeddable":true,"href":"https:\/\/www.blogbbmontessori.com\/index.php?rest_route=\/wp\/v2\/users\/2"}],"replies":[{"embeddable":true,"href":"https:\/\/www.blogbbmontessori.com\/index.php?rest_route=%2Fwp%2Fv2%2Fcomments&post=9729"}],"version-history":[{"count":4,"href":"https:\/\/www.blogbbmontessori.com\/index.php?rest_route=\/wp\/v2\/posts\/9729\/revisions"}],"predecessor-version":[{"id":9738,"href":"https:\/\/www.blogbbmontessori.com\/index.php?rest_route=\/wp\/v2\/posts\/9729\/revisions\/9738"}],"wp:attachment":[{"href":"https:\/\/www.blogbbmontessori.com\/index.php?rest_route=%2Fwp%2Fv2%2Fmedia&parent=9729"}],"wp:term":[{"taxonomy":"category","embeddable":true,"href":"https:\/\/www.blogbbmontessori.com\/index.php?rest_route=%2Fwp%2Fv2%2Fcategories&post=9729"},{"taxonomy":"post_tag","embeddable":true,"href":"https:\/\/www.blogbbmontessori.com\/index.php?rest_route=%2Fwp%2Fv2%2Ftags&post=9729"}],"curies":[{"name":"wp","href":"https:\/\/api.w.org\/{rel}","templated":true}]}}