{"id":9642,"date":"2014-02-28T21:41:12","date_gmt":"2014-02-28T19:41:12","guid":{"rendered":"http:\/\/www.blogbbmontessori.com\/?p=9642"},"modified":"2014-02-28T21:41:12","modified_gmt":"2014-02-28T19:41:12","slug":"lecture","status":"publish","type":"post","link":"https:\/\/www.blogbbmontessori.com\/?p=9642","title":{"rendered":"Lecture"},"content":{"rendered":"<p>Ici du blog de mon amie Bernadette Moussy : <a href=\"http:\/\/www.silapedagogie.fr\/article-le-monde-secret-de-l-enfant-122613276.html\">http:\/\/www.silapedagogie.fr\/article-le-monde-secret-de-l-enfant-122613276.html<\/a><\/p>\n<p><span style=\"color: #0000ff;\">Je viens de lire et relire une tr\u00e8s beau et bon livre\u00a0: \u00ab\u00a0Le monde secret de l\u2019enfant\u00a0\u00bb<a name=\"_ftnref1\"><\/a><\/span><\/p>\n<p><span style=\"color: #0000ff;\"><a href=\"https:\/\/i0.wp.com\/www.blogbbmontessori.com\/wp-content\/uploads\/2014\/02\/le-monde-de-lenfance.jpg?ssl=1\"><span style=\"color: #0000ff;\"><img data-recalc-dims=\"1\" loading=\"lazy\" decoding=\"async\" class=\"alignnone size-full wp-image-9644\" alt=\"le-monde-de-lenfance\" src=\"https:\/\/i0.wp.com\/www.blogbbmontessori.com\/wp-content\/uploads\/2014\/02\/le-monde-de-lenfance.jpg?resize=600%2C320&#038;ssl=1\" width=\"600\" height=\"320\" srcset=\"https:\/\/i0.wp.com\/www.blogbbmontessori.com\/wp-content\/uploads\/2014\/02\/le-monde-de-lenfance.jpg?w=600&amp;ssl=1 600w, https:\/\/i0.wp.com\/www.blogbbmontessori.com\/wp-content\/uploads\/2014\/02\/le-monde-de-lenfance.jpg?resize=300%2C160&amp;ssl=1 300w\" sizes=\"auto, (max-width: 600px) 100vw, 600px\" \/><\/span><\/a><\/span><\/p>\n<p><span style=\"color: #0000ff;\">L\u2019auteure, Sevim Riedinger est psychoth\u00e9rapeute. Elle nous fait part de ses rencontres avec des enfants qui souffrent. Gr\u00e2ce \u00e0 l\u2019\u00e9coute de chacun, de leur expression originale plus ou moins adroite mais \u00e0 chaque fois significative, elle leur permet de dire leur besoin de sacr\u00e9.<\/span><\/p>\n<p><span style=\"color: #0000ff;\">\u00ab\u00a0<em>Tous cependant-et ma pratique sur le terrain me le confirme- ont besoin de se sentir reli\u00e9s, \u00e0 un moment ou \u00e0 un autre de leur vie d&rsquo;enfant, \u00e0 cette dimension transcendante, inh\u00e9rente \u00e0 la vie.\u00a0\u00bb (page 13)<\/em><\/span><\/p>\n<p><span style=\"color: #0000ff;\">Oui, les enfants, les tout petits et les plus \u00e2g\u00e9s ont un besoin vital de spiritualit\u00e9. Ils n\u2019ont pas trouv\u00e9 autour d\u2019eux la possibilit\u00e9 de rencontrer de quoi \u00eatre compris dans cette soif et ils manifestent leur souffrance.<\/span><\/p>\n<p><span style=\"color: #0000ff;\">Sevim Riedinger sait les \u00e9couter, donner sens \u00e0 leurs manifestations. Son ouvrage est un mod\u00e8le de l&rsquo;observation de l&rsquo;enfant. Elle les aide \u00e0 trouver leur propre chemin dans la r\u00e9alit\u00e9 de leur environnement familial.<\/span><\/p>\n<p><span style=\"color: #0000ff;\">N\u2019est ce pas l\u00e0 une des missions de l\u2019\u00e9ducation\u00a0?<\/span><\/p>\n<p><span style=\"color: #0000ff;\">Surtout elle parle des r\u00e9v\u00e9lations de nous-m\u00eames, \u00e0 la fois de nos zones d\u2019ombre et de lumi\u00e8re, que les enfants nous demandent \u00e0 faire. Ils nous bousculent tr\u00e8s souvent et nous avons tendance \u00e0 nous r\u00e9fugier derri\u00e8re des arguments divers, plus pr\u00eats \u00e0 nous d\u00e9fendre qu\u2019\u00e0 prendre en consid\u00e9ration l\u2019\u00e9veil qu\u2019ils provoquent. <em>\u00ab\u00a0Ils m&rsquo;ont invit\u00e9e \u00e0 entrouvrir ma porte, bloqu\u00e9e par trop de tationalit\u00e9 et de d\u00e9fenses\u00a0\u00bb<\/em> (page 13)<\/span><\/p>\n<p><span style=\"color: #0000ff;\">Un article, \u00a0ici, il y a quelque temps disait des choses semblables\u00a0: <a href=\"http:\/\/www.silapedagogie.fr\/article-notre-part-enfant-108948942.html\"><span style=\"color: #0000ff;\">\u00ab\u00a0Notre part d&rsquo;enfant\u00a0\u00bb<\/span><\/a><\/span><\/p>\n<p><span style=\"color: #0000ff;\"><em>\u00a0\u00ab\u00a0Combien de fois ai-je \u00e9t\u00e9 interpell\u00e9e par la lucidit\u00e9 d\u00e9sarmante de l&rsquo;enfant que j&rsquo;avais devant moi?\u00a0\u00bb<\/em>\u00a0 (page 105)<\/span><\/p>\n<p><span style=\"color: #0000ff;\">Ses r\u00e9f\u00e9rences sont soit philosophiques soit viennent des Grandes traditions qui nous rappellent par l\u2019interm\u00e9diaire des enfants que l\u2019universalit\u00e9 de l\u2019humanit\u00e9 n\u2019est pas un vain mot mais un moyen de se construire et de construire.<\/span><\/p>\n","protected":false},"excerpt":{"rendered":"<p>Ici du blog de mon amie Bernadette Moussy : http:\/\/www.silapedagogie.fr\/article-le-monde-secret-de-l-enfant-122613276.html Je viens de lire et relire une tr\u00e8s beau et bon livre\u00a0: \u00ab\u00a0Le monde secret de l\u2019enfant\u00a0\u00bb L\u2019auteure, Sevim Riedinger est psychoth\u00e9rapeute. Elle nous fait part de ses rencontres avec des enfants qui souffrent. Gr\u00e2ce \u00e0 l\u2019\u00e9coute de chacun, de leur expression originale plus ou [&hellip;]<\/p>\n","protected":false},"author":2,"featured_media":0,"comment_status":"closed","ping_status":"open","sticky":false,"template":"","format":"standard","meta":{"jetpack_post_was_ever_published":false,"_jetpack_newsletter_access":"","_jetpack_dont_email_post_to_subs":false,"_jetpack_newsletter_tier_id":0,"_jetpack_memberships_contains_paywalled_content":false,"_jetpack_memberships_contains_paid_content":false,"footnotes":"","jetpack_publicize_message":"","jetpack_publicize_feature_enabled":true,"jetpack_social_post_already_shared":true,"jetpack_social_options":{"image_generator_settings":{"template":"highway","default_image_id":0,"font":"","enabled":false},"version":2}},"categories":[71,32,54,1],"tags":[],"class_list":["post-9642","post","type-post","status-publish","format-standard","hentry","category-education-cosmique","category-emotions","category-periode-sensible","category-quotidien"],"jetpack_publicize_connections":[],"jetpack_featured_media_url":"","jetpack_sharing_enabled":true,"jetpack_shortlink":"https:\/\/wp.me\/sm9U2-lecture","_links":{"self":[{"href":"https:\/\/www.blogbbmontessori.com\/index.php?rest_route=\/wp\/v2\/posts\/9642","targetHints":{"allow":["GET"]}}],"collection":[{"href":"https:\/\/www.blogbbmontessori.com\/index.php?rest_route=\/wp\/v2\/posts"}],"about":[{"href":"https:\/\/www.blogbbmontessori.com\/index.php?rest_route=\/wp\/v2\/types\/post"}],"author":[{"embeddable":true,"href":"https:\/\/www.blogbbmontessori.com\/index.php?rest_route=\/wp\/v2\/users\/2"}],"replies":[{"embeddable":true,"href":"https:\/\/www.blogbbmontessori.com\/index.php?rest_route=%2Fwp%2Fv2%2Fcomments&post=9642"}],"version-history":[{"count":2,"href":"https:\/\/www.blogbbmontessori.com\/index.php?rest_route=\/wp\/v2\/posts\/9642\/revisions"}],"predecessor-version":[{"id":9645,"href":"https:\/\/www.blogbbmontessori.com\/index.php?rest_route=\/wp\/v2\/posts\/9642\/revisions\/9645"}],"wp:attachment":[{"href":"https:\/\/www.blogbbmontessori.com\/index.php?rest_route=%2Fwp%2Fv2%2Fmedia&parent=9642"}],"wp:term":[{"taxonomy":"category","embeddable":true,"href":"https:\/\/www.blogbbmontessori.com\/index.php?rest_route=%2Fwp%2Fv2%2Fcategories&post=9642"},{"taxonomy":"post_tag","embeddable":true,"href":"https:\/\/www.blogbbmontessori.com\/index.php?rest_route=%2Fwp%2Fv2%2Ftags&post=9642"}],"curies":[{"name":"wp","href":"https:\/\/api.w.org\/{rel}","templated":true}]}}