{"id":9630,"date":"2014-02-24T21:57:08","date_gmt":"2014-02-24T19:57:08","guid":{"rendered":"http:\/\/www.blogbbmontessori.com\/?p=9630"},"modified":"2014-02-24T21:57:08","modified_gmt":"2014-02-24T19:57:08","slug":"harmonies-entre-mere-et-bebe","status":"publish","type":"post","link":"https:\/\/www.blogbbmontessori.com\/?p=9630","title":{"rendered":"\u00ab\u00a0Harmonies entre m\u00e8re et b\u00e9b\u00e9\u00a0\u00bb"},"content":{"rendered":"<p>Je travaille en ce moment sur le th\u00e8me de l&rsquo;Histoire sur nos <a href=\"http:\/\/formations.montessori.fr\/wordpress\/\">formations Montessori \u00e0 distance<\/a>, pour le niveau 6-12 ans. Et plus pr\u00e9cis\u00e9ment, sur un th\u00e8me important selon moi puisqu&rsquo;il <strong>est\u00a0 vital \u00e0 l&rsquo;Homme\u00a0 :\u00a0 la conscience du Temps<\/strong>.<br \/>\nC&rsquo;est important de traiter cette notion car elle est difficile \u00e0 aborder pour les enfants souffrant de handicap.<\/p>\n<p><a href=\"https:\/\/i0.wp.com\/www.blogbbmontessori.com\/wp-content\/uploads\/2014\/02\/maman.png?ssl=1\"><img data-recalc-dims=\"1\" loading=\"lazy\" decoding=\"async\" class=\" wp-image-9633 aligncenter\" alt=\"maman\" src=\"https:\/\/i0.wp.com\/www.blogbbmontessori.com\/wp-content\/uploads\/2014\/02\/maman.png?resize=392%2C392&#038;ssl=1\" width=\"392\" height=\"392\" srcset=\"https:\/\/i0.wp.com\/www.blogbbmontessori.com\/wp-content\/uploads\/2014\/02\/maman.png?w=500&amp;ssl=1 500w, https:\/\/i0.wp.com\/www.blogbbmontessori.com\/wp-content\/uploads\/2014\/02\/maman.png?resize=150%2C150&amp;ssl=1 150w, https:\/\/i0.wp.com\/www.blogbbmontessori.com\/wp-content\/uploads\/2014\/02\/maman.png?resize=300%2C300&amp;ssl=1 300w\" sizes=\"auto, (max-width: 392px) 100vw, 392px\" \/><\/a><\/p>\n<p>Bref, je voudrais partager avec vous aujourd&rsquo;hui, un excellent travail d&rsquo;une personne, dont le titre est <em>\u00ab\u00a0Harmonies entre m\u00e8re et b\u00e9b\u00e9\u00a0\u00bb.<\/em><\/p>\n<p>Bonne lecture.<\/p>\n<p>\u00ab\u00a0H<a href=\"https:\/\/www.blogbbmontessori.com\/wp-content\/uploads\/2014\/02\/harmonie-me\u0300re-bb.pdf\">armonie me\u0300re et b\u00e9b\u00e9\u00a0\u00bb<\/a><\/p>\n<p>PS je me pose la question sur la possibilit\u00e9 d&rsquo;\u00e9crire \u00ab\u00a0p\u00e8re\u00a0\u00bb \u00e0 la place de \u00ab\u00a0m\u00e8re\u00a0\u00bb<\/p>\n","protected":false},"excerpt":{"rendered":"<p>Je travaille en ce moment sur le th\u00e8me de l&rsquo;Histoire sur nos formations Montessori \u00e0 distance, pour le niveau 6-12 ans. Et plus pr\u00e9cis\u00e9ment, sur un th\u00e8me important selon moi puisqu&rsquo;il est\u00a0 vital \u00e0 l&rsquo;Homme\u00a0 :\u00a0 la conscience du Temps. C&rsquo;est important de traiter cette notion car elle est difficile \u00e0 aborder pour les enfants [&hellip;]<\/p>\n","protected":false},"author":2,"featured_media":0,"comment_status":"closed","ping_status":"open","sticky":false,"template":"","format":"standard","meta":{"jetpack_post_was_ever_published":false,"_jetpack_newsletter_access":"","_jetpack_dont_email_post_to_subs":false,"_jetpack_newsletter_tier_id":0,"_jetpack_memberships_contains_paywalled_content":false,"_jetpack_memberships_contains_paid_content":false,"footnotes":"","jetpack_publicize_message":"","jetpack_publicize_feature_enabled":true,"jetpack_social_post_already_shared":true,"jetpack_social_options":{"image_generator_settings":{"template":"highway","default_image_id":0,"font":"","enabled":false},"version":2}},"categories":[252,71,32,39,26,35,54,1],"tags":[641,733,120],"class_list":["post-9630","post","type-post","status-publish","format-standard","hentry","category-0-6-mois","category-education-cosmique","category-emotions","category-environnement","category-langage","category-liens-sociaux","category-periode-sensible","category-quotidien","tag-harmonie","tag-langage","tag-musique"],"jetpack_publicize_connections":[],"jetpack_featured_media_url":"","jetpack_sharing_enabled":true,"jetpack_shortlink":"https:\/\/wp.me\/pm9U2-2vk","_links":{"self":[{"href":"https:\/\/www.blogbbmontessori.com\/index.php?rest_route=\/wp\/v2\/posts\/9630","targetHints":{"allow":["GET"]}}],"collection":[{"href":"https:\/\/www.blogbbmontessori.com\/index.php?rest_route=\/wp\/v2\/posts"}],"about":[{"href":"https:\/\/www.blogbbmontessori.com\/index.php?rest_route=\/wp\/v2\/types\/post"}],"author":[{"embeddable":true,"href":"https:\/\/www.blogbbmontessori.com\/index.php?rest_route=\/wp\/v2\/users\/2"}],"replies":[{"embeddable":true,"href":"https:\/\/www.blogbbmontessori.com\/index.php?rest_route=%2Fwp%2Fv2%2Fcomments&post=9630"}],"version-history":[{"count":8,"href":"https:\/\/www.blogbbmontessori.com\/index.php?rest_route=\/wp\/v2\/posts\/9630\/revisions"}],"predecessor-version":[{"id":9640,"href":"https:\/\/www.blogbbmontessori.com\/index.php?rest_route=\/wp\/v2\/posts\/9630\/revisions\/9640"}],"wp:attachment":[{"href":"https:\/\/www.blogbbmontessori.com\/index.php?rest_route=%2Fwp%2Fv2%2Fmedia&parent=9630"}],"wp:term":[{"taxonomy":"category","embeddable":true,"href":"https:\/\/www.blogbbmontessori.com\/index.php?rest_route=%2Fwp%2Fv2%2Fcategories&post=9630"},{"taxonomy":"post_tag","embeddable":true,"href":"https:\/\/www.blogbbmontessori.com\/index.php?rest_route=%2Fwp%2Fv2%2Ftags&post=9630"}],"curies":[{"name":"wp","href":"https:\/\/api.w.org\/{rel}","templated":true}]}}