{"id":9486,"date":"2013-12-09T17:56:22","date_gmt":"2013-12-09T15:56:22","guid":{"rendered":"http:\/\/www.blogbbmontessori.com\/?p=9486"},"modified":"2013-12-09T17:56:22","modified_gmt":"2013-12-09T15:56:22","slug":"une-maman-denfant-trisomique-sexprime","status":"publish","type":"post","link":"https:\/\/www.blogbbmontessori.com\/?p=9486","title":{"rendered":"Une maman d&rsquo;enfant trisomique s&rsquo;exprime"},"content":{"rendered":"<p>Nathan est n\u00e9 le 17 avril 2005. C&rsquo;\u00e9tait un dimanche, \u00e0 11H45.<br \/>\nL&rsquo;accouchement c&rsquo;est super bien pass\u00e9. Le travail avait commenc\u00e9 vers 9 heures&#8230; donc tr\u00e8s rapide pour un premier.<br \/>\nNous n&rsquo;avons pas su le diagnostic de la trisomie d\u00e9s la naissance. Moi,sa maman, j&rsquo;ai dout\u00e9e de la trisomie de mon fils lorsque l&rsquo;on m&rsquo;a sortie de la salle d&rsquo;accouchement pour m&#8217;emmener dans ma chambre. J&rsquo;avais mon nouveau-n\u00e9 dans les bras et en passant sous l&rsquo;\u00e9clairage du couloir, je l&rsquo;ai regard\u00e9 et l\u00e0, &#8230;. je l&rsquo;ai vu&#8230; trisomique&#8230;<br \/>\nCe ne pouvait pas \u00eatre possible : notre premier enfant, personne ne nous a rien dit. Pas nous, pas lui.. Je me suis donc referm\u00e9e sur moi jusqu&rsquo;\u00e0 ce que le p\u00e9diatre nous convoque le mardi soit 2 jours plus tard.<br \/>\nOn nous annonce: nous avons un doute de trisomie chez votre enfant !! Ses yeux (obliquit\u00e9 mongoloide des fentes palp\u00e9brales), clart\u00e9 nucale \u00e9paisse laissent a supposer que Nathan peut \u00eatre porteur de la trisomie 21.<br \/>\nLe monde s&rsquo;\u00e9croule, je suis si tremblante, si effondr\u00e9e&#8230; Comment est-ce possible, j&rsquo;ai 29 ans, les 3 \u00e9chographies, la prise de sang, nous sommes en 2005 tout de m\u00eame!!! Rien n&rsquo;a pu \u00eatre d\u00e9tect\u00e9!! J&rsquo;en veux au monde entier, \u00e0 la m\u00e9decine, \u00e0 lui, \u00e0 moi..<br \/>\nUn caryotype (\u00e9tude de la formule chromosomique contenue dans les cellues d&rsquo;un \u00eatre vivant) est donc r\u00e9alis\u00e9 et r\u00e9sultat dans 48 heures. 48 heures a attendre le\u00a0\u00bbverdict\u00a0\u00bb&#8230; c&rsquo;est inhumain. L&rsquo;espoir \u00ab\u00a0de la bonne nouvelle\u00a0\u00bb, le doute, la peur, l&rsquo;angoisse, la solitude m&rsquo;envahient. Je ne tiens plus, je pleure&#8230; je crie&#8230; je HURLE !!<br \/>\nJe ne comprends plus rien \u00e0 rien. Je suis perdu. J&rsquo;ai une telle rage en moi : j&rsquo;ai envie de tout \u00ab\u00a0p\u00eater\u00a0\u00bb!<br \/>\n54 heures apr\u00e8s, le p\u00e9diatre nous annonce que <b>notre fils Nathan est bien trisomique 21.<\/b><br \/>\nA partir de ce moment commence un grand travail d&rsquo;acceptation, de deuil de l&rsquo;enfant \u00ab\u00a0r\u00e9v\u00e9\u00a0\u00bb. J&rsquo;\u00e9tais tellement mal que j&rsquo;ai d\u00fb \u00eatre hospitalis\u00e9e. Cette grave d\u00e9pression a dur\u00e9e 2 ou 3 mois avant que je puisse enfin l&rsquo;accepter, aimer mon enfant. J&rsquo;ai \u00e9t\u00e9 intern\u00e9e en h\u00f4pital psychiatrique ( l&rsquo;horreur <img data-recalc-dims=\"1\" decoding=\"async\" title=\"http:\/\/www.blog.fr\/img\/smilies\/graybigeek.gif\" alt=\"graybigeek\" src=\"https:\/\/i0.wp.com\/www.blog.fr\/img\/smilies\/graybigeek.gif?w=625\" \/> ) et j&rsquo;ai finie dans une maison de repos pr\u00e8s de Royan qui m&rsquo;a vraiment sortie de l\u00e0. La sophrologie a \u00e9t\u00e9 un bon traitement. J&rsquo;ai \u00e9t\u00e9 tellement shoot\u00e9e avec tout ce qu&rsquo;ils m&rsquo;ont donn\u00e9. Il fallait que je me reconstruise, fasse le point devant les faits, la r\u00e9alit\u00e9. Avec du recul, je me demande comment j&rsquo;ai pu tomber comme cela, je n&rsquo;\u00e9tais plus moi-m\u00eame&#8230;Je me demande aussi comment j&rsquo;ai pu douter de mon amour pour lui tellement, au jour d&rsquo;aujourd&rsquo;hui, il nous comble de bonheur, d&rsquo;amour, de joie. SA diff\u00e9rence me rend fi\u00e8re: quand les gens se retournent dans la rue pour le regarder&#8230; oui, je suis fi\u00e8re de lui. Sa diff\u00e9rence me rend plus forte.<br \/>\nJe voudrais remercier mon Amour de J\u00e9r\u00f4me, le papa de Nathan qui a \u00e9t\u00e9 si&#8230; compr\u00e9hensible, si fort, si tendre, si courageux&#8230; Sans son soutien, je ne serai plus l\u00e0&#8230;<br \/>\nMerci mon Amour. Comme tu lui dis souvent : nous sommes fi\u00e8res d&rsquo;avoir un fils comme toi. Tu es beau, courageux&#8230;<br \/>\nMerci aussi \u00e0 ma famille, mes amis, mes coll\u00e8gues pour leur soutien.<br \/>\nLa r\u00e9alisation de ce blog a \u00e9t\u00e9 pour moi une th\u00e9rapie.<br \/>\nSi le coeur vous en dit, n&rsquo;h\u00e9sitez pas \u00e0 nous laisser un petit mot dans les commentaires. Je les lis tous \u00e0 Nathan. Merci.<\/p>\n<p><a href=\"http:\/\/blog.doctissimo.fr\/loulou1290\/2007\/11\/7\/\">http:\/\/blog.doctissimo.fr\/loulou1290\/2007\/11\/7\/<\/a><\/p>\n","protected":false},"excerpt":{"rendered":"<p>Nathan est n\u00e9 le 17 avril 2005. C&rsquo;\u00e9tait un dimanche, \u00e0 11H45. L&rsquo;accouchement c&rsquo;est super bien pass\u00e9. Le travail avait commenc\u00e9 vers 9 heures&#8230; donc tr\u00e8s rapide pour un premier. Nous n&rsquo;avons pas su le diagnostic de la trisomie d\u00e9s la naissance. Moi,sa maman, j&rsquo;ai dout\u00e9e de la trisomie de mon fils lorsque l&rsquo;on m&rsquo;a [&hellip;]<\/p>\n","protected":false},"author":2,"featured_media":0,"comment_status":"closed","ping_status":"open","sticky":false,"template":"","format":"standard","meta":{"jetpack_post_was_ever_published":false,"_jetpack_newsletter_access":"","_jetpack_dont_email_post_to_subs":false,"_jetpack_newsletter_tier_id":0,"_jetpack_memberships_contains_paywalled_content":false,"_jetpack_memberships_contains_paid_content":false,"footnotes":"","jetpack_publicize_message":"","jetpack_publicize_feature_enabled":true,"jetpack_social_post_already_shared":true,"jetpack_social_options":{"image_generator_settings":{"template":"highway","default_image_id":0,"font":"","enabled":false},"version":2}},"categories":[1],"tags":[620],"class_list":["post-9486","post","type-post","status-publish","format-standard","hentry","category-quotidien","tag-trisomie"],"jetpack_publicize_connections":[],"jetpack_featured_media_url":"","jetpack_sharing_enabled":true,"jetpack_shortlink":"https:\/\/wp.me\/pm9U2-2t0","_links":{"self":[{"href":"https:\/\/www.blogbbmontessori.com\/index.php?rest_route=\/wp\/v2\/posts\/9486","targetHints":{"allow":["GET"]}}],"collection":[{"href":"https:\/\/www.blogbbmontessori.com\/index.php?rest_route=\/wp\/v2\/posts"}],"about":[{"href":"https:\/\/www.blogbbmontessori.com\/index.php?rest_route=\/wp\/v2\/types\/post"}],"author":[{"embeddable":true,"href":"https:\/\/www.blogbbmontessori.com\/index.php?rest_route=\/wp\/v2\/users\/2"}],"replies":[{"embeddable":true,"href":"https:\/\/www.blogbbmontessori.com\/index.php?rest_route=%2Fwp%2Fv2%2Fcomments&post=9486"}],"version-history":[{"count":1,"href":"https:\/\/www.blogbbmontessori.com\/index.php?rest_route=\/wp\/v2\/posts\/9486\/revisions"}],"predecessor-version":[{"id":9487,"href":"https:\/\/www.blogbbmontessori.com\/index.php?rest_route=\/wp\/v2\/posts\/9486\/revisions\/9487"}],"wp:attachment":[{"href":"https:\/\/www.blogbbmontessori.com\/index.php?rest_route=%2Fwp%2Fv2%2Fmedia&parent=9486"}],"wp:term":[{"taxonomy":"category","embeddable":true,"href":"https:\/\/www.blogbbmontessori.com\/index.php?rest_route=%2Fwp%2Fv2%2Fcategories&post=9486"},{"taxonomy":"post_tag","embeddable":true,"href":"https:\/\/www.blogbbmontessori.com\/index.php?rest_route=%2Fwp%2Fv2%2Ftags&post=9486"}],"curies":[{"name":"wp","href":"https:\/\/api.w.org\/{rel}","templated":true}]}}