{"id":9437,"date":"2013-11-29T16:28:15","date_gmt":"2013-11-29T14:28:15","guid":{"rendered":"http:\/\/www.blogbbmontessori.com\/?p=9437"},"modified":"2013-11-29T16:28:15","modified_gmt":"2013-11-29T14:28:15","slug":"quel-est-le-secret-de-lhumanite-suite","status":"publish","type":"post","link":"https:\/\/www.blogbbmontessori.com\/?p=9437","title":{"rendered":"Quel est le secret de l&rsquo;humanit\u00e9 ? (suite)"},"content":{"rendered":"<p><a href=\"https:\/\/i0.wp.com\/www.blogbbmontessori.com\/wp-content\/uploads\/2013\/11\/fene%CC%82tre.jpg?ssl=1\"><img data-recalc-dims=\"1\" loading=\"lazy\" decoding=\"async\" class=\"size-medium wp-image-9438 aligncenter\" alt=\"fene\u0302tre\" src=\"https:\/\/i0.wp.com\/www.blogbbmontessori.com\/wp-content\/uploads\/2013\/11\/fene%CC%82tre.jpg?resize=476%2C317&#038;ssl=1\" width=\"476\" height=\"317\" srcset=\"https:\/\/i0.wp.com\/www.blogbbmontessori.com\/wp-content\/uploads\/2013\/11\/fene%CC%82tre.jpg?resize=300%2C200&amp;ssl=1 300w, https:\/\/i0.wp.com\/www.blogbbmontessori.com\/wp-content\/uploads\/2013\/11\/fene%CC%82tre.jpg?resize=1024%2C685&amp;ssl=1 1024w, https:\/\/i0.wp.com\/www.blogbbmontessori.com\/wp-content\/uploads\/2013\/11\/fene%CC%82tre.jpg?resize=624%2C417&amp;ssl=1 624w, https:\/\/i0.wp.com\/www.blogbbmontessori.com\/wp-content\/uploads\/2013\/11\/fene%CC%82tre.jpg?zoom=2&amp;resize=476%2C317&amp;ssl=1 952w, https:\/\/i0.wp.com\/www.blogbbmontessori.com\/wp-content\/uploads\/2013\/11\/fene%CC%82tre.jpg?zoom=3&amp;resize=476%2C317&amp;ssl=1 1428w\" sizes=\"auto, (max-width: 476px) 100vw, 476px\" \/><\/a>Voici une photo de classe Montessori, construite dans le respect du secret de l&rsquo;humanit\u00e9, tel que Maria le concevait.<\/p>\n<p>Voyez-vous pourquoi ?<\/p>\n<p>Nous seulement les <strong>meubles<\/strong> et objets sont \u00e0 la hauteur de l&rsquo;enfant mais la fen\u00eatre aussi. Il r\u00e8gne un <strong>ordre<\/strong> et une harmonie dans les couleurs, la d\u00e9coration et la lumi\u00e8re (j&rsquo;ai visit\u00e9 cette \u00e9cole alors que la nuit \u00e9tait d\u00e9j\u00e0 tomb\u00e9e).<\/p>\n<p>Tout ceci est la base de l&rsquo;<strong>ambiance<\/strong> propos\u00e9e \u00e0 l&rsquo;enfant : il doit se sentir \u00e0 l&rsquo;aise dans cet <strong>environnement<\/strong> afin de se concentrer. Maria Montessori a observ\u00e9 que l&rsquo;objet qui n&rsquo;est pas \u00e0 sa place g\u00eane grandement l&rsquo;enfant de deux ans. La savonnette en dehors de son porte-savon, d\u00e9clenchera le geste de la remise en ordre. L&rsquo;enfant construit un sens int\u00e9rieur gr\u00e2ce \u00e0 ce qu&rsquo;il trouve dans son environnement quotidien.<\/p>\n","protected":false},"excerpt":{"rendered":"<p>Voici une photo de classe Montessori, construite dans le respect du secret de l&rsquo;humanit\u00e9, tel que Maria le concevait. Voyez-vous pourquoi ? Nous seulement les meubles et objets sont \u00e0 la hauteur de l&rsquo;enfant mais la fen\u00eatre aussi. Il r\u00e8gne un ordre et une harmonie dans les couleurs, la d\u00e9coration et la lumi\u00e8re (j&rsquo;ai visit\u00e9 [&hellip;]<\/p>\n","protected":false},"author":2,"featured_media":0,"comment_status":"closed","ping_status":"open","sticky":false,"template":"","format":"standard","meta":{"jetpack_post_was_ever_published":false,"_jetpack_newsletter_access":"","_jetpack_dont_email_post_to_subs":false,"_jetpack_newsletter_tier_id":0,"_jetpack_memberships_contains_paywalled_content":false,"_jetpack_memberships_contains_paid_content":false,"footnotes":"","jetpack_publicize_message":"","jetpack_publicize_feature_enabled":true,"jetpack_social_post_already_shared":true,"jetpack_social_options":{"image_generator_settings":{"template":"highway","default_image_id":0,"font":"","enabled":false},"version":2}},"categories":[252,254,255,256,257,1],"tags":[161,431,447,731],"class_list":["post-9437","post","type-post","status-publish","format-standard","hentry","category-0-6-mois","category-06-12-mois","category-12-18-mois","category-18-24-mois","category-24-36-mois","category-quotidien","tag-ambiance","tag-fenetre","tag-meuble","tag-ordre"],"jetpack_publicize_connections":[],"jetpack_featured_media_url":"","jetpack_sharing_enabled":true,"jetpack_shortlink":"https:\/\/wp.me\/pm9U2-2sd","_links":{"self":[{"href":"https:\/\/www.blogbbmontessori.com\/index.php?rest_route=\/wp\/v2\/posts\/9437","targetHints":{"allow":["GET"]}}],"collection":[{"href":"https:\/\/www.blogbbmontessori.com\/index.php?rest_route=\/wp\/v2\/posts"}],"about":[{"href":"https:\/\/www.blogbbmontessori.com\/index.php?rest_route=\/wp\/v2\/types\/post"}],"author":[{"embeddable":true,"href":"https:\/\/www.blogbbmontessori.com\/index.php?rest_route=\/wp\/v2\/users\/2"}],"replies":[{"embeddable":true,"href":"https:\/\/www.blogbbmontessori.com\/index.php?rest_route=%2Fwp%2Fv2%2Fcomments&post=9437"}],"version-history":[{"count":6,"href":"https:\/\/www.blogbbmontessori.com\/index.php?rest_route=\/wp\/v2\/posts\/9437\/revisions"}],"predecessor-version":[{"id":9444,"href":"https:\/\/www.blogbbmontessori.com\/index.php?rest_route=\/wp\/v2\/posts\/9437\/revisions\/9444"}],"wp:attachment":[{"href":"https:\/\/www.blogbbmontessori.com\/index.php?rest_route=%2Fwp%2Fv2%2Fmedia&parent=9437"}],"wp:term":[{"taxonomy":"category","embeddable":true,"href":"https:\/\/www.blogbbmontessori.com\/index.php?rest_route=%2Fwp%2Fv2%2Fcategories&post=9437"},{"taxonomy":"post_tag","embeddable":true,"href":"https:\/\/www.blogbbmontessori.com\/index.php?rest_route=%2Fwp%2Fv2%2Ftags&post=9437"}],"curies":[{"name":"wp","href":"https:\/\/api.w.org\/{rel}","templated":true}]}}