{"id":9360,"date":"2013-11-07T04:38:50","date_gmt":"2013-11-07T02:38:50","guid":{"rendered":"http:\/\/www.blogbbmontessori.com\/?p=9360"},"modified":"2014-09-05T16:42:23","modified_gmt":"2014-09-05T14:42:23","slug":"mouvements-libres-et-libres-mouvements","status":"publish","type":"post","link":"https:\/\/www.blogbbmontessori.com\/?p=9360","title":{"rendered":"Mouvements libres et Libres mouvements"},"content":{"rendered":"<p>Un point essentiel dans l&rsquo;accompagnement respectueux de l&rsquo;enfant, sur lequel Maria Montessori et Emmi Pikler \u00e9taient sensibles et en accord, concerne celui du <strong>mouvement<\/strong>.<\/p>\n<p>Maria parlait de <em>mouvements libres<\/em>, Emmi parlait de <em>libres mouvements<\/em>. Dans la langue fran\u00e7aise la position de l&rsquo;adjectif, dans certains cas, est variable suivant l&#8217;emphase que l&rsquo;on souhaite mettre aux mots. Nous pouvons placer l&rsquo;adjectif avant ou apr\u00e8s le nom qu&rsquo;il qualifie.<\/p>\n<p>En dehors de ce point grammatical, je sais combien le mouvement, est l&rsquo;\u00e9l\u00e9ment caract\u00e9ristique de l&rsquo;animal est de l&rsquo;homme.<\/p>\n<p>Comment allons-nous pr\u00e9parer l&rsquo;environnement et l&rsquo;ambiance (voir dans le livre <a href=\"http:\/\/blog.montessori.fr\/?page_id=1992\"><span style=\"color: #888888;\">\u00ab\u00a0Montessori pour les b\u00e9b\u00e9s\u00a0\u00bb<\/span> <\/a>la diff\u00e9rence entre ces 2 termes.) ? Et les faire \u00e9voluer ?<br \/>\nComment allons-nous accompagner le b\u00e9b\u00e9 au quotidien ?<br \/>\nQuel impact, cela a-t-il sur le b\u00e9b\u00e9 ? Sur l&rsquo;enfant plus \u00e2g\u00e9 ?<\/p>\n<p>&nbsp;<\/p>\n<p>Je laisse le soin \u00e0 chacun de se poser et de r\u00e9pondre \u00e0 ces questions. Car au-del\u00e0 de l&rsquo;apparence, ne s&rsquo;agit-il pas d&rsquo;une question de fond sur la libert\u00e9 dans l&rsquo;Education ?<\/p>\n","protected":false},"excerpt":{"rendered":"<p>Un point essentiel dans l&rsquo;accompagnement respectueux de l&rsquo;enfant, sur lequel Maria Montessori et Emmi Pikler \u00e9taient sensibles et en accord, concerne celui du mouvement. Maria parlait de mouvements libres, Emmi parlait de libres mouvements. Dans la langue fran\u00e7aise la position de l&rsquo;adjectif, dans certains cas, est variable suivant l&#8217;emphase que l&rsquo;on souhaite mettre aux mots. [&hellip;]<\/p>\n","protected":false},"author":2,"featured_media":0,"comment_status":"closed","ping_status":"open","sticky":false,"template":"","format":"standard","meta":{"jetpack_post_was_ever_published":false,"_jetpack_newsletter_access":"","_jetpack_dont_email_post_to_subs":false,"_jetpack_newsletter_tier_id":0,"_jetpack_memberships_contains_paywalled_content":false,"_jetpack_memberships_contains_paid_content":false,"footnotes":"","jetpack_publicize_message":"","jetpack_publicize_feature_enabled":true,"jetpack_social_post_already_shared":true,"jetpack_social_options":{"image_generator_settings":{"template":"highway","default_image_id":0,"font":"","enabled":false},"version":2}},"categories":[252,254,255,256,257,22,71,32,39,33,20,1,27,28],"tags":[606,504],"class_list":["post-9360","post","type-post","status-publish","format-standard","hentry","category-0-6-mois","category-06-12-mois","category-12-18-mois","category-18-24-mois","category-24-36-mois","category-developpement-moteur","category-education-cosmique","category-emotions","category-environnement","category-materiels-pedagogiques","category-ordre","category-quotidien","category-vie-pratique","category-vie-sensorielle","tag-liberte","tag-mouvements"],"jetpack_publicize_connections":[],"jetpack_featured_media_url":"","jetpack_sharing_enabled":true,"jetpack_shortlink":"https:\/\/wp.me\/pm9U2-2qY","_links":{"self":[{"href":"https:\/\/www.blogbbmontessori.com\/index.php?rest_route=\/wp\/v2\/posts\/9360","targetHints":{"allow":["GET"]}}],"collection":[{"href":"https:\/\/www.blogbbmontessori.com\/index.php?rest_route=\/wp\/v2\/posts"}],"about":[{"href":"https:\/\/www.blogbbmontessori.com\/index.php?rest_route=\/wp\/v2\/types\/post"}],"author":[{"embeddable":true,"href":"https:\/\/www.blogbbmontessori.com\/index.php?rest_route=\/wp\/v2\/users\/2"}],"replies":[{"embeddable":true,"href":"https:\/\/www.blogbbmontessori.com\/index.php?rest_route=%2Fwp%2Fv2%2Fcomments&post=9360"}],"version-history":[{"count":5,"href":"https:\/\/www.blogbbmontessori.com\/index.php?rest_route=\/wp\/v2\/posts\/9360\/revisions"}],"predecessor-version":[{"id":9984,"href":"https:\/\/www.blogbbmontessori.com\/index.php?rest_route=\/wp\/v2\/posts\/9360\/revisions\/9984"}],"wp:attachment":[{"href":"https:\/\/www.blogbbmontessori.com\/index.php?rest_route=%2Fwp%2Fv2%2Fmedia&parent=9360"}],"wp:term":[{"taxonomy":"category","embeddable":true,"href":"https:\/\/www.blogbbmontessori.com\/index.php?rest_route=%2Fwp%2Fv2%2Fcategories&post=9360"},{"taxonomy":"post_tag","embeddable":true,"href":"https:\/\/www.blogbbmontessori.com\/index.php?rest_route=%2Fwp%2Fv2%2Ftags&post=9360"}],"curies":[{"name":"wp","href":"https:\/\/api.w.org\/{rel}","templated":true}]}}