{"id":9290,"date":"2013-10-06T20:33:11","date_gmt":"2013-10-06T18:33:11","guid":{"rendered":"http:\/\/www.blogbbmontessori.com\/?p=9290"},"modified":"2013-10-06T20:37:23","modified_gmt":"2013-10-06T18:37:23","slug":"lautonomie-vers-la-proprete","status":"publish","type":"post","link":"https:\/\/www.blogbbmontessori.com\/?p=9290","title":{"rendered":"L&rsquo;autonomie vers la propret\u00e9"},"content":{"rendered":"<p><a href=\"https:\/\/i0.wp.com\/www.blogbbmontessori.com\/wp-content\/uploads\/2013\/10\/espace-soins.jpg?ssl=1\"><img data-recalc-dims=\"1\" loading=\"lazy\" decoding=\"async\" class=\"size-medium wp-image-9291 aligncenter\" alt=\"table \u00e0 langer\" src=\"https:\/\/i0.wp.com\/www.blogbbmontessori.com\/wp-content\/uploads\/2013\/10\/espace-soins.jpg?resize=395%2C526&#038;ssl=1\" width=\"395\" height=\"526\" srcset=\"https:\/\/i0.wp.com\/www.blogbbmontessori.com\/wp-content\/uploads\/2013\/10\/espace-soins.jpg?resize=225%2C300&amp;ssl=1 225w, https:\/\/i0.wp.com\/www.blogbbmontessori.com\/wp-content\/uploads\/2013\/10\/espace-soins.jpg?w=375&amp;ssl=1 375w\" sizes=\"auto, (max-width: 395px) 100vw, 395px\" \/><\/a><\/p>\n<p>On pourrait reconsid\u00e9rer \u00ab\u00a0la table \u00e0 langer\u00a0\u00bb, le \u00ab\u00a0coin change\u00a0\u00bb ou le \u00ab\u00a0coin propret\u00e9\u00a0\u00bb comme un espace \u00e0 part enti\u00e8re.<\/p>\n<p>En prenant en compte le d\u00e9veloppement psycho-sensori-moteur de l&rsquo;enfant, et les principes de Mesdames Montessori et Pikler, nous pouvons imaginer un espace dans lequel l&rsquo;enfant aurait une part <strong>active<\/strong> dans les soins de sa personne.<\/p>\n<p>Si nous pronons l&rsquo;<strong>autonomie<\/strong>, il faut entourer l&rsquo;enfant d&rsquo;\u00e9l\u00e9ments lui permettent de comprendre ce qui se passe dans son corps. Peu \u00e0 peu, il verra et donc comprendra que quelque chose sort de son corps et quelles en sont les incidences. En lui mettant \u00e0 disposition du mat\u00e9riel propice \u00e0 l&rsquo;aider dans l&rsquo;acc\u00e8s \u00e0 la propret\u00e9, selon nos conventions culturelles, nous l&rsquo;aidons \u00e0 <strong>prendre soin de lui-m\u00eame<\/strong>.<\/p>\n<p>Avant la marche, le b\u00e9b\u00e9 est allong\u00e9 pour que quelqu&rsquo;un lui parle de ce qui va se passer, de ce qui se passe. Chaque geste est anticip\u00e9 par la parole et contr\u00f4l\u00e9 dans la lenteur et la douceur. C&rsquo;est un soin. Imaginons-nous \u00e0 la place du b\u00e9b\u00e9 ! Que souhaiterions-nous comme \u00e9changes de mots, de gestes de la part de l&rsquo;autre ?<\/p>\n<p>D\u00e8s que l&rsquo;enfant marche, on le met en petite tenue (pour la retirer et la laver plus rapidement en cas de besoin), sans couche, afin qu&rsquo;il puisse exp\u00e9rimenter les <strong>sensations<\/strong> d&rsquo;uriner et de d\u00e9f\u00e9quer. En quelques semaines, surtout s&rsquo;il est dans une structure multi-\u00e2ges, l&rsquo;enfant devrait comprendre ce qui lui arrive et pouvoir apprendre \u00e0 utiliser le pot, les lingettes pour s&rsquo;essuyer et l&rsquo;eau pour se nettoyer !<\/p>\n","protected":false},"excerpt":{"rendered":"<p>On pourrait reconsid\u00e9rer \u00ab\u00a0la table \u00e0 langer\u00a0\u00bb, le \u00ab\u00a0coin change\u00a0\u00bb ou le \u00ab\u00a0coin propret\u00e9\u00a0\u00bb comme un espace \u00e0 part enti\u00e8re. En prenant en compte le d\u00e9veloppement psycho-sensori-moteur de l&rsquo;enfant, et les principes de Mesdames Montessori et Pikler, nous pouvons imaginer un espace dans lequel l&rsquo;enfant aurait une part active dans les soins de sa personne. [&hellip;]<\/p>\n","protected":false},"author":2,"featured_media":0,"comment_status":"closed","ping_status":"open","sticky":false,"template":"","format":"standard","meta":{"jetpack_post_was_ever_published":false,"_jetpack_newsletter_access":"","_jetpack_dont_email_post_to_subs":false,"_jetpack_newsletter_tier_id":0,"_jetpack_memberships_contains_paywalled_content":false,"_jetpack_memberships_contains_paid_content":false,"footnotes":"","jetpack_publicize_message":"","jetpack_publicize_feature_enabled":true,"jetpack_social_post_already_shared":true,"jetpack_social_options":{"image_generator_settings":{"template":"highway","default_image_id":0,"font":"","enabled":false},"version":2}},"categories":[255,16,1],"tags":[218,593,730],"class_list":["post-9290","post","type-post","status-publish","format-standard","hentry","category-12-18-mois","category-proprete","category-quotidien","tag-autonomie","tag-feces","tag-proprete"],"jetpack_publicize_connections":[],"jetpack_featured_media_url":"","jetpack_sharing_enabled":true,"jetpack_shortlink":"https:\/\/wp.me\/pm9U2-2pQ","_links":{"self":[{"href":"https:\/\/www.blogbbmontessori.com\/index.php?rest_route=\/wp\/v2\/posts\/9290","targetHints":{"allow":["GET"]}}],"collection":[{"href":"https:\/\/www.blogbbmontessori.com\/index.php?rest_route=\/wp\/v2\/posts"}],"about":[{"href":"https:\/\/www.blogbbmontessori.com\/index.php?rest_route=\/wp\/v2\/types\/post"}],"author":[{"embeddable":true,"href":"https:\/\/www.blogbbmontessori.com\/index.php?rest_route=\/wp\/v2\/users\/2"}],"replies":[{"embeddable":true,"href":"https:\/\/www.blogbbmontessori.com\/index.php?rest_route=%2Fwp%2Fv2%2Fcomments&post=9290"}],"version-history":[{"count":9,"href":"https:\/\/www.blogbbmontessori.com\/index.php?rest_route=\/wp\/v2\/posts\/9290\/revisions"}],"predecessor-version":[{"id":9300,"href":"https:\/\/www.blogbbmontessori.com\/index.php?rest_route=\/wp\/v2\/posts\/9290\/revisions\/9300"}],"wp:attachment":[{"href":"https:\/\/www.blogbbmontessori.com\/index.php?rest_route=%2Fwp%2Fv2%2Fmedia&parent=9290"}],"wp:term":[{"taxonomy":"category","embeddable":true,"href":"https:\/\/www.blogbbmontessori.com\/index.php?rest_route=%2Fwp%2Fv2%2Fcategories&post=9290"},{"taxonomy":"post_tag","embeddable":true,"href":"https:\/\/www.blogbbmontessori.com\/index.php?rest_route=%2Fwp%2Fv2%2Ftags&post=9290"}],"curies":[{"name":"wp","href":"https:\/\/api.w.org\/{rel}","templated":true}]}}