{"id":9221,"date":"2013-09-15T09:39:45","date_gmt":"2013-09-15T07:39:45","guid":{"rendered":"http:\/\/www.blogbbmontessori.com\/?p=9221"},"modified":"2013-09-15T15:05:20","modified_gmt":"2013-09-15T13:05:20","slug":"notre-nouveau-livre-montessori-pour-les-bebes-disponible","status":"publish","type":"post","link":"https:\/\/www.blogbbmontessori.com\/?p=9221","title":{"rendered":"Notre nouveau livre \u00ab\u00a0Montessori pour les b\u00e9b\u00e9s\u00a0\u00bb disponible !"},"content":{"rendered":"<p>Apr\u00e8s des mois de gestation, les heureux parents Alain et Murielle LEFEBVRE sont heureux de vous annoncer leur dernier n\u00e9 : \u00ab\u00a0Montessori pour les b\u00e9b\u00e9s\u00a0\u00bb.<br \/>\nIl a 196 pages et est tr\u00e8s largement illustr\u00e9 : de nombreuses photos et une dizaine d&rsquo;illustrations exclusives.<\/p>\n<div id=\"attachment_1965\" style=\"width: 610px\" class=\"wp-caption alignnone\"><a href=\"https:\/\/i0.wp.com\/blog.montessori.fr\/wp-content\/uploads\/2013\/09\/Montessori-bb.png\"><img data-recalc-dims=\"1\" loading=\"lazy\" decoding=\"async\" aria-describedby=\"caption-attachment-1965\" class=\"size-full wp-image-1965 \" style=\"border: 1px solid black;\" alt=\"Montessori pour les b\u00e9b\u00e9s - Murielle Lefebvre\" src=\"https:\/\/i0.wp.com\/blog.montessori.fr\/wp-content\/uploads\/2013\/09\/Montessori-bb.png?resize=600%2C417\" width=\"600\" height=\"417\" \/><\/a><p id=\"caption-attachment-1965\" class=\"wp-caption-text\">Montessori pour les b\u00e9b\u00e9s &#8211; Murielle Lefebvre<\/p><\/div>\n<p>La version papier sera disponible sur les sites d&rsquo;Amazon dans quelques jours. En attendant, voil\u00e0 d\u00e9j\u00e0 les versions num\u00e9riques&#8230;<\/p>\n<p>Voici la version pour Kindle sur la <a href=\"https:\/\/www.amazon.fr\/dp\/B00F6T90TM\">\u00ab\u00a0Kindle Store\u00a0\u00bb d&rsquo;Amazon.fr<\/a> (et il est \u00e9galement disponible sur les tous autres sites d&rsquo;Amazon bien s\u00fbr !) :<\/p>\n<p><a href=\"https:\/\/www.amazon.fr\/dp\/B00F6T90TM\"><img data-recalc-dims=\"1\" loading=\"lazy\" decoding=\"async\" class=\"alignnone size-full wp-image-1971\" style=\"border: 1px solid black;\" alt=\"amazon-bb\" src=\"https:\/\/i0.wp.com\/blog.montessori.fr\/wp-content\/uploads\/2013\/09\/amazon-bb.png?resize=600%2C293\" width=\"600\" height=\"293\" \/><\/a><\/p>\n<p>Voici le livre sur <a href=\"https:\/\/itunes.apple.com\/fr\/book\/id705972687\">iTunes<\/a>\u00a0(pour iPad) :<\/p>\n<p><a href=\"https:\/\/itunes.apple.com\/fr\/book\/id705972687\"><img data-recalc-dims=\"1\" loading=\"lazy\" decoding=\"async\" class=\"alignnone size-full wp-image-1966\" style=\"border: 1px solid black;\" alt=\"itunes-bb\" src=\"https:\/\/i0.wp.com\/blog.montessori.fr\/wp-content\/uploads\/2013\/09\/itunes-bb.png?resize=600%2C332\" width=\"600\" height=\"332\" \/><\/a><\/p>\n<p>Le livre sur <a href=\"http:\/\/www.kobobooks.com\/ebook\/a\/book-hbsQVz6FikGGk51_nVxl0A\/page1.html\">Kobo<\/a>\u00a0(en version ePub) :<\/p>\n<p><a href=\"http:\/\/www.kobobooks.com\/ebook\/a\/book-hbsQVz6FikGGk51_nVxl0A\/page1.html\"><img data-recalc-dims=\"1\" loading=\"lazy\" decoding=\"async\" class=\"alignnone size-full wp-image-1967\" style=\"border: 1px solid black;\" alt=\"kobo-bb\" src=\"https:\/\/i0.wp.com\/blog.montessori.fr\/wp-content\/uploads\/2013\/09\/kobo-bb.png?resize=600%2C363\" width=\"600\" height=\"363\" \/><\/a><\/p>\n<p>Voici le sommaire du livre :<\/p>\n<blockquote><p><b>Tables des mati\u00e8res<\/b><\/p>\n<p>Avant-propos<\/p>\n<p>Pr\u00e9face de Bernadette Moussy<\/p>\n<p>1\u00e8re partie : les fondamentaux p\u00e9dagogiques<\/p>\n<p>1.1 La psychologie de l&rsquo;enfant<\/p>\n<p>1.2 Les \u00e9motions<\/p>\n<p>1.3 L&rsquo;observation<\/p>\n<p>1.4 Qu&rsquo;est-ce qu&rsquo;un Nido ?<\/p>\n<p>1.5 L&rsquo;amour et la paix<\/p>\n<p>2\u00e8me partie : le b\u00e9b\u00e9, \u00e9tape apr\u00e8s \u00e9tape<\/p>\n<p>2.1 De z\u00e9ro \u00e0 six mois<\/p>\n<p>2.1.1 L&rsquo;espace d&rsquo;\u00e9veil du b\u00e9b\u00e9<\/p>\n<p>2.2.2 Les \u00e9motions<\/p>\n<p>2.2 De six \u00e0 douze mois<\/p>\n<p>2.2.1 L&rsquo;espace d&rsquo;\u00e9veil<\/p>\n<p>2.2.2 Le mat\u00e9riel de d\u00e9veloppement et de la coordination main\/oeil<\/p>\n<p>2.2.3 Le langage<\/p>\n<p>2.3 Entre un et deux ans<\/p>\n<p>2.3.1 Le d\u00e9veloppement physiologique<\/p>\n<p>2.3.2 Le mat\u00e9riel d&rsquo;\u00e9veil<\/p>\n<p>2.3.3 L&rsquo;\u00e9veil social<\/p>\n<p>2.3.4 Le langage<\/p>\n<p>2.3.5 Les \u00e9motions<\/p>\n<p>2.4 Entre deux et trois ans<\/p>\n<p>2.4.1 L&rsquo;am\u00e9nagement de la maison<\/p>\n<p>2.4.2 L&rsquo;am\u00e9nagement ext\u00e9rieur<\/p>\n<p>2.4.3 L&rsquo;\u00e9veil<\/p>\n<p>2.4.4 Les soins de sa personne<\/p>\n<p>2.4.5 Les soins de l&rsquo;environnement<\/p>\n<p>2.4.6 Le d\u00e9veloppement moteur<\/p>\n<p>2.4.7 La vie sensorielle<\/p>\n<p>2.4.8 Le langage<\/p>\n<p>3\u00e8me partie : Les apports compl\u00e9mentaires de Emmi PIKLER \u00e0 la p\u00e9dagogie Montessori<\/p>\n<p>Conclusion<\/p>\n<p>Bibliographie<\/p><\/blockquote>\n","protected":false},"excerpt":{"rendered":"<p>Apr\u00e8s des mois de gestation, les heureux parents Alain et Murielle LEFEBVRE sont heureux de vous annoncer leur dernier n\u00e9 : \u00ab\u00a0Montessori pour les b\u00e9b\u00e9s\u00a0\u00bb. Il a 196 pages et est tr\u00e8s largement illustr\u00e9 : de nombreuses photos et une dizaine d&rsquo;illustrations exclusives. La version papier sera disponible sur les sites d&rsquo;Amazon dans quelques jours. [&hellip;]<\/p>\n","protected":false},"author":3,"featured_media":0,"comment_status":"closed","ping_status":"open","sticky":false,"template":"","format":"standard","meta":{"jetpack_post_was_ever_published":false,"_jetpack_newsletter_access":"","_jetpack_dont_email_post_to_subs":false,"_jetpack_newsletter_tier_id":0,"_jetpack_memberships_contains_paywalled_content":false,"_jetpack_memberships_contains_paid_content":false,"footnotes":"","jetpack_publicize_message":"","jetpack_publicize_feature_enabled":true,"jetpack_social_post_already_shared":true,"jetpack_social_options":{"image_generator_settings":{"template":"highway","default_image_id":0,"font":"","enabled":false},"version":2}},"categories":[34],"tags":[],"class_list":["post-9221","post","type-post","status-publish","format-standard","hentry","category-livres"],"jetpack_publicize_connections":[],"jetpack_featured_media_url":"","jetpack_sharing_enabled":true,"jetpack_shortlink":"https:\/\/wp.me\/pm9U2-2oJ","_links":{"self":[{"href":"https:\/\/www.blogbbmontessori.com\/index.php?rest_route=\/wp\/v2\/posts\/9221","targetHints":{"allow":["GET"]}}],"collection":[{"href":"https:\/\/www.blogbbmontessori.com\/index.php?rest_route=\/wp\/v2\/posts"}],"about":[{"href":"https:\/\/www.blogbbmontessori.com\/index.php?rest_route=\/wp\/v2\/types\/post"}],"author":[{"embeddable":true,"href":"https:\/\/www.blogbbmontessori.com\/index.php?rest_route=\/wp\/v2\/users\/3"}],"replies":[{"embeddable":true,"href":"https:\/\/www.blogbbmontessori.com\/index.php?rest_route=%2Fwp%2Fv2%2Fcomments&post=9221"}],"version-history":[{"count":2,"href":"https:\/\/www.blogbbmontessori.com\/index.php?rest_route=\/wp\/v2\/posts\/9221\/revisions"}],"predecessor-version":[{"id":9224,"href":"https:\/\/www.blogbbmontessori.com\/index.php?rest_route=\/wp\/v2\/posts\/9221\/revisions\/9224"}],"wp:attachment":[{"href":"https:\/\/www.blogbbmontessori.com\/index.php?rest_route=%2Fwp%2Fv2%2Fmedia&parent=9221"}],"wp:term":[{"taxonomy":"category","embeddable":true,"href":"https:\/\/www.blogbbmontessori.com\/index.php?rest_route=%2Fwp%2Fv2%2Fcategories&post=9221"},{"taxonomy":"post_tag","embeddable":true,"href":"https:\/\/www.blogbbmontessori.com\/index.php?rest_route=%2Fwp%2Fv2%2Ftags&post=9221"}],"curies":[{"name":"wp","href":"https:\/\/api.w.org\/{rel}","templated":true}]}}