{"id":9181,"date":"2013-09-06T04:38:31","date_gmt":"2013-09-06T02:38:31","guid":{"rendered":"http:\/\/www.blogbbmontessori.com\/?p=9181"},"modified":"2013-09-06T04:38:31","modified_gmt":"2013-09-06T02:38:31","slug":"bruits-beaucoup-de-bruits-pour-des-petites-oreilles","status":"publish","type":"post","link":"https:\/\/www.blogbbmontessori.com\/?p=9181","title":{"rendered":"Bruits, beaucoup de bruits pour des petites oreilles"},"content":{"rendered":"<p>Mardi dernier, jour de la rentr\u00e9e des classes, je me trouvais dans un petit village fran\u00e7ais, dans un jardin jouxtant une \u00e9cole maternelle. Le beau temps aidant, je travaillais dehors et j&rsquo;ai pu donc entendre (et non pas voir) ce qui se passe \u00e0 l&rsquo;\u00e9cole.<\/p>\n<p>Le matin se fut sp\u00e9cial : voitures, claquements de porti\u00e8res, des adultes qui parlent fort, des enfants qui crient, qui pleurent.<\/p>\n<p>A la r\u00e9cr\u00e9ation, bruits de cloches, d&rsquo;enfants qui pleurent et crient (encore !) et qui rient aussi (ouf !) et puis la maitresse d&rsquo;\u00e9cole qui donne des consignes. Une avalanche de consignes&#8230;Quelques menaces et puis plus rien.\u00a0Le bruit rentre dans les salles de classe.<\/p>\n<p style=\"text-align: center;\"><a href=\"https:\/\/i0.wp.com\/www.blogbbmontessori.com\/wp-content\/uploads\/2013\/09\/le-bruit-me-dC%CC%A7range.png?ssl=1\"><img data-recalc-dims=\"1\" loading=\"lazy\" decoding=\"async\" class=\"alignnone size-medium wp-image-9185\" alt=\"le bruit me d\u00e9range\" src=\"https:\/\/i0.wp.com\/www.blogbbmontessori.com\/wp-content\/uploads\/2013\/09\/le-bruit-me-dC%CC%A7range.png?resize=300%2C300&#038;ssl=1\" width=\"300\" height=\"300\" srcset=\"https:\/\/i0.wp.com\/www.blogbbmontessori.com\/wp-content\/uploads\/2013\/09\/le-bruit-me-dC%CC%A7range.png?resize=300%2C300&amp;ssl=1 300w, https:\/\/i0.wp.com\/www.blogbbmontessori.com\/wp-content\/uploads\/2013\/09\/le-bruit-me-dC%CC%A7range.png?resize=150%2C150&amp;ssl=1 150w, https:\/\/i0.wp.com\/www.blogbbmontessori.com\/wp-content\/uploads\/2013\/09\/le-bruit-me-dC%CC%A7range.png?w=500&amp;ssl=1 500w\" sizes=\"auto, (max-width: 300px) 100vw, 300px\" \/><\/a><\/p>\n<p><em>Depuis 1995, les nouvelles constructions scolaires doivent r\u00e9pondre \u00e0 des exigences acoustiques. Il n&rsquo;y en avait aucune auparavant. Ce sont donc toutes les \u00e9coles construites avant cette date qui peuvent avoir de graves d\u00e9fauts, en termes de r\u00e9verb\u00e9ration ou d&rsquo;isolation par rapport aux bruits ext\u00e9rieurs. En mai 2003, un nouvel arr\u00eat\u00e9 a fix\u00e9 des seuils de bruit \u00e0 ne pas d\u00e9passer pour les \u00e9coles maternelles. Cet arr\u00eat\u00e9, pris dans le cadre du plan national de lutte contre le bruit et du plan national sant\u00e9 environnement, a mis en marche la r\u00e9habilitation des \u00e9tablissements d&rsquo;avant 1995. Pour l&rsquo;appuyer, l&rsquo;\u00c9tat a ouvert une subvention pouvant aller jusqu&rsquo;\u00e0 50 % du co\u00fbt des travaux, mais peu de communes y ont eu recours, la proc\u00e9dure administrative \u00e9tant jug\u00e9e trop lourde et complexe. Le meilleur moyen pour les parents d&rsquo;\u00e9l\u00e8ves ou les personnels d&rsquo;obtenir la r\u00e9alisation de travaux reste donc la plainte aupr\u00e8s du maire. Aucun diagnostic \u00e0 grande \u00e9chelle n&rsquo;est envisag\u00e9.<\/em><\/p>\n<p>source : le figaro.fr<\/p>\n<p>&nbsp;<\/p>\n","protected":false},"excerpt":{"rendered":"<p>Mardi dernier, jour de la rentr\u00e9e des classes, je me trouvais dans un petit village fran\u00e7ais, dans un jardin jouxtant une \u00e9cole maternelle. Le beau temps aidant, je travaillais dehors et j&rsquo;ai pu donc entendre (et non pas voir) ce qui se passe \u00e0 l&rsquo;\u00e9cole. Le matin se fut sp\u00e9cial : voitures, claquements de porti\u00e8res, [&hellip;]<\/p>\n","protected":false},"author":2,"featured_media":0,"comment_status":"closed","ping_status":"open","sticky":false,"template":"","format":"standard","meta":{"jetpack_post_was_ever_published":false,"_jetpack_newsletter_access":"","_jetpack_dont_email_post_to_subs":false,"_jetpack_newsletter_tier_id":0,"_jetpack_memberships_contains_paywalled_content":false,"_jetpack_memberships_contains_paid_content":false,"footnotes":"","jetpack_publicize_message":"","jetpack_publicize_feature_enabled":true,"jetpack_social_post_already_shared":true,"jetpack_social_options":{"image_generator_settings":{"template":"highway","default_image_id":0,"font":"","enabled":false},"version":2}},"categories":[257,1],"tags":[109,313],"class_list":["post-9181","post","type-post","status-publish","format-standard","hentry","category-24-36-mois","category-quotidien","tag-bruits","tag-ecole"],"jetpack_publicize_connections":[],"jetpack_featured_media_url":"","jetpack_sharing_enabled":true,"jetpack_shortlink":"https:\/\/wp.me\/pm9U2-2o5","_links":{"self":[{"href":"https:\/\/www.blogbbmontessori.com\/index.php?rest_route=\/wp\/v2\/posts\/9181","targetHints":{"allow":["GET"]}}],"collection":[{"href":"https:\/\/www.blogbbmontessori.com\/index.php?rest_route=\/wp\/v2\/posts"}],"about":[{"href":"https:\/\/www.blogbbmontessori.com\/index.php?rest_route=\/wp\/v2\/types\/post"}],"author":[{"embeddable":true,"href":"https:\/\/www.blogbbmontessori.com\/index.php?rest_route=\/wp\/v2\/users\/2"}],"replies":[{"embeddable":true,"href":"https:\/\/www.blogbbmontessori.com\/index.php?rest_route=%2Fwp%2Fv2%2Fcomments&post=9181"}],"version-history":[{"count":4,"href":"https:\/\/www.blogbbmontessori.com\/index.php?rest_route=\/wp\/v2\/posts\/9181\/revisions"}],"predecessor-version":[{"id":9186,"href":"https:\/\/www.blogbbmontessori.com\/index.php?rest_route=\/wp\/v2\/posts\/9181\/revisions\/9186"}],"wp:attachment":[{"href":"https:\/\/www.blogbbmontessori.com\/index.php?rest_route=%2Fwp%2Fv2%2Fmedia&parent=9181"}],"wp:term":[{"taxonomy":"category","embeddable":true,"href":"https:\/\/www.blogbbmontessori.com\/index.php?rest_route=%2Fwp%2Fv2%2Fcategories&post=9181"},{"taxonomy":"post_tag","embeddable":true,"href":"https:\/\/www.blogbbmontessori.com\/index.php?rest_route=%2Fwp%2Fv2%2Ftags&post=9181"}],"curies":[{"name":"wp","href":"https:\/\/api.w.org\/{rel}","templated":true}]}}