{"id":9139,"date":"2013-08-09T14:27:37","date_gmt":"2013-08-09T12:27:37","guid":{"rendered":"http:\/\/www.blogbbmontessori.com\/?p=9139"},"modified":"2013-08-09T14:27:37","modified_gmt":"2013-08-09T12:27:37","slug":"ce-que-declenchent-les-bebes","status":"publish","type":"post","link":"https:\/\/www.blogbbmontessori.com\/?p=9139","title":{"rendered":"Ce que d\u00e9clenchent les b\u00e9b\u00e9s"},"content":{"rendered":"<p>Voici ce que Maria Montessori a \u00e9crit :<\/p>\n<p><em>J&rsquo;entrai un jour en classe en tenant dans mes bras une petite enfant de quatre mois. Le petit b\u00e9b\u00e9 \u00e9tait tout serr\u00e9 dans ses langes, comme il \u00e9tait d&rsquo;usage dans le peuple ; elle ne pleurait pas ; sa figure \u00e9tait joufflue et rose. Le silence de ce petit \u00eatre me fit une grande impression et je voulus communiquer mon sentiment aux enfants : \u00ab\u00a0Elle ne fait aucun bruit\u00a0\u00bb dis-je ; et j&rsquo;ajoutai, en plaisantant : \u00ab\u00a0Aucun de vous ne saurait \u00eatre aussi silencieux\u00a0\u00bb&#8230;<\/em><\/p>\n<p><em>&#8230;\u00a0\u00bbMais comme sa respiration est d\u00e9licate ! Personne ne pourrait respirer comme elle, sans faire de bruit&#8230;\u00a0\u00bb Les enfants, surpris et immoblies, retinrent leur souffle. On \u00ab\u00a0entendit\u00a0\u00bb, \u00e0 ce moment, un silence impressionnant.<\/em><\/p>\n<p><a href=\"https:\/\/i0.wp.com\/www.blogbbmontessori.com\/wp-content\/uploads\/2013\/08\/baby.jpg?ssl=1\"><img data-recalc-dims=\"1\" loading=\"lazy\" decoding=\"async\" class=\"size-medium wp-image-9143 aligncenter\" alt=\"baby\" src=\"https:\/\/i0.wp.com\/www.blogbbmontessori.com\/wp-content\/uploads\/2013\/08\/baby-300x225.jpg?resize=300%2C225&#038;ssl=1\" width=\"300\" height=\"225\" \/><\/a>Maria Montessori avait d\u00e9couvert l&#8217;empathie chez les enfants.<\/p>\n<p>&nbsp;<\/p>\n","protected":false},"excerpt":{"rendered":"<p>Voici ce que Maria Montessori a \u00e9crit : J&rsquo;entrai un jour en classe en tenant dans mes bras une petite enfant de quatre mois. Le petit b\u00e9b\u00e9 \u00e9tait tout serr\u00e9 dans ses langes, comme il \u00e9tait d&rsquo;usage dans le peuple ; elle ne pleurait pas ; sa figure \u00e9tait joufflue et rose. Le silence de [&hellip;]<\/p>\n","protected":false},"author":2,"featured_media":0,"comment_status":"closed","ping_status":"open","sticky":false,"template":"","format":"standard","meta":{"jetpack_post_was_ever_published":false,"_jetpack_newsletter_access":"","_jetpack_dont_email_post_to_subs":false,"_jetpack_newsletter_tier_id":0,"_jetpack_memberships_contains_paywalled_content":false,"_jetpack_memberships_contains_paid_content":false,"footnotes":"","jetpack_publicize_message":"","jetpack_publicize_feature_enabled":true,"jetpack_social_post_already_shared":true,"jetpack_social_options":{"image_generator_settings":{"template":"highway","default_image_id":0,"font":"","enabled":false},"version":2}},"categories":[252,71,32,39,35,54,1,28],"tags":[581,449],"class_list":["post-9139","post","type-post","status-publish","format-standard","hentry","category-0-6-mois","category-education-cosmique","category-emotions","category-environnement","category-liens-sociaux","category-periode-sensible","category-quotidien","category-vie-sensorielle","tag-empathie","tag-silence"],"jetpack_publicize_connections":[],"jetpack_featured_media_url":"","jetpack_sharing_enabled":true,"jetpack_shortlink":"https:\/\/wp.me\/pm9U2-2np","_links":{"self":[{"href":"https:\/\/www.blogbbmontessori.com\/index.php?rest_route=\/wp\/v2\/posts\/9139","targetHints":{"allow":["GET"]}}],"collection":[{"href":"https:\/\/www.blogbbmontessori.com\/index.php?rest_route=\/wp\/v2\/posts"}],"about":[{"href":"https:\/\/www.blogbbmontessori.com\/index.php?rest_route=\/wp\/v2\/types\/post"}],"author":[{"embeddable":true,"href":"https:\/\/www.blogbbmontessori.com\/index.php?rest_route=\/wp\/v2\/users\/2"}],"replies":[{"embeddable":true,"href":"https:\/\/www.blogbbmontessori.com\/index.php?rest_route=%2Fwp%2Fv2%2Fcomments&post=9139"}],"version-history":[{"count":6,"href":"https:\/\/www.blogbbmontessori.com\/index.php?rest_route=\/wp\/v2\/posts\/9139\/revisions"}],"predecessor-version":[{"id":9148,"href":"https:\/\/www.blogbbmontessori.com\/index.php?rest_route=\/wp\/v2\/posts\/9139\/revisions\/9148"}],"wp:attachment":[{"href":"https:\/\/www.blogbbmontessori.com\/index.php?rest_route=%2Fwp%2Fv2%2Fmedia&parent=9139"}],"wp:term":[{"taxonomy":"category","embeddable":true,"href":"https:\/\/www.blogbbmontessori.com\/index.php?rest_route=%2Fwp%2Fv2%2Fcategories&post=9139"},{"taxonomy":"post_tag","embeddable":true,"href":"https:\/\/www.blogbbmontessori.com\/index.php?rest_route=%2Fwp%2Fv2%2Ftags&post=9139"}],"curies":[{"name":"wp","href":"https:\/\/api.w.org\/{rel}","templated":true}]}}