{"id":8999,"date":"2013-07-04T14:15:04","date_gmt":"2013-07-04T12:15:04","guid":{"rendered":"http:\/\/www.blogbbmontessori.com\/?p=8999"},"modified":"2013-07-04T14:15:04","modified_gmt":"2013-07-04T12:15:04","slug":"quest-ce-que-leducation-sensorielle","status":"publish","type":"post","link":"https:\/\/www.blogbbmontessori.com\/?p=8999","title":{"rendered":"Qu&rsquo;est-ce que l&rsquo;Education sensorielle ?"},"content":{"rendered":"<p>En r\u00e9alit\u00e9, je pense que le nombre des \u00ab\u00a0sens\u00a0\u00bb est infini. Nous pouvons ressentir de l&rsquo;int\u00e9rieur et aussi par le monde ext\u00e9rieur beaucoup de sensations.<\/p>\n<p>Tout d&rsquo;abord, c&rsquo;est notre corps qui va nous amener les informations sur le monde qui nous entoure dans l&rsquo;instant :<\/p>\n<ul>\n<li>les couleurs<\/li>\n<li>les temp\u00e9ratures<\/li>\n<li>l&rsquo;espace<\/li>\n<li>le toucher<\/li>\n<li>le poids des objets<\/li>\n<li>le volume des objets<\/li>\n<li>les bruits<\/li>\n<li>les odeurs<\/li>\n<\/ul>\n<p>Nous ressentons aussi plus ou moins consciemment l&rsquo;humidit\u00e9 dans l&rsquo;air, les pr\u00e9sences vivantes, les nuisances (\u00e9lectricit\u00e9s, chaleurs, toxicit\u00e9), l&rsquo;orientation g\u00e9ographique, l&rsquo;altitude, les \u00e9v\u00e9nements&#8230;<\/p>\n<p>Plus subtiles, les sensations dans notre corps nous permettent un l\u00e2cher prise ou non et ont un impact sur notre comportement. Nous ressentons :<\/p>\n<ul>\n<li>nos organes digestifs<\/li>\n<li>nos organes respiratoires<\/li>\n<li>notre rythme cardiaque<\/li>\n<li>notre concentration<\/li>\n<li>notre musculature<\/li>\n<li>la connexion avec les personnes en pr\u00e9sence<\/li>\n<li>nos \u00e9tats d&rsquo;\u00e2me<\/li>\n<\/ul>\n<p>L&rsquo;Education sensorielle serait celle qui permet \u00e0 l&rsquo;enfant d&rsquo;\u00eatre connect\u00e9 avec lui-m\u00eame et avec le monde ext\u00e9rieur. Celle qui lui permet d&rsquo;apprendre \u00e0 ressentir son \u00e9tat, et \u00e0 s&rsquo;adapter aux situations.<\/p>\n<p>Tout ceci, assur\u00e9ment, l&rsquo;enfant l&rsquo;apprendra en connexion directe avec la r\u00e9alit\u00e9, la Nature et pas avec une tablette num\u00e9rique !<br \/>\nJe vous parle de ce sujet, car parmi nos <a href=\"http:\/\/blog.montessori.fr\/les-4-albums-des-lecons-montessori\/\">albums en vente<\/a>, celui sur \u00ab\u00a0le sensoriel\u00a0\u00bb se vend moins que les autres ? Il faut donc r\u00e9expliquer l&rsquo;importance de cette dimension dans la p\u00e9dagogie de Maria Montessori.<\/p>\n<p style=\"text-align: center;\"><a href=\"http:\/\/blog.montessori.fr\/les-4-albums-des-lecons-montessori\/\"><img data-recalc-dims=\"1\" loading=\"lazy\" decoding=\"async\" class=\"alignnone size-medium wp-image-9006\" alt=\"4albums\" src=\"https:\/\/i0.wp.com\/www.blogbbmontessori.com\/wp-content\/uploads\/2013\/07\/4albums.001.png?resize=300%2C195&#038;ssl=1\" width=\"300\" height=\"195\" srcset=\"https:\/\/i0.wp.com\/www.blogbbmontessori.com\/wp-content\/uploads\/2013\/07\/4albums.001.png?resize=300%2C195&amp;ssl=1 300w, https:\/\/i0.wp.com\/www.blogbbmontessori.com\/wp-content\/uploads\/2013\/07\/4albums.001.png?w=600&amp;ssl=1 600w\" sizes=\"auto, (max-width: 300px) 100vw, 300px\" \/><\/a><\/p>\n<p>&nbsp;<\/p>\n<p>&nbsp;<\/p>\n","protected":false},"excerpt":{"rendered":"<p>En r\u00e9alit\u00e9, je pense que le nombre des \u00ab\u00a0sens\u00a0\u00bb est infini. Nous pouvons ressentir de l&rsquo;int\u00e9rieur et aussi par le monde ext\u00e9rieur beaucoup de sensations. Tout d&rsquo;abord, c&rsquo;est notre corps qui va nous amener les informations sur le monde qui nous entoure dans l&rsquo;instant : les couleurs les temp\u00e9ratures l&rsquo;espace le toucher le poids des [&hellip;]<\/p>\n","protected":false},"author":2,"featured_media":0,"comment_status":"closed","ping_status":"open","sticky":false,"template":"","format":"standard","meta":{"jetpack_post_was_ever_published":false,"_jetpack_newsletter_access":"","_jetpack_dont_email_post_to_subs":false,"_jetpack_newsletter_tier_id":0,"_jetpack_memberships_contains_paywalled_content":false,"_jetpack_memberships_contains_paid_content":false,"footnotes":"","jetpack_publicize_message":"","jetpack_publicize_feature_enabled":true,"jetpack_social_post_already_shared":true,"jetpack_social_options":{"image_generator_settings":{"template":"highway","default_image_id":0,"font":"","enabled":false},"version":2}},"categories":[252,254,255,256,257,71,1,28],"tags":[569],"class_list":["post-8999","post","type-post","status-publish","format-standard","hentry","category-0-6-mois","category-06-12-mois","category-12-18-mois","category-18-24-mois","category-24-36-mois","category-education-cosmique","category-quotidien","category-vie-sensorielle","tag-snesoriel"],"jetpack_publicize_connections":[],"jetpack_featured_media_url":"","jetpack_sharing_enabled":true,"jetpack_shortlink":"https:\/\/wp.me\/pm9U2-2l9","_links":{"self":[{"href":"https:\/\/www.blogbbmontessori.com\/index.php?rest_route=\/wp\/v2\/posts\/8999","targetHints":{"allow":["GET"]}}],"collection":[{"href":"https:\/\/www.blogbbmontessori.com\/index.php?rest_route=\/wp\/v2\/posts"}],"about":[{"href":"https:\/\/www.blogbbmontessori.com\/index.php?rest_route=\/wp\/v2\/types\/post"}],"author":[{"embeddable":true,"href":"https:\/\/www.blogbbmontessori.com\/index.php?rest_route=\/wp\/v2\/users\/2"}],"replies":[{"embeddable":true,"href":"https:\/\/www.blogbbmontessori.com\/index.php?rest_route=%2Fwp%2Fv2%2Fcomments&post=8999"}],"version-history":[{"count":9,"href":"https:\/\/www.blogbbmontessori.com\/index.php?rest_route=\/wp\/v2\/posts\/8999\/revisions"}],"predecessor-version":[{"id":9009,"href":"https:\/\/www.blogbbmontessori.com\/index.php?rest_route=\/wp\/v2\/posts\/8999\/revisions\/9009"}],"wp:attachment":[{"href":"https:\/\/www.blogbbmontessori.com\/index.php?rest_route=%2Fwp%2Fv2%2Fmedia&parent=8999"}],"wp:term":[{"taxonomy":"category","embeddable":true,"href":"https:\/\/www.blogbbmontessori.com\/index.php?rest_route=%2Fwp%2Fv2%2Fcategories&post=8999"},{"taxonomy":"post_tag","embeddable":true,"href":"https:\/\/www.blogbbmontessori.com\/index.php?rest_route=%2Fwp%2Fv2%2Ftags&post=8999"}],"curies":[{"name":"wp","href":"https:\/\/api.w.org\/{rel}","templated":true}]}}