{"id":8975,"date":"2013-06-28T23:12:18","date_gmt":"2013-06-28T21:12:18","guid":{"rendered":"http:\/\/www.blogbbmontessori.com\/?p=8975"},"modified":"2013-06-28T23:12:18","modified_gmt":"2013-06-28T21:12:18","slug":"question-sensible-et-contemporaine","status":"publish","type":"post","link":"https:\/\/www.blogbbmontessori.com\/?p=8975","title":{"rendered":"Question sensible et contemporaine"},"content":{"rendered":"<p>Doit-on \u00e9quiper les b\u00e9b\u00e9s d&rsquo;ipad, d&rsquo;ordinateurs ou autres outils num\u00e9riques ?<\/p>\n<div id=\"attachment_8984\" style=\"width: 310px\" class=\"wp-caption aligncenter\"><a href=\"https:\/\/i0.wp.com\/www.blogbbmontessori.com\/wp-content\/uploads\/2013\/06\/ipad-baby.jpg?ssl=1\"><img data-recalc-dims=\"1\" loading=\"lazy\" decoding=\"async\" aria-describedby=\"caption-attachment-8984\" class=\"size-medium wp-image-8984\" alt=\"http:\/\/www.slashgear.com\/babys-first-ipad-24121114\/\" src=\"https:\/\/i0.wp.com\/www.blogbbmontessori.com\/wp-content\/uploads\/2013\/06\/ipad-baby-300x218.jpg?resize=300%2C218&#038;ssl=1\" width=\"300\" height=\"218\" \/><\/a><p id=\"caption-attachment-8984\" class=\"wp-caption-text\">http:\/\/www.slashgear.com\/babys-first-ipad-24121114\/<\/p><\/div>\n<p>Cette question m&rsquo;est de plus en plus pos\u00e9e.<br \/>\nCar les produits dont les b\u00e9b\u00e9s sont la cible fleurissent : applications pour ipad, liseuses ou ordinateurs. On veut vendre aux enfants par l&rsquo;interm\u00e9diaire des parents, c&rsquo;est l\u00e0 le seul objectif.<\/p>\n<p>Bien s\u00fbr, chacun argumentera pour d\u00e9fendre <strong>l&rsquo;utilisation des \u00e9crans<\/strong>. \u00ab\u00a0Les enfants s&rsquo;ennuient durant les trajets en voiture\u00a0\u00bb, \u00ab\u00a0C&rsquo;est mieux que de leur mettre une cha\u00eene de t\u00e9l\u00e9vision publique\u00a0\u00bb, \u00ab\u00a0Les applications sont superbes !, \u00ab\u00a0C&rsquo;est pas cher et p\u00e9dagogique\u00a0\u00bb; \u00ab\u00a0C&rsquo;est un compl\u00e9ment aux livres\u00a0\u00bb; \u00ab\u00a0Faut qu&rsquo;ils apprennent \u00e0 utiliser les outils d&rsquo;aujourd&rsquo;hui\u00a0\u00bb&#8230;<\/p>\n<p>Ma r\u00e9ponse, en tant qu&rsquo;\u00e9ducatrice et formatrice Montessori et la m\u00eame qu&rsquo;en tant que m\u00e8re : avant 6 ans, les enfants n&rsquo;ont pas besoin d&rsquo;\u00e9lectronique.<\/p>\n<p>M.Tisseron propose la <a href=\"http:\/\/www.sergetisseron.com\/blog\/la-regle-3-6-9-12-relayee-par-l\">\u00ab\u00a0r\u00e8gle des 3-6-9-12\u00a0\u00bb<\/a>.<br \/>\nPour ma part, je parlerai de la \u00ab\u00a0<strong>r\u00e8gle des 0-3-6&Prime;<\/strong> : avec du sensoriel d\u00e8s la naissance (0), du mat\u00e9riel sensoriel d\u00e8s 3 ans (3) et des activit\u00e9s \u00e9ducatives sensorielles d\u00e8s 6 ans (6).<\/p>\n<p><strong>Les enfants de demain pourront-ils encore manipuler une tour de cubes en vrai ou seulement en virtuel ?<\/strong><br \/>\nDu point de vue du d\u00e9veloppement sensori-moteur et de l&rsquo;intelligence, ce n&rsquo;est pas du tout \u00e9quivalent.<\/p>\n<p>&nbsp;<\/p>\n<p>&nbsp;<\/p>\n<p>&nbsp;<\/p>\n<p>&nbsp;<\/p>\n","protected":false},"excerpt":{"rendered":"<p>Doit-on \u00e9quiper les b\u00e9b\u00e9s d&rsquo;ipad, d&rsquo;ordinateurs ou autres outils num\u00e9riques ? Cette question m&rsquo;est de plus en plus pos\u00e9e. Car les produits dont les b\u00e9b\u00e9s sont la cible fleurissent : applications pour ipad, liseuses ou ordinateurs. On veut vendre aux enfants par l&rsquo;interm\u00e9diaire des parents, c&rsquo;est l\u00e0 le seul objectif. Bien s\u00fbr, chacun argumentera pour [&hellip;]<\/p>\n","protected":false},"author":2,"featured_media":0,"comment_status":"closed","ping_status":"open","sticky":false,"template":"","format":"standard","meta":{"jetpack_post_was_ever_published":false,"_jetpack_newsletter_access":"","_jetpack_dont_email_post_to_subs":false,"_jetpack_newsletter_tier_id":0,"_jetpack_memberships_contains_paywalled_content":false,"_jetpack_memberships_contains_paid_content":false,"footnotes":"","jetpack_publicize_message":"","jetpack_publicize_feature_enabled":true,"jetpack_social_post_already_shared":true,"jetpack_social_options":{"image_generator_settings":{"template":"highway","default_image_id":0,"font":"","enabled":false},"version":2}},"categories":[1],"tags":[],"class_list":["post-8975","post","type-post","status-publish","format-standard","hentry","category-quotidien"],"jetpack_publicize_connections":[],"jetpack_featured_media_url":"","jetpack_sharing_enabled":true,"jetpack_shortlink":"https:\/\/wp.me\/pm9U2-2kL","_links":{"self":[{"href":"https:\/\/www.blogbbmontessori.com\/index.php?rest_route=\/wp\/v2\/posts\/8975","targetHints":{"allow":["GET"]}}],"collection":[{"href":"https:\/\/www.blogbbmontessori.com\/index.php?rest_route=\/wp\/v2\/posts"}],"about":[{"href":"https:\/\/www.blogbbmontessori.com\/index.php?rest_route=\/wp\/v2\/types\/post"}],"author":[{"embeddable":true,"href":"https:\/\/www.blogbbmontessori.com\/index.php?rest_route=\/wp\/v2\/users\/2"}],"replies":[{"embeddable":true,"href":"https:\/\/www.blogbbmontessori.com\/index.php?rest_route=%2Fwp%2Fv2%2Fcomments&post=8975"}],"version-history":[{"count":11,"href":"https:\/\/www.blogbbmontessori.com\/index.php?rest_route=\/wp\/v2\/posts\/8975\/revisions"}],"predecessor-version":[{"id":8987,"href":"https:\/\/www.blogbbmontessori.com\/index.php?rest_route=\/wp\/v2\/posts\/8975\/revisions\/8987"}],"wp:attachment":[{"href":"https:\/\/www.blogbbmontessori.com\/index.php?rest_route=%2Fwp%2Fv2%2Fmedia&parent=8975"}],"wp:term":[{"taxonomy":"category","embeddable":true,"href":"https:\/\/www.blogbbmontessori.com\/index.php?rest_route=%2Fwp%2Fv2%2Fcategories&post=8975"},{"taxonomy":"post_tag","embeddable":true,"href":"https:\/\/www.blogbbmontessori.com\/index.php?rest_route=%2Fwp%2Fv2%2Ftags&post=8975"}],"curies":[{"name":"wp","href":"https:\/\/api.w.org\/{rel}","templated":true}]}}