{"id":8914,"date":"2013-06-15T11:24:36","date_gmt":"2013-06-15T09:24:36","guid":{"rendered":"http:\/\/www.blogbbmontessori.com\/?p=8914"},"modified":"2013-06-15T11:24:36","modified_gmt":"2013-06-15T09:24:36","slug":"les-miroirs-dans-lenvironnement-du-bebe","status":"publish","type":"post","link":"https:\/\/www.blogbbmontessori.com\/?p=8914","title":{"rendered":"Les miroirs dans l&rsquo;environnement du b\u00e9b\u00e9"},"content":{"rendered":"<p>Je viens de remarque que parmi les 5 photos de notre frise, le designer avait choisi 3 photos avec un <strong>miroir<\/strong> ! Est-ce un hasard ?<\/p>\n<p>Pas tout \u00e0 fait sans doute, car il s&rsquo;agit l\u00e0 d&rsquo;un \u00ab\u00a0mat\u00e9riel\u00a0\u00bb d&rsquo;\u00e9veil tr\u00e8s important dans la p\u00e9dagogie Montessori et aussi dans la <strong>psychologie de l&rsquo;enfant,<\/strong> nous allons le voir le long de plusieurs posts sur ce blog.<\/p>\n<p><a href=\"https:\/\/i0.wp.com\/www.blogbbmontessori.com\/wp-content\/uploads\/2013\/06\/camden1-054.jpg?ssl=1\"><img data-recalc-dims=\"1\" loading=\"lazy\" decoding=\"async\" class=\"size-medium wp-image-8921 aligncenter\" alt=\"miroir\" src=\"https:\/\/i0.wp.com\/www.blogbbmontessori.com\/wp-content\/uploads\/2013\/06\/camden1-054.jpg?resize=300%2C225&#038;ssl=1\" width=\"300\" height=\"225\" srcset=\"https:\/\/i0.wp.com\/www.blogbbmontessori.com\/wp-content\/uploads\/2013\/06\/camden1-054.jpg?resize=300%2C225&amp;ssl=1 300w, https:\/\/i0.wp.com\/www.blogbbmontessori.com\/wp-content\/uploads\/2013\/06\/camden1-054.jpg?resize=1024%2C768&amp;ssl=1 1024w, https:\/\/i0.wp.com\/www.blogbbmontessori.com\/wp-content\/uploads\/2013\/06\/camden1-054.jpg?resize=624%2C468&amp;ssl=1 624w, https:\/\/i0.wp.com\/www.blogbbmontessori.com\/wp-content\/uploads\/2013\/06\/camden1-054.jpg?w=1250&amp;ssl=1 1250w, https:\/\/i0.wp.com\/www.blogbbmontessori.com\/wp-content\/uploads\/2013\/06\/camden1-054.jpg?w=1875&amp;ssl=1 1875w\" sizes=\"auto, (max-width: 300px) 100vw, 300px\" \/><\/a><\/p>\n<p>Voyons tout d&rsquo;abord, la question qui arrive souvent la premi\u00e8re :<\/p>\n<p><strong>\u00ab\u00a0Quand proposer un miroir dans l&rsquo;environnement ?\u00a0\u00bb<\/strong><br \/>\nMa r\u00e9ponse, est : le plus t\u00f4t possible. Peu apr\u00e8s la naissance, vous poserez b\u00e9b\u00e9 sur un matelas d&rsquo;\u00e9veil dans la maison ou dans la cr\u00eache. Un miroir sera d\u00e9j\u00e0 cal\u00e9 le long d&rsquo;un mur afin de renvoyer des formes et des couleurs. C&rsquo;est bien de l&rsquo;installer \u00e0 temps, donc d\u00e8s que possible.<\/p>\n<p><strong>\u00ab\u00a0Quel type de miroir ?\u00a0\u00bb<br \/>\n<\/strong>Un miroir rectangulaire, sans fioriture dans son cadre et d&rsquo;excellente qualit\u00e9. On en trouve dans des boutiques de d\u00e9coration, pas forc\u00e9ment haute de gamme.<br \/>\nIl sera install\u00e9 \u00e0 terre, dans le sens de la longueur, d\u00e9limitant un c\u00f4t\u00e9 de l&rsquo;espace d&rsquo;\u00e9veil du (des) b\u00e9b\u00e9(s). Celui sur la photo est un miroir pr\u00e9vu pour les structures d&rsquo;accueil du petit enfant, par cons\u00e9quent il a des supports int\u00e9gr\u00e9s.<br \/>\nUn seul miroir sera suffisant. Plus tard, nous verrons quand et pourquoi proposer d&rsquo;autres miroirs.<\/p>\n<p>La notion de <strong>s\u00e9curit\u00e9<\/strong> li\u00e9e \u00e0 cet objet s&rsquo;impose \u00e9videmment. Il s&rsquo;agira de fixer le miroir solidement, de ne pas mettre \u00e0 proximit\u00e9 des objets lourds susceptible de tomber sur le miroir. L&rsquo;enfant de cet \u00e2ge est de toute fa\u00e7on sous <strong>surveillance<\/strong> permanente d&rsquo;un adulte attentif.<\/p>\n<p>\u00e0 suivre&#8230;<\/p>\n","protected":false},"excerpt":{"rendered":"<p>Je viens de remarque que parmi les 5 photos de notre frise, le designer avait choisi 3 photos avec un miroir ! Est-ce un hasard ? Pas tout \u00e0 fait sans doute, car il s&rsquo;agit l\u00e0 d&rsquo;un \u00ab\u00a0mat\u00e9riel\u00a0\u00bb d&rsquo;\u00e9veil tr\u00e8s important dans la p\u00e9dagogie Montessori et aussi dans la psychologie de l&rsquo;enfant, nous allons le [&hellip;]<\/p>\n","protected":false},"author":2,"featured_media":0,"comment_status":"closed","ping_status":"open","sticky":false,"template":"","format":"standard","meta":{"jetpack_post_was_ever_published":false,"_jetpack_newsletter_access":"","_jetpack_dont_email_post_to_subs":false,"_jetpack_newsletter_tier_id":0,"_jetpack_memberships_contains_paywalled_content":false,"_jetpack_memberships_contains_paid_content":false,"footnotes":"","jetpack_publicize_message":"","jetpack_publicize_feature_enabled":true,"jetpack_social_post_already_shared":true,"jetpack_social_options":{"image_generator_settings":{"template":"highway","default_image_id":0,"font":"","enabled":false},"version":2}},"categories":[252,1],"tags":[258],"class_list":["post-8914","post","type-post","status-publish","format-standard","hentry","category-0-6-mois","category-quotidien","tag-miroir"],"jetpack_publicize_connections":[],"jetpack_featured_media_url":"","jetpack_sharing_enabled":true,"jetpack_shortlink":"https:\/\/wp.me\/pm9U2-2jM","_links":{"self":[{"href":"https:\/\/www.blogbbmontessori.com\/index.php?rest_route=\/wp\/v2\/posts\/8914","targetHints":{"allow":["GET"]}}],"collection":[{"href":"https:\/\/www.blogbbmontessori.com\/index.php?rest_route=\/wp\/v2\/posts"}],"about":[{"href":"https:\/\/www.blogbbmontessori.com\/index.php?rest_route=\/wp\/v2\/types\/post"}],"author":[{"embeddable":true,"href":"https:\/\/www.blogbbmontessori.com\/index.php?rest_route=\/wp\/v2\/users\/2"}],"replies":[{"embeddable":true,"href":"https:\/\/www.blogbbmontessori.com\/index.php?rest_route=%2Fwp%2Fv2%2Fcomments&post=8914"}],"version-history":[{"count":7,"href":"https:\/\/www.blogbbmontessori.com\/index.php?rest_route=\/wp\/v2\/posts\/8914\/revisions"}],"predecessor-version":[{"id":8923,"href":"https:\/\/www.blogbbmontessori.com\/index.php?rest_route=\/wp\/v2\/posts\/8914\/revisions\/8923"}],"wp:attachment":[{"href":"https:\/\/www.blogbbmontessori.com\/index.php?rest_route=%2Fwp%2Fv2%2Fmedia&parent=8914"}],"wp:term":[{"taxonomy":"category","embeddable":true,"href":"https:\/\/www.blogbbmontessori.com\/index.php?rest_route=%2Fwp%2Fv2%2Fcategories&post=8914"},{"taxonomy":"post_tag","embeddable":true,"href":"https:\/\/www.blogbbmontessori.com\/index.php?rest_route=%2Fwp%2Fv2%2Ftags&post=8914"}],"curies":[{"name":"wp","href":"https:\/\/api.w.org\/{rel}","templated":true}]}}