{"id":8705,"date":"2013-04-25T21:29:42","date_gmt":"2013-04-25T19:29:42","guid":{"rendered":"http:\/\/www.blogbbmontessori.com\/?p=8705"},"modified":"2013-04-25T21:29:42","modified_gmt":"2013-04-25T19:29:42","slug":"developpement-de-la-spatialite-chez-le-jeune-enfant","status":"publish","type":"post","link":"https:\/\/www.blogbbmontessori.com\/?p=8705","title":{"rendered":"\u00ab\u00a0DEVELOPPEMENT DE LA SPATIALITE CHEZ LE JEUNE ENFANT\u00a0\u00bb"},"content":{"rendered":"<p>Un ouvrage de Albert COEMAN que je vous recommande, si vous voulez comprendre ou approfondir cette notion primordiale du d\u00e9veloppement de l&rsquo;enfant dans sa globalit\u00e9.<\/p>\n<p><a href=\"https:\/\/i0.wp.com\/www.blogbbmontessori.com\/wp-content\/uploads\/2013\/04\/spatialite.jpg?ssl=1\"><img data-recalc-dims=\"1\" loading=\"lazy\" decoding=\"async\" class=\"alignnone size-medium wp-image-8707\" alt=\"spatialit\u00e9\" src=\"https:\/\/i0.wp.com\/www.blogbbmontessori.com\/wp-content\/uploads\/2013\/04\/spatialite.jpg?resize=211%2C300&#038;ssl=1\" width=\"211\" height=\"300\" srcset=\"https:\/\/i0.wp.com\/www.blogbbmontessori.com\/wp-content\/uploads\/2013\/04\/spatialite.jpg?resize=211%2C300&amp;ssl=1 211w, https:\/\/i0.wp.com\/www.blogbbmontessori.com\/wp-content\/uploads\/2013\/04\/spatialite.jpg?w=388&amp;ssl=1 388w\" sizes=\"auto, (max-width: 211px) 100vw, 211px\" \/><\/a><\/p>\n<p>Ce livre est la suite du pr\u00e9c\u00e9dent, que j&rsquo;avais tout aussi appr\u00e9ci\u00e9 \u00a0\u00bb De la naissance \u00e0 la marche\u00a0\u00bb.<\/p>\n<p>On y trouve des \u00e9l\u00e9ments int\u00e9ressants sur l&rsquo;utilit\u00e9 du miroir, d&rsquo;autres sur l&rsquo;am\u00e9nagement des trois zones de l&rsquo;espace de vie du b\u00e9b\u00e9 : zone de sommeil, zone d&rsquo;\u00e9veil et zone de transition.<\/p>\n<p>M.Coeman a une longue exp\u00e9rience de terrain en tant que psychomotricien chez le jeune enfant. Ses sch\u00e9mas, observations et photos nous aident \u00e0 comprendre combien le d\u00e9veloppement moteur est li\u00e9 \u00e0 celui de la colonne vert\u00e9brale, vert\u00e8bre apr\u00e8s vert\u00e8bre. Et aussi \u00e0 comprendre que l&rsquo;acc\u00e8s progressif \u00e0 la verticalit\u00e9 se fait selon le rythme de l&rsquo;enfant et en fonction de ses interactions \u00e9motionnelles et sensorielles.<\/p>\n<p>Il donne \u00e0 la notion d\u00a0\u00bbespace et de spatialit\u00e9 une dimension humaine tr\u00e8s moderne et large, selon moi. Un bel apport dans l&rsquo;Education du jeune enfant.<\/p>\n<p>&nbsp;<\/p>\n<p>&nbsp;<\/p>\n<p>&nbsp;<\/p>\n","protected":false},"excerpt":{"rendered":"<p>Un ouvrage de Albert COEMAN que je vous recommande, si vous voulez comprendre ou approfondir cette notion primordiale du d\u00e9veloppement de l&rsquo;enfant dans sa globalit\u00e9. Ce livre est la suite du pr\u00e9c\u00e9dent, que j&rsquo;avais tout aussi appr\u00e9ci\u00e9 \u00a0\u00bb De la naissance \u00e0 la marche\u00a0\u00bb. On y trouve des \u00e9l\u00e9ments int\u00e9ressants sur l&rsquo;utilit\u00e9 du miroir, d&rsquo;autres [&hellip;]<\/p>\n","protected":false},"author":2,"featured_media":0,"comment_status":"closed","ping_status":"open","sticky":false,"template":"","format":"standard","meta":{"jetpack_post_was_ever_published":false,"_jetpack_newsletter_access":"","_jetpack_dont_email_post_to_subs":false,"_jetpack_newsletter_tier_id":0,"_jetpack_memberships_contains_paywalled_content":false,"_jetpack_memberships_contains_paid_content":false,"footnotes":"","jetpack_publicize_message":"","jetpack_publicize_feature_enabled":true,"jetpack_social_post_already_shared":true,"jetpack_social_options":{"image_generator_settings":{"template":"highway","default_image_id":0,"font":"","enabled":false},"version":2}},"categories":[252,254,251,1],"tags":[732],"class_list":["post-8705","post","type-post","status-publish","format-standard","hentry","category-0-6-mois","category-06-12-mois","category-activites-par-age","category-quotidien","tag-developpement-moteur"],"jetpack_publicize_connections":[],"jetpack_featured_media_url":"","jetpack_sharing_enabled":true,"jetpack_shortlink":"https:\/\/wp.me\/pm9U2-2gp","_links":{"self":[{"href":"https:\/\/www.blogbbmontessori.com\/index.php?rest_route=\/wp\/v2\/posts\/8705","targetHints":{"allow":["GET"]}}],"collection":[{"href":"https:\/\/www.blogbbmontessori.com\/index.php?rest_route=\/wp\/v2\/posts"}],"about":[{"href":"https:\/\/www.blogbbmontessori.com\/index.php?rest_route=\/wp\/v2\/types\/post"}],"author":[{"embeddable":true,"href":"https:\/\/www.blogbbmontessori.com\/index.php?rest_route=\/wp\/v2\/users\/2"}],"replies":[{"embeddable":true,"href":"https:\/\/www.blogbbmontessori.com\/index.php?rest_route=%2Fwp%2Fv2%2Fcomments&post=8705"}],"version-history":[{"count":7,"href":"https:\/\/www.blogbbmontessori.com\/index.php?rest_route=\/wp\/v2\/posts\/8705\/revisions"}],"predecessor-version":[{"id":8713,"href":"https:\/\/www.blogbbmontessori.com\/index.php?rest_route=\/wp\/v2\/posts\/8705\/revisions\/8713"}],"wp:attachment":[{"href":"https:\/\/www.blogbbmontessori.com\/index.php?rest_route=%2Fwp%2Fv2%2Fmedia&parent=8705"}],"wp:term":[{"taxonomy":"category","embeddable":true,"href":"https:\/\/www.blogbbmontessori.com\/index.php?rest_route=%2Fwp%2Fv2%2Fcategories&post=8705"},{"taxonomy":"post_tag","embeddable":true,"href":"https:\/\/www.blogbbmontessori.com\/index.php?rest_route=%2Fwp%2Fv2%2Ftags&post=8705"}],"curies":[{"name":"wp","href":"https:\/\/api.w.org\/{rel}","templated":true}]}}