{"id":8464,"date":"2013-02-22T03:47:15","date_gmt":"2013-02-22T01:47:15","guid":{"rendered":"http:\/\/www.blogbbmontessori.com\/?p=8464"},"modified":"2013-02-22T03:47:15","modified_gmt":"2013-02-22T01:47:15","slug":"lit-bebe-suite","status":"publish","type":"post","link":"https:\/\/www.blogbbmontessori.com\/?p=8464","title":{"rendered":"Lit b\u00e9b\u00e9 (suite)"},"content":{"rendered":"<p>Nous recevons pas mal de questions sur le sujet du lit. Je vous ai pr\u00e9par\u00e9 quelques photos sur le sujet.<\/p>\n<p><a href=\"https:\/\/i0.wp.com\/www.blogbbmontessori.com\/wp-content\/uploads\/2013\/02\/IMG_0193.jpg?ssl=1\"><img data-recalc-dims=\"1\" loading=\"lazy\" decoding=\"async\" class=\"size-full wp-image-8467 aligncenter\" alt=\"IMG_0193\" src=\"https:\/\/i0.wp.com\/www.blogbbmontessori.com\/wp-content\/uploads\/2013\/02\/IMG_0193.jpg?resize=491%2C327&#038;ssl=1\" width=\"491\" height=\"327\" srcset=\"https:\/\/i0.wp.com\/www.blogbbmontessori.com\/wp-content\/uploads\/2013\/02\/IMG_0193.jpg?w=3648&amp;ssl=1 3648w, https:\/\/i0.wp.com\/www.blogbbmontessori.com\/wp-content\/uploads\/2013\/02\/IMG_0193.jpg?resize=300%2C200&amp;ssl=1 300w, https:\/\/i0.wp.com\/www.blogbbmontessori.com\/wp-content\/uploads\/2013\/02\/IMG_0193.jpg?resize=1024%2C682&amp;ssl=1 1024w, https:\/\/i0.wp.com\/www.blogbbmontessori.com\/wp-content\/uploads\/2013\/02\/IMG_0193.jpg?resize=624%2C416&amp;ssl=1 624w, https:\/\/i0.wp.com\/www.blogbbmontessori.com\/wp-content\/uploads\/2013\/02\/IMG_0193.jpg?w=1250&amp;ssl=1 1250w, https:\/\/i0.wp.com\/www.blogbbmontessori.com\/wp-content\/uploads\/2013\/02\/IMG_0193.jpg?w=1875&amp;ssl=1 1875w\" sizes=\"auto, (max-width: 491px) 100vw, 491px\" \/><\/a><\/p>\n<p>Ce premier lit ce trouve dans le coin \u00ab\u00a0paix\u00a0\u00bb d&rsquo;une petite \u00e9cole Montessori pour les enfants \u00e2g\u00e9s entre 2 et 3 ans. Il est cern\u00e9 par 2 \u00e9tag\u00e8res dans un coin de la grande salle de classe. L&rsquo;enfant peut \u00e0 tout moment venir s&rsquo;y reposer, s&rsquo;apaiser. Comme vous pouvez le voir, ce lit peut \u00eatre utilis\u00e9 pour des enfants plus jeunes car il est tr\u00e8s bas et facile d&rsquo;acc\u00e8s.<\/p>\n<p><a href=\"https:\/\/i0.wp.com\/www.blogbbmontessori.com\/wp-content\/uploads\/2013\/02\/IMG_0295.jpg?ssl=1\"><img data-recalc-dims=\"1\" loading=\"lazy\" decoding=\"async\" class=\"aligncenter\" alt=\"IMG_0295\" src=\"https:\/\/i0.wp.com\/www.blogbbmontessori.com\/wp-content\/uploads\/2013\/02\/IMG_0295.jpg?resize=423%2C283&#038;ssl=1\" width=\"423\" height=\"283\" \/><\/a><\/p>\n<p>Au moment de la sieste, chaque enfant va chercher sa couette et d\u00e9roule son matelas, au milieu de la salle de classe, dans des endroits d\u00e9j\u00e0 d\u00e9finis. Les \u00e9ducatrices Montessori mettent une musique d&rsquo;ambiance tr\u00e8s ber\u00e7ante, on ferme les rideaux et si en enfant a du mal \u00e0 s&rsquo;endormir, un adulte vient pr\u00e8s de lui, lui parler, lui frotter le dos, le r\u00e9conforter. Tous les enfants s&rsquo;endorment tr\u00e8s vite, et dans l&rsquo;ambiance, je me mets \u00e0 envier moi-m\u00eame leur installation !<\/p>\n<p><a href=\"https:\/\/i0.wp.com\/www.blogbbmontessori.com\/wp-content\/uploads\/2013\/02\/litmontessorien.jpg?ssl=1\"><img data-recalc-dims=\"1\" loading=\"lazy\" decoding=\"async\" class=\"size-full wp-image-8465 aligncenter\" alt=\"OLYMPUS DIGITAL CAMERA\" src=\"https:\/\/i0.wp.com\/www.blogbbmontessori.com\/wp-content\/uploads\/2013\/02\/litmontessorien.jpg?resize=442%2C331&#038;ssl=1\" width=\"442\" height=\"331\" srcset=\"https:\/\/i0.wp.com\/www.blogbbmontessori.com\/wp-content\/uploads\/2013\/02\/litmontessorien.jpg?w=640&amp;ssl=1 640w, https:\/\/i0.wp.com\/www.blogbbmontessori.com\/wp-content\/uploads\/2013\/02\/litmontessorien.jpg?resize=300%2C225&amp;ssl=1 300w, https:\/\/i0.wp.com\/www.blogbbmontessori.com\/wp-content\/uploads\/2013\/02\/litmontessorien.jpg?resize=624%2C468&amp;ssl=1 624w\" sizes=\"auto, (max-width: 442px) 100vw, 442px\" \/><\/a><\/p>\n<p>Ce deuxi\u00e8me lit est utlis\u00e9 \u00e0 la maison. Il poss\u00e8de une barri\u00e8re emp\u00eachant le b\u00e9b\u00e9 de tomber du lit. Plus grand, il peut rentrer et sorrtir seul gr\u00e2ce \u00e0 deux barreaux modulaires.<br \/>\nSelon moi, la barri\u00e8re est inutile et pourrait \u00eatre ot\u00e9e si on installe un tapis \u00e9pais au sortir du lit, afin qu&rsquo;en cas de chute, l&rsquo;enfant ne se fasse pas mal. C&rsquo;est un lit <strong>modulable<\/strong>, crit\u00e8re important, car l&rsquo;enfant grandit si vite les 3 premi\u00e8res ann\u00e9es, qu&rsquo;il faut sans cesse adapter son environnement.<\/p>\n<p>Notre objectif dans la mise \u00e0 disposition des meubles pour les petits enfants est <strong>la libert\u00e9 des mouvements<\/strong>. Au-del\u00e0 de cela, c&rsquo;est surtout leur faire <strong>confiance<\/strong>, les accompagner dans leur d\u00e9veloppement global et cette approche \u00e0 un impact <strong>psychique<\/strong> important sur les enfants.<\/p>\n<p>&nbsp;<\/p>\n<p>&nbsp;<\/p>\n","protected":false},"excerpt":{"rendered":"<p>Nous recevons pas mal de questions sur le sujet du lit. Je vous ai pr\u00e9par\u00e9 quelques photos sur le sujet. Ce premier lit ce trouve dans le coin \u00ab\u00a0paix\u00a0\u00bb d&rsquo;une petite \u00e9cole Montessori pour les enfants \u00e2g\u00e9s entre 2 et 3 ans. Il est cern\u00e9 par 2 \u00e9tag\u00e8res dans un coin de la grande salle [&hellip;]<\/p>\n","protected":false},"author":2,"featured_media":0,"comment_status":"closed","ping_status":"open","sticky":false,"template":"","format":"standard","meta":{"jetpack_post_was_ever_published":false,"_jetpack_newsletter_access":"","_jetpack_dont_email_post_to_subs":false,"_jetpack_newsletter_tier_id":0,"_jetpack_memberships_contains_paywalled_content":false,"_jetpack_memberships_contains_paid_content":false,"footnotes":"","jetpack_publicize_message":"","jetpack_publicize_feature_enabled":true,"jetpack_social_post_already_shared":true,"jetpack_social_options":{"image_generator_settings":{"template":"highway","default_image_id":0,"font":"","enabled":false},"version":2}},"categories":[255,256,257,71,32,39,58,1],"tags":[218,57,345,56],"class_list":["post-8464","post","type-post","status-publish","format-standard","hentry","category-12-18-mois","category-18-24-mois","category-24-36-mois","category-education-cosmique","category-emotions","category-environnement","category-hygiene","category-quotidien","tag-autonomie","tag-chambre","tag-dormir","tag-lit"],"jetpack_publicize_connections":[],"jetpack_featured_media_url":"","jetpack_sharing_enabled":true,"jetpack_shortlink":"https:\/\/wp.me\/pm9U2-2cw","_links":{"self":[{"href":"https:\/\/www.blogbbmontessori.com\/index.php?rest_route=\/wp\/v2\/posts\/8464","targetHints":{"allow":["GET"]}}],"collection":[{"href":"https:\/\/www.blogbbmontessori.com\/index.php?rest_route=\/wp\/v2\/posts"}],"about":[{"href":"https:\/\/www.blogbbmontessori.com\/index.php?rest_route=\/wp\/v2\/types\/post"}],"author":[{"embeddable":true,"href":"https:\/\/www.blogbbmontessori.com\/index.php?rest_route=\/wp\/v2\/users\/2"}],"replies":[{"embeddable":true,"href":"https:\/\/www.blogbbmontessori.com\/index.php?rest_route=%2Fwp%2Fv2%2Fcomments&post=8464"}],"version-history":[{"count":19,"href":"https:\/\/www.blogbbmontessori.com\/index.php?rest_route=\/wp\/v2\/posts\/8464\/revisions"}],"predecessor-version":[{"id":8486,"href":"https:\/\/www.blogbbmontessori.com\/index.php?rest_route=\/wp\/v2\/posts\/8464\/revisions\/8486"}],"wp:attachment":[{"href":"https:\/\/www.blogbbmontessori.com\/index.php?rest_route=%2Fwp%2Fv2%2Fmedia&parent=8464"}],"wp:term":[{"taxonomy":"category","embeddable":true,"href":"https:\/\/www.blogbbmontessori.com\/index.php?rest_route=%2Fwp%2Fv2%2Fcategories&post=8464"},{"taxonomy":"post_tag","embeddable":true,"href":"https:\/\/www.blogbbmontessori.com\/index.php?rest_route=%2Fwp%2Fv2%2Ftags&post=8464"}],"curies":[{"name":"wp","href":"https:\/\/api.w.org\/{rel}","templated":true}]}}