{"id":8354,"date":"2013-02-10T04:45:00","date_gmt":"2013-02-10T02:45:00","guid":{"rendered":"http:\/\/www.blogbbmontessori.com\/?p=8354"},"modified":"2013-02-10T04:45:00","modified_gmt":"2013-02-10T02:45:00","slug":"pourquoi-le-bebe-trie-t-il","status":"publish","type":"post","link":"https:\/\/www.blogbbmontessori.com\/?p=8354","title":{"rendered":"Pourquoi le b\u00e9b\u00e9 trie-t-il ?"},"content":{"rendered":"<p>Merci Na\u00efma pour votre email et le sujet abord\u00e9.<br \/>\nParmi les p\u00e9riodes sensibles telles que Maria Montessori les pr\u00e9sentait, vous ne trouverez pas celle du tri.<\/p>\n<p style=\"text-align: center;\"><a href=\"https:\/\/i0.wp.com\/www.blogbbmontessori.com\/wp-content\/uploads\/2013\/02\/trier.jpg?ssl=1\"><img data-recalc-dims=\"1\" loading=\"lazy\" decoding=\"async\" class=\"alignnone size-full wp-image-8364\" alt=\"trier\" src=\"https:\/\/i0.wp.com\/www.blogbbmontessori.com\/wp-content\/uploads\/2013\/02\/trier.jpg?resize=283%2C283&#038;ssl=1\" width=\"283\" height=\"283\" srcset=\"https:\/\/i0.wp.com\/www.blogbbmontessori.com\/wp-content\/uploads\/2013\/02\/trier.jpg?w=283&amp;ssl=1 283w, https:\/\/i0.wp.com\/www.blogbbmontessori.com\/wp-content\/uploads\/2013\/02\/trier.jpg?resize=150%2C150&amp;ssl=1 150w\" sizes=\"auto, (max-width: 283px) 100vw, 283px\" \/><\/a><\/p>\n<p><strong>L&rsquo;habilet\u00e9 de tri<\/strong> est une pr\u00e9mices des capacit\u00e9s cognitives du b\u00e9b\u00e9. (elle est compl\u00e9mentaire \u00e0 l&rsquo;habilet\u00e9 de s\u00e9riation, ch\u00e8re \u00e0 Maria aussi, nous en parlerons dans un prochain post).<br \/>\nTrier est une fa\u00e7on de <strong>classifier<\/strong> le monde, l&rsquo;<strong>organiser<\/strong> selon des crit\u00e8res afin de <strong>comparer<\/strong> des choses, des \u00e9l\u00e9ments entre eux. L&rsquo;enfant, tout comme l&rsquo;adulte d&rsquo;ailleurs, utilise la technique du tri, dans sa vie quotidienne.<\/p>\n<p>Le tri est par cons\u00e9quent, un <strong>geste mental,<\/strong> souvent reli\u00e9 \u00e0 la <strong>main<\/strong>, surtout chez le petit enfant. Avec sa main, il porte \u00e0 la bouche ce qui l&rsquo;entoure, plus tard, il classe les objets dans des paniers, et enfin il les trie et relie mentalement dans sa t\u00eate.<\/p>\n<p>Votre fils T, est entr\u00e9 dans cette <strong>phase<\/strong>, propre \u00e0 l&rsquo;homme. Il a besoin de trier, vous pouvez donc lui proposer des activit\u00e9s dans ce sens. Il va continuer \u00e0 trier, longtemps.<br \/>\nVous pourrez faire \u00e9voluer les propositions, afin de d\u00e9velopper son <strong>vocabulaire<\/strong> et sa culture. Car au-del\u00e0 de trier des couleurs et des formes, l&rsquo;enfant en grandissant aimera trier des photos, des mots, toute sorte de s\u00e9ries.<\/p>\n<p>Veillez \u00e0 ce qu&rsquo;un seul crit\u00e8re varie, soit la couleur, soit la taille, mais pas plusieurs \u00e0 la fois. Cela apporte de la clart\u00e9 au b\u00e9b\u00e9. Peu \u00e0 peu vous pourrez augmenter les difficult\u00e9s, donc les crit\u00e8res.<br \/>\nCe n&rsquo;est pas la peine d&rsquo;acheter du mat\u00e9riel sp\u00e9cifique pour cet exercice. R\u00e9fl\u00e9chissez \u00e0 ce que T. aime et cr\u00e9er des activit\u00e9s de tris en fonction de cela.<\/p>\n<p><a href=\"https:\/\/i0.wp.com\/www.blogbbmontessori.com\/wp-content\/uploads\/2013\/02\/tris.jpg?ssl=1\"><img data-recalc-dims=\"1\" loading=\"lazy\" decoding=\"async\" class=\"size-full wp-image-8370 aligncenter\" alt=\"tris\" src=\"https:\/\/i0.wp.com\/www.blogbbmontessori.com\/wp-content\/uploads\/2013\/02\/tris.jpg?resize=499%2C374&#038;ssl=1\" width=\"499\" height=\"374\" srcset=\"https:\/\/i0.wp.com\/www.blogbbmontessori.com\/wp-content\/uploads\/2013\/02\/tris.jpg?w=3648&amp;ssl=1 3648w, https:\/\/i0.wp.com\/www.blogbbmontessori.com\/wp-content\/uploads\/2013\/02\/tris.jpg?resize=300%2C225&amp;ssl=1 300w, https:\/\/i0.wp.com\/www.blogbbmontessori.com\/wp-content\/uploads\/2013\/02\/tris.jpg?resize=1024%2C768&amp;ssl=1 1024w, https:\/\/i0.wp.com\/www.blogbbmontessori.com\/wp-content\/uploads\/2013\/02\/tris.jpg?resize=624%2C468&amp;ssl=1 624w, https:\/\/i0.wp.com\/www.blogbbmontessori.com\/wp-content\/uploads\/2013\/02\/tris.jpg?w=1250&amp;ssl=1 1250w, https:\/\/i0.wp.com\/www.blogbbmontessori.com\/wp-content\/uploads\/2013\/02\/tris.jpg?w=1875&amp;ssl=1 1875w\" sizes=\"auto, (max-width: 499px) 100vw, 499px\" \/><\/a><\/p>\n<p>Un autre objectif du tri, indirect, cette fois, selon moi, est de se <strong>recentrer<\/strong> &#8211; l&rsquo;enfant tout comme l&rsquo;adulte &#8211;<br \/>\nQuand on connait d\u00e9j\u00e0 les \u00e9l\u00e9ments \u00e0 trier, on op\u00e8re le tri <strong>automatiquement<\/strong>, sans trop r\u00e9fl\u00e9chir, Cela d\u00e9tend donc et ressource.<br \/>\nA vous de trier donc !<br \/>\nOn commence par les photos ? Num\u00e9riques bien s\u00fbr !<\/p>\n<p>&nbsp;<\/p>\n<p>&nbsp;<\/p>\n","protected":false},"excerpt":{"rendered":"<p>Merci Na\u00efma pour votre email et le sujet abord\u00e9. Parmi les p\u00e9riodes sensibles telles que Maria Montessori les pr\u00e9sentait, vous ne trouverez pas celle du tri. L&rsquo;habilet\u00e9 de tri est une pr\u00e9mices des capacit\u00e9s cognitives du b\u00e9b\u00e9. (elle est compl\u00e9mentaire \u00e0 l&rsquo;habilet\u00e9 de s\u00e9riation, ch\u00e8re \u00e0 Maria aussi, nous en parlerons dans un prochain post). [&hellip;]<\/p>\n","protected":false},"author":2,"featured_media":0,"comment_status":"closed","ping_status":"open","sticky":false,"template":"","format":"standard","meta":{"jetpack_post_was_ever_published":false,"_jetpack_newsletter_access":"","_jetpack_dont_email_post_to_subs":false,"_jetpack_newsletter_tier_id":0,"_jetpack_memberships_contains_paywalled_content":false,"_jetpack_memberships_contains_paid_content":false,"footnotes":"","jetpack_publicize_message":"","jetpack_publicize_feature_enabled":true,"jetpack_social_post_already_shared":true,"jetpack_social_options":{"image_generator_settings":{"template":"highway","default_image_id":0,"font":"","enabled":false},"version":2}},"categories":[256,1],"tags":[150],"class_list":["post-8354","post","type-post","status-publish","format-standard","hentry","category-18-24-mois","category-quotidien","tag-trier"],"jetpack_publicize_connections":[],"jetpack_featured_media_url":"","jetpack_sharing_enabled":true,"jetpack_shortlink":"https:\/\/wp.me\/pm9U2-2aK","_links":{"self":[{"href":"https:\/\/www.blogbbmontessori.com\/index.php?rest_route=\/wp\/v2\/posts\/8354","targetHints":{"allow":["GET"]}}],"collection":[{"href":"https:\/\/www.blogbbmontessori.com\/index.php?rest_route=\/wp\/v2\/posts"}],"about":[{"href":"https:\/\/www.blogbbmontessori.com\/index.php?rest_route=\/wp\/v2\/types\/post"}],"author":[{"embeddable":true,"href":"https:\/\/www.blogbbmontessori.com\/index.php?rest_route=\/wp\/v2\/users\/2"}],"replies":[{"embeddable":true,"href":"https:\/\/www.blogbbmontessori.com\/index.php?rest_route=%2Fwp%2Fv2%2Fcomments&post=8354"}],"version-history":[{"count":18,"href":"https:\/\/www.blogbbmontessori.com\/index.php?rest_route=\/wp\/v2\/posts\/8354\/revisions"}],"predecessor-version":[{"id":8374,"href":"https:\/\/www.blogbbmontessori.com\/index.php?rest_route=\/wp\/v2\/posts\/8354\/revisions\/8374"}],"wp:attachment":[{"href":"https:\/\/www.blogbbmontessori.com\/index.php?rest_route=%2Fwp%2Fv2%2Fmedia&parent=8354"}],"wp:term":[{"taxonomy":"category","embeddable":true,"href":"https:\/\/www.blogbbmontessori.com\/index.php?rest_route=%2Fwp%2Fv2%2Fcategories&post=8354"},{"taxonomy":"post_tag","embeddable":true,"href":"https:\/\/www.blogbbmontessori.com\/index.php?rest_route=%2Fwp%2Fv2%2Ftags&post=8354"}],"curies":[{"name":"wp","href":"https:\/\/api.w.org\/{rel}","templated":true}]}}