{"id":8334,"date":"2013-02-07T20:53:40","date_gmt":"2013-02-07T18:53:40","guid":{"rendered":"http:\/\/www.blogbbmontessori.com\/?p=8334"},"modified":"2013-02-07T20:53:40","modified_gmt":"2013-02-07T18:53:40","slug":"ceci-se-passe-dans-une-creche-suite","status":"publish","type":"post","link":"https:\/\/www.blogbbmontessori.com\/?p=8334","title":{"rendered":"Ceci se passe dans une cr\u00e8che (suite)"},"content":{"rendered":"<p>suite du texte de Aude, EJE<\/p>\n<p>\u00ab\u00a0Cette description de ce temps de transition entre un moment de jeu et le repas ainsi que le repas lui m\u00eame est tir\u00e9e de mes observations des premiers jours de stage. Il est sans doute important de noter que l&rsquo;ensemble de la journ\u00e9e se d\u00e9roule de cette mani\u00e8re c&rsquo;est \u00e0 dire que les moments rep\u00e8res qui permettent de rythmer la journ\u00e9e de l&rsquo;enfant \u00e0 la cr\u00e8che et lui donner un cadre s\u00e9curisant sont inexistants.<br \/>\nJ&rsquo;observe que les enfants jouent tranquillement accompagn\u00e9s d&rsquo;adultes disponibles et \u00e0 l&rsquo;\u00e9coute de leurs besoins. Les professionnelles sont calmes, mesur\u00e9es et non directives sur ces moments de jeu. Puis soudain, il n&rsquo;est plus question de jouer, l&rsquo;enfant doit arr\u00eater son jeu, son activit\u00e9, son exp\u00e9rimentation, ses d\u00e9couvertes. En un instant, il doit comprendre qu&rsquo;il est temps de passer \u00e0 autre chose parce que c&rsquo;est l&rsquo;adulte qui le dit, parce que\u00a0 \u00ab\u00a0\u00a0 c&rsquo;est l&rsquo;heure\u00a0 \u00bb. Ainsi, j&rsquo;observe que, sans en rien comprendre, l&rsquo;enfant est sollicit\u00e9 pour rejoindre le groupe plus ou moins rapidement selon les jours et le \u00ab\u00a0 retard qu&rsquo;on aura pris\u00a0 \u00bb, apr\u00e8s avoir rang\u00e9 la salle&#8230; ou non&#8230;<br \/>\nJe note en effet que les diff\u00e9rents moments de la journ\u00e9e ne sont pas rep\u00e9r\u00e9s par les enfants. On passe du jeu au repas sans transition, sans prendre le temps de pr\u00e9parer l&rsquo;enfant, sans lui permettre d&rsquo;\u00eatre acteur dans ce changement. Alors, les enfants qui n&rsquo;ont pas compris, ou qui n&rsquo;ont pas \u00e9t\u00e9 pr\u00e9par\u00e9s au changement d&rsquo;activit\u00e9, n&rsquo;adoptent pas l&rsquo;attitude attendue par l&rsquo;adulte. La tension monte, les enfants continuent leurs jeux ou bien s&rsquo;agitent, se disputent. Les conflits augmentent et les interdictions des adultes se font plus nombreuses. On attrape un enfant par ci pour le mettre l\u00e0, on tente de canaliser le groupe\u00a0 : tous ensemble au m\u00eame endroit au m\u00eame moment. Puis la porte s&rsquo;ouvre&#8230;<br \/>\nLes professionnelles sont fatigu\u00e9es. Lors des r\u00e9unions, l&rsquo;\u00e9quipe d\u00e9crit les enfants de son unit\u00e9 comme des enfants \u00ab remuants, brouillons, uniquement dans la motricit\u00e9, qui ne se posent pas \u00bb. Elle dit que \u00ab c&rsquo;est un groupe difficile, impossible \u00e0 canaliser, \u00e0 g\u00e9rer\u00a0 \u00bb&#8230;<\/p>\n<p><a href=\"https:\/\/i0.wp.com\/www.blogbbmontessori.com\/wp-content\/uploads\/2013\/02\/emboa%CC%8Atable.png?ssl=1\"><img data-recalc-dims=\"1\" loading=\"lazy\" decoding=\"async\" class=\"alignnone size-full wp-image-8337\" alt=\"emboa\u030atable\" src=\"https:\/\/i0.wp.com\/www.blogbbmontessori.com\/wp-content\/uploads\/2013\/02\/emboa%CC%8Atable.png?resize=194%2C194&#038;ssl=1\" width=\"194\" height=\"194\" srcset=\"https:\/\/i0.wp.com\/www.blogbbmontessori.com\/wp-content\/uploads\/2013\/02\/emboa%CC%8Atable.png?w=500&amp;ssl=1 500w, https:\/\/i0.wp.com\/www.blogbbmontessori.com\/wp-content\/uploads\/2013\/02\/emboa%CC%8Atable.png?resize=150%2C150&amp;ssl=1 150w, https:\/\/i0.wp.com\/www.blogbbmontessori.com\/wp-content\/uploads\/2013\/02\/emboa%CC%8Atable.png?resize=300%2C300&amp;ssl=1 300w\" sizes=\"auto, (max-width: 194px) 100vw, 194px\" \/><\/a><a href=\"https:\/\/i0.wp.com\/www.blogbbmontessori.com\/wp-content\/uploads\/2013\/02\/enfiler_3-copie.png?ssl=1\"><img data-recalc-dims=\"1\" loading=\"lazy\" decoding=\"async\" class=\"alignnone size-full wp-image-8338\" alt=\"enfiler_3 copie\" src=\"https:\/\/i0.wp.com\/www.blogbbmontessori.com\/wp-content\/uploads\/2013\/02\/enfiler_3-copie.png?resize=193%2C193&#038;ssl=1\" width=\"193\" height=\"193\" srcset=\"https:\/\/i0.wp.com\/www.blogbbmontessori.com\/wp-content\/uploads\/2013\/02\/enfiler_3-copie.png?w=500&amp;ssl=1 500w, https:\/\/i0.wp.com\/www.blogbbmontessori.com\/wp-content\/uploads\/2013\/02\/enfiler_3-copie.png?resize=150%2C150&amp;ssl=1 150w, https:\/\/i0.wp.com\/www.blogbbmontessori.com\/wp-content\/uploads\/2013\/02\/enfiler_3-copie.png?resize=300%2C300&amp;ssl=1 300w\" sizes=\"auto, (max-width: 193px) 100vw, 193px\" \/><\/a><a href=\"https:\/\/i0.wp.com\/www.blogbbmontessori.com\/wp-content\/uploads\/2013\/02\/salle-de-stimulation-copie.png?ssl=1\"><img data-recalc-dims=\"1\" loading=\"lazy\" decoding=\"async\" class=\"alignnone size-full wp-image-8339\" alt=\"salle de stimulation  copie\" src=\"https:\/\/i0.wp.com\/www.blogbbmontessori.com\/wp-content\/uploads\/2013\/02\/salle-de-stimulation-copie.png?resize=197%2C197&#038;ssl=1\" width=\"197\" height=\"197\" srcset=\"https:\/\/i0.wp.com\/www.blogbbmontessori.com\/wp-content\/uploads\/2013\/02\/salle-de-stimulation-copie.png?w=500&amp;ssl=1 500w, https:\/\/i0.wp.com\/www.blogbbmontessori.com\/wp-content\/uploads\/2013\/02\/salle-de-stimulation-copie.png?resize=150%2C150&amp;ssl=1 150w, https:\/\/i0.wp.com\/www.blogbbmontessori.com\/wp-content\/uploads\/2013\/02\/salle-de-stimulation-copie.png?resize=300%2C300&amp;ssl=1 300w\" sizes=\"auto, (max-width: 197px) 100vw, 197px\" \/><\/a><\/p>\n<p>Il convient de replacer l&rsquo;enfant au centre de notre questionnement et en cela je rejoins un point important de la pens\u00e9e d&rsquo;Emmi Pikler\u00a0 : partir de l&rsquo;enfant, de l&rsquo;observation de l&rsquo;enfant. Que nous dit l&rsquo;enfant dans son agitation soudaine, dans ses d\u00e9bordements inattendus, dans son agressivit\u00e9 envers ses pairs\u00a0 ? N&rsquo;est-ce pas l\u00e0, la mise en place de m\u00e9canismes de d\u00e9fense face \u00e0 une ins\u00e9curit\u00e9 trop grande g\u00e9n\u00e9r\u00e9e par un encha\u00eenement d&rsquo;actions que l&rsquo;enfant ne peut pr\u00e9voir\u00a0 ?<br \/>\nDe m\u00eame, je mesure combien l&rsquo;enfant est \u00ab\u00a0 objet\u00a0 \u00bb\u00a0 : transport\u00e9, d\u00e9plac\u00e9, puis replac\u00e9, assis, nourri. Quelle conception a-t-on de l&rsquo;enfant\u00a0 ? Quelle possibilit\u00e9 a-t-il d&rsquo;\u00eatre \u00ab\u00a0 sujet\u00a0 \u00bb, de participer, d&rsquo;agir, de prendre des initiatives\u00a0 ?<br \/>\nJe d\u00e9gage donc deux points essentiels de mes questionnements. Comment organiser un moment de transition qui permette \u00e0 l&rsquo;enfant de se sentir s\u00e9curis\u00e9 et qui s&rsquo;inscrive dans une continuit\u00e9 de prise en charge\u00a0 ? Comment permettre \u00e0 l&rsquo;enfant de se sentir acteur de sa vie \u00e0 la cr\u00e8che en respectant son individualit\u00e9 tout en le valorisant dans son inscription au sein d&rsquo;un collectif\u00a0 ?<br \/>\nJe trouve certaines r\u00e9ponses en m&rsquo;appuyant sur diff\u00e9rents points essentiels de la p\u00e9dagogie d&rsquo;Emmi Pikler\u00a0 : organisation du cadre de vie, organisation des temps de vie: chacun a une place, r\u00e9flexion m\u00e9thodologique et d\u00e9finitivement: qualit\u00e9 des relations adultes-enfants bas\u00e9es sur la reconnaissance et la prise en compte des comp\u00e9tences de l&rsquo;enfant.<br \/>\nL&rsquo;accompagnement d&rsquo;un enfant dans un changement d&rsquo;activit\u00e9 ou au cours d&rsquo;un repas fait partie int\u00e9grante du soin. Il faut une bonne organisation qui permette \u00e0 la professionnelle d&rsquo;\u00eatre disponible pour l&rsquo;enfant. De cette organisation d\u00e9pend la qualit\u00e9 de la relation qui va s&rsquo;\u00e9tablir entre l&rsquo;enfant et la professionnelle et donc du bien-\u00eatre de l&rsquo;enfant accueilli.<br \/>\nIl faut donc repenser l&rsquo;organisation de ce moment repas ainsi que le positionnement des adultes pour que l&rsquo;enfant se sente dans une continuit\u00e9 de soin et se sente respect\u00e9 et valoris\u00e9 dans ces comp\u00e9tences.<br \/>\nJe rejoins \u00e0 nouveau Emmi Pikler lorsqu&rsquo;elle dit l&rsquo;importance de soutenir les professionnelles, de les aider \u00e0 penser leur travail tout en s&rsquo;ajustant \u00e0 l\u00e0 ou elles en sont dans leur cheminement professionnel. Il faut alors sans doute une certaine proximit\u00e9. Je citerai Myriam David et Genevi\u00e8ve Appell pour appuyer mon propos\u00a0 : \u00ab\u00a0\u00a0 c&rsquo;est pourquoi l&rsquo;organisation du travail pr\u00e9voit des moyens qui doivent permettre \u00e0 chacun de comprendre le sens des interventions qui lui sont demand\u00e9es, de partager avec d&rsquo;autres sa connaissance de chaque enfant, de trouver aide et soutien face aux probl\u00e8mes rencontr\u00e9s et de progresser dans sa comp\u00e9tence professionnelle\u00a0 \u00bb.<br \/>\nC&rsquo;est donc dans cette dynamique de travail en \u00e9quipe que le \u00ab\u00a0 projet repas de la section des grands-cr\u00e8che\u00a0 \u00bb est n\u00e9.\u00a0\u00bb<\/p>\n<p>Suite et fin la semaine prochaine<\/p>\n","protected":false},"excerpt":{"rendered":"<p>suite du texte de Aude, EJE \u00ab\u00a0Cette description de ce temps de transition entre un moment de jeu et le repas ainsi que le repas lui m\u00eame est tir\u00e9e de mes observations des premiers jours de stage. Il est sans doute important de noter que l&rsquo;ensemble de la journ\u00e9e se d\u00e9roule de cette mani\u00e8re c&rsquo;est [&hellip;]<\/p>\n","protected":false},"author":2,"featured_media":0,"comment_status":"closed","ping_status":"open","sticky":false,"template":"","format":"standard","meta":{"jetpack_post_was_ever_published":false,"_jetpack_newsletter_access":"","_jetpack_dont_email_post_to_subs":false,"_jetpack_newsletter_tier_id":0,"_jetpack_memberships_contains_paywalled_content":false,"_jetpack_memberships_contains_paid_content":false,"footnotes":"","jetpack_publicize_message":"","jetpack_publicize_feature_enabled":true,"jetpack_social_post_already_shared":true,"jetpack_social_options":{"image_generator_settings":{"template":"highway","default_image_id":0,"font":"","enabled":false},"version":2}},"categories":[256,257,35,34],"tags":[273,527,526],"class_list":["post-8334","post","type-post","status-publish","format-standard","hentry","category-18-24-mois","category-24-36-mois","category-liens-sociaux","category-livres","tag-jouer","tag-pikler","tag-transition"],"jetpack_publicize_connections":[],"jetpack_featured_media_url":"","jetpack_sharing_enabled":true,"jetpack_shortlink":"https:\/\/wp.me\/pm9U2-2aq","_links":{"self":[{"href":"https:\/\/www.blogbbmontessori.com\/index.php?rest_route=\/wp\/v2\/posts\/8334","targetHints":{"allow":["GET"]}}],"collection":[{"href":"https:\/\/www.blogbbmontessori.com\/index.php?rest_route=\/wp\/v2\/posts"}],"about":[{"href":"https:\/\/www.blogbbmontessori.com\/index.php?rest_route=\/wp\/v2\/types\/post"}],"author":[{"embeddable":true,"href":"https:\/\/www.blogbbmontessori.com\/index.php?rest_route=\/wp\/v2\/users\/2"}],"replies":[{"embeddable":true,"href":"https:\/\/www.blogbbmontessori.com\/index.php?rest_route=%2Fwp%2Fv2%2Fcomments&post=8334"}],"version-history":[{"count":6,"href":"https:\/\/www.blogbbmontessori.com\/index.php?rest_route=\/wp\/v2\/posts\/8334\/revisions"}],"predecessor-version":[{"id":8343,"href":"https:\/\/www.blogbbmontessori.com\/index.php?rest_route=\/wp\/v2\/posts\/8334\/revisions\/8343"}],"wp:attachment":[{"href":"https:\/\/www.blogbbmontessori.com\/index.php?rest_route=%2Fwp%2Fv2%2Fmedia&parent=8334"}],"wp:term":[{"taxonomy":"category","embeddable":true,"href":"https:\/\/www.blogbbmontessori.com\/index.php?rest_route=%2Fwp%2Fv2%2Fcategories&post=8334"},{"taxonomy":"post_tag","embeddable":true,"href":"https:\/\/www.blogbbmontessori.com\/index.php?rest_route=%2Fwp%2Fv2%2Ftags&post=8334"}],"curies":[{"name":"wp","href":"https:\/\/api.w.org\/{rel}","templated":true}]}}