{"id":8284,"date":"2013-02-01T21:49:54","date_gmt":"2013-02-01T19:49:54","guid":{"rendered":"http:\/\/www.blogbbmontessori.com\/?p=8284"},"modified":"2013-02-01T21:49:54","modified_gmt":"2013-02-01T19:49:54","slug":"les-quatre-phases-du-developpement-de-lenfant","status":"publish","type":"post","link":"https:\/\/www.blogbbmontessori.com\/?p=8284","title":{"rendered":"Les quatre phases du d\u00e9veloppement de l&rsquo;enfant"},"content":{"rendered":"<p>Selon Maria Montessori, de O \u00e0 24 ans, la personne se d\u00e9veloppe selon 4 phases temporelles :<br \/>\nDe 0 \u00e0 6 ans c&rsquo;est la petite enfance<br \/>\nDe 6 \u00e0 12 ans c&rsquo;est l&rsquo;enfance<br \/>\nDe 12 \u00e0 18 ans c&rsquo;est l&rsquo;adolescence<br \/>\nDe 18 \u00e0 24 ans c&rsquo;est la maturit\u00e9<br \/>\nLes \u00e9poques 1et 3 sont comparables car un temps de nouvelles acquisitions et les \u00e9poques 2 et 4 temps de perfectionnement.<br \/>\nActuellement, \u00a0dans notre fratrie, \u00a0nous avons des enfants en p\u00e9riode 1, 3 et 4. En tant que parents, c&rsquo;est utile d&rsquo;aider ses enfants \u00e0 grandir, connaissant les caract\u00e9ristiques de ces moments de croissance.<br \/>\nLa petite enfance est celle des p\u00e9riodes sensibles (voir post pr\u00e9c\u00e9dent), celle des fondements de la personnalit\u00e9, celle d&rsquo;une ind\u00e9pendance de mouvements, \u00a0celle de l&rsquo;explosion du langage (\u00e9crit et parl\u00e9).<br \/>\nL&rsquo;adolescence sera celle de l&rsquo;ind\u00e9pendance intellectuelle, de changements profonds physiologiques, moraux et sociaux.<br \/>\nLa maturit\u00e9 se passera d&rsquo;autant bien que l&rsquo;adolescence aura \u00e9t\u00e9 \u00e9panouissante. Elle sera l&rsquo;aboutissement de ces m\u00e9tamorphoses successives et permettra au potentiel humain de s&rsquo;\u00e9panouir.<\/p>\n<p><a href=\"https:\/\/i0.wp.com\/www.blogbbmontessori.com\/wp-content\/uploads\/2013\/02\/enfants.jpg?ssl=1\"><img data-recalc-dims=\"1\" loading=\"lazy\" decoding=\"async\" class=\"size-full wp-image-8288 aligncenter\" alt=\"enfants\" src=\"https:\/\/i0.wp.com\/www.blogbbmontessori.com\/wp-content\/uploads\/2013\/02\/enfants.jpg?resize=500%2C500&#038;ssl=1\" width=\"500\" height=\"500\" srcset=\"https:\/\/i0.wp.com\/www.blogbbmontessori.com\/wp-content\/uploads\/2013\/02\/enfants.jpg?w=500&amp;ssl=1 500w, https:\/\/i0.wp.com\/www.blogbbmontessori.com\/wp-content\/uploads\/2013\/02\/enfants.jpg?resize=150%2C150&amp;ssl=1 150w, https:\/\/i0.wp.com\/www.blogbbmontessori.com\/wp-content\/uploads\/2013\/02\/enfants.jpg?resize=300%2C300&amp;ssl=1 300w\" sizes=\"auto, (max-width: 500px) 100vw, 500px\" \/><\/a><\/p>\n<p>Sur ce blog, nous ne traitons que la premi\u00e8re phase, mais avons en t\u00eate, la continuit\u00e9 du d\u00e9veloppement total de l&rsquo;individu.<\/p>\n","protected":false},"excerpt":{"rendered":"<p>Selon Maria Montessori, de O \u00e0 24 ans, la personne se d\u00e9veloppe selon 4 phases temporelles : De 0 \u00e0 6 ans c&rsquo;est la petite enfance De 6 \u00e0 12 ans c&rsquo;est l&rsquo;enfance De 12 \u00e0 18 ans c&rsquo;est l&rsquo;adolescence De 18 \u00e0 24 ans c&rsquo;est la maturit\u00e9 Les \u00e9poques 1et 3 sont comparables car [&hellip;]<\/p>\n","protected":false},"author":2,"featured_media":0,"comment_status":"closed","ping_status":"open","sticky":false,"template":"","format":"standard","meta":{"jetpack_post_was_ever_published":false,"_jetpack_newsletter_access":"","_jetpack_dont_email_post_to_subs":false,"_jetpack_newsletter_tier_id":0,"_jetpack_memberships_contains_paywalled_content":false,"_jetpack_memberships_contains_paid_content":false,"footnotes":"","jetpack_publicize_message":"","jetpack_publicize_feature_enabled":true,"jetpack_social_post_already_shared":true,"jetpack_social_options":{"image_generator_settings":{"template":"highway","default_image_id":0,"font":"","enabled":false},"version":2}},"categories":[54,1],"tags":[],"class_list":["post-8284","post","type-post","status-publish","format-standard","hentry","category-periode-sensible","category-quotidien"],"jetpack_publicize_connections":[],"jetpack_featured_media_url":"","jetpack_sharing_enabled":true,"jetpack_shortlink":"https:\/\/wp.me\/pm9U2-29C","_links":{"self":[{"href":"https:\/\/www.blogbbmontessori.com\/index.php?rest_route=\/wp\/v2\/posts\/8284","targetHints":{"allow":["GET"]}}],"collection":[{"href":"https:\/\/www.blogbbmontessori.com\/index.php?rest_route=\/wp\/v2\/posts"}],"about":[{"href":"https:\/\/www.blogbbmontessori.com\/index.php?rest_route=\/wp\/v2\/types\/post"}],"author":[{"embeddable":true,"href":"https:\/\/www.blogbbmontessori.com\/index.php?rest_route=\/wp\/v2\/users\/2"}],"replies":[{"embeddable":true,"href":"https:\/\/www.blogbbmontessori.com\/index.php?rest_route=%2Fwp%2Fv2%2Fcomments&post=8284"}],"version-history":[{"count":6,"href":"https:\/\/www.blogbbmontessori.com\/index.php?rest_route=\/wp\/v2\/posts\/8284\/revisions"}],"predecessor-version":[{"id":8291,"href":"https:\/\/www.blogbbmontessori.com\/index.php?rest_route=\/wp\/v2\/posts\/8284\/revisions\/8291"}],"wp:attachment":[{"href":"https:\/\/www.blogbbmontessori.com\/index.php?rest_route=%2Fwp%2Fv2%2Fmedia&parent=8284"}],"wp:term":[{"taxonomy":"category","embeddable":true,"href":"https:\/\/www.blogbbmontessori.com\/index.php?rest_route=%2Fwp%2Fv2%2Fcategories&post=8284"},{"taxonomy":"post_tag","embeddable":true,"href":"https:\/\/www.blogbbmontessori.com\/index.php?rest_route=%2Fwp%2Fv2%2Ftags&post=8284"}],"curies":[{"name":"wp","href":"https:\/\/api.w.org\/{rel}","templated":true}]}}