{"id":827,"date":"2010-02-19T02:22:20","date_gmt":"2010-02-19T00:22:20","guid":{"rendered":"http:\/\/www.blogbbmontessori.com\/?p=827"},"modified":"2010-06-19T16:22:11","modified_gmt":"2010-06-19T14:22:11","slug":"leducation-au-beau","status":"publish","type":"post","link":"https:\/\/www.blogbbmontessori.com\/?p=827","title":{"rendered":"L&rsquo;\u00e9ducation au beau"},"content":{"rendered":"<p style=\"text-align: center;\">Vaste programme !<\/p>\n<p style=\"text-align: center;\"><a href=\"https:\/\/i0.wp.com\/www.blogbbmontessori.com\/wp-content\/uploads\/2009\/10\/gros-ballons.jpg?ssl=1\"><img data-recalc-dims=\"1\" loading=\"lazy\" decoding=\"async\" class=\"size-large wp-image-829 aligncenter\" style=\"border: 10px solid white;\" title=\"gros-ballons\" src=\"https:\/\/i0.wp.com\/www.blogbbmontessori.com\/wp-content\/uploads\/2009\/10\/gros-ballons.jpg?resize=300%2C180&#038;ssl=1\" alt=\"\" width=\"300\" height=\"180\" srcset=\"https:\/\/i0.wp.com\/www.blogbbmontessori.com\/wp-content\/uploads\/2009\/10\/gros-ballons.jpg?resize=300%2C180&amp;ssl=1 300w, https:\/\/i0.wp.com\/www.blogbbmontessori.com\/wp-content\/uploads\/2009\/10\/gros-ballons.jpg?w=1000&amp;ssl=1 1000w\" sizes=\"auto, (max-width: 300px) 100vw, 300px\" \/><\/a><\/p>\n<p style=\"text-align: left;\">Dans ma chambre, qui est aussi celle de papa et maman pour l&rsquo;instant, il y a des jolies images sur les murs, face aux lits. A c\u00f4t\u00e9 du tableau avec les <a title=\"b\u00e9casses\" href=\"http:\/\/bleuebaleine.free.fr\/images\/ST-LAURENT%20be%CC%81casses%202.jpg\">b\u00e9casses<\/a> qui courent au bord de l&rsquo;eau, maman a accroch\u00e9 des photos que j&rsquo;aime beaucoup : il y a la lune et surtout un bateau avec une voile.\u00a0 Et \u00e0 c\u00f4t\u00e9, deux tableaux : un beau <a title=\"http:\/\/2.bp.blogspot.com\/_UxPhRpHIZaU\/SlfzPU0LQLI\/AAAAAAAACM4\/A3WCmUWjGGw\/s320\/edward_hopper04.jpg\" href=\"http:\/\/2.bp.blogspot.com\/_UxPhRpHIZaU\/SlfzPU0LQLI\/AAAAAAAACM4\/A3WCmUWjGGw\/s320\/edward_hopper04.jpg\">bateau<\/a> \u00e0 voile, et un autre tableau qui est <a title=\"Klimt\" href=\"http:\/\/imagecache5.art.com\/p\/LRG\/8\/828\/RK6Y000Z\/gustav-klimt-musique.jpg\">compliqu\u00e9<\/a> et dans les tons bleus aussi. Une fois maman avait essay\u00e9 de changer la d\u00e9coration, en accrochant une aquarelle plus enfantine,\u00a0 mais \u00e7a ne m&rsquo;int\u00e9ressait pas alors elle a remis le voilier. Et j&rsquo;ai \u00e0 nouveau pu m&rsquo;exclamer : \u00ab\u00a0Oh, bateau !\u00a0\u00bb.<\/p>\n<p style=\"text-align: left;\">La dame qui a form\u00e9 maman l&rsquo;\u00e9t\u00e9 dernier disait qu&rsquo;il fallait mettre de belles images r\u00e9alistes au niveau des yeux des enfants, et les changer r\u00e9guli\u00e8rement. Chez nous il y a des meubles partout, et plus beaucoup de place sur les murs. Mais maman a trouv\u00e9 un petit coin : sur les portes des placards o\u00f9 est rang\u00e9 mon mat\u00e9riel, elle a coll\u00e9 trois pochettes en plastique dans lesquelles elle a gliss\u00e9 des belles images. Tiens, mais j&rsquo;y pense, ces images ne sont pas r\u00e9alistes, mais comme je me suis exclam\u00e9e \u00e0 plusieurs reprises en les voyant : <strong>\u00ab\u00a0Oh le beau !\u00a0\u00bb<\/strong>, elle a d\u00e9cid\u00e9 de les afficher. Il s&rsquo;agit de <a title=\"kal\u00e9idoscope\" href=\"http:\/\/storage.canalblog.com\/11\/58\/361656\/44821061_p.jpg\">publicit\u00e9s<\/a> pour le l&rsquo;huile qui se pr\u00e9sente sous forme d&rsquo;images de <a title=\"kal\u00e9idoscope\" href=\"http:\/\/pzrservices.typepad.com\/.a\/6a00d83451ccbc69e20120a6a16129970c-400wi\">kal\u00e9idoscope<\/a>. Et hier elle a remplac\u00e9 une des publicit\u00e9s par une des <a title=\"m\u00e9duses\" href=\"http:\/\/www.buta-connection.net\/galeries\/galeries\/Ponyo%20sur%20la%20falaise\/Film\/001.jpg\">images<\/a> de mon dessin anim\u00e9 pr\u00e9f\u00e9r\u00e9, <a title=\"Ponyo\" href=\"http:\/\/www.buta-connection.net\/galeries\/galeries.php?cat=Ponyo%20sur%20la%20falaise\">Ponyo<\/a> sur la falaise. C&rsquo;est trop beau \u00e7a aussi !<\/p>\n<p style=\"text-align: left;\">Et chez vous, qu&rsquo;est-ce qui est beau ?<\/p>\n<p style=\"text-align: left;\">\n<p style=\"text-align: left;\">\n<p style=\"text-align: left;\"><em>BBF\/Poussin est \u00e2g\u00e9e de 706 jours, soit 1 an, 11 mois et 4 jours.<\/em><\/p>\n<p style=\"text-align: left;\">A bient\u00f4t<\/p>\n<div id=\"attachment_1218\" style=\"width: 80px\" class=\"wp-caption alignnone\"><a href=\"https:\/\/i0.wp.com\/www.blogbbmontessori.com\/wp-content\/uploads\/2009\/12\/poussin00030.gif?ssl=1\"><img data-recalc-dims=\"1\" loading=\"lazy\" decoding=\"async\" aria-describedby=\"caption-attachment-1218\" class=\"size-medium wp-image-1218\" title=\"poussin00030\" src=\"https:\/\/i0.wp.com\/www.blogbbmontessori.com\/wp-content\/uploads\/2009\/12\/poussin00030.gif?resize=70%2C70&#038;ssl=1\" alt=\"BBF\/Poussin\" width=\"70\" height=\"70\" \/><\/a><p id=\"caption-attachment-1218\" class=\"wp-caption-text\">BBF\/Poussin<\/p><\/div>\n<p style=\"text-align: left;\">\n","protected":false},"excerpt":{"rendered":"<p>Vaste programme ! Dans ma chambre, qui est aussi celle de papa et maman pour l&rsquo;instant, il y a des jolies images sur les murs, face aux lits. A c\u00f4t\u00e9 du tableau avec les b\u00e9casses qui courent au bord de l&rsquo;eau, maman a accroch\u00e9 des photos que j&rsquo;aime beaucoup : il y a la lune [&hellip;]<\/p>\n","protected":false},"author":1,"featured_media":0,"comment_status":"open","ping_status":"open","sticky":false,"template":"","format":"standard","meta":{"jetpack_post_was_ever_published":false,"_jetpack_newsletter_access":"","_jetpack_dont_email_post_to_subs":false,"_jetpack_newsletter_tier_id":0,"_jetpack_memberships_contains_paywalled_content":false,"_jetpack_memberships_contains_paid_content":false,"footnotes":"","jetpack_publicize_message":"","jetpack_publicize_feature_enabled":true,"jetpack_social_post_already_shared":false,"jetpack_social_options":{"image_generator_settings":{"template":"highway","default_image_id":0,"font":"","enabled":false},"version":2}},"categories":[256,32,39,26,54,1,28],"tags":[187],"class_list":["post-827","post","type-post","status-publish","format-standard","hentry","category-18-24-mois","category-emotions","category-environnement","category-langage","category-periode-sensible","category-quotidien","category-vie-sensorielle","tag-beau"],"jetpack_publicize_connections":[],"jetpack_featured_media_url":"","jetpack_sharing_enabled":true,"jetpack_shortlink":"https:\/\/wp.me\/pm9U2-dl","_links":{"self":[{"href":"https:\/\/www.blogbbmontessori.com\/index.php?rest_route=\/wp\/v2\/posts\/827","targetHints":{"allow":["GET"]}}],"collection":[{"href":"https:\/\/www.blogbbmontessori.com\/index.php?rest_route=\/wp\/v2\/posts"}],"about":[{"href":"https:\/\/www.blogbbmontessori.com\/index.php?rest_route=\/wp\/v2\/types\/post"}],"author":[{"embeddable":true,"href":"https:\/\/www.blogbbmontessori.com\/index.php?rest_route=\/wp\/v2\/users\/1"}],"replies":[{"embeddable":true,"href":"https:\/\/www.blogbbmontessori.com\/index.php?rest_route=%2Fwp%2Fv2%2Fcomments&post=827"}],"version-history":[{"count":13,"href":"https:\/\/www.blogbbmontessori.com\/index.php?rest_route=\/wp\/v2\/posts\/827\/revisions"}],"predecessor-version":[{"id":1521,"href":"https:\/\/www.blogbbmontessori.com\/index.php?rest_route=\/wp\/v2\/posts\/827\/revisions\/1521"}],"wp:attachment":[{"href":"https:\/\/www.blogbbmontessori.com\/index.php?rest_route=%2Fwp%2Fv2%2Fmedia&parent=827"}],"wp:term":[{"taxonomy":"category","embeddable":true,"href":"https:\/\/www.blogbbmontessori.com\/index.php?rest_route=%2Fwp%2Fv2%2Fcategories&post=827"},{"taxonomy":"post_tag","embeddable":true,"href":"https:\/\/www.blogbbmontessori.com\/index.php?rest_route=%2Fwp%2Fv2%2Ftags&post=827"}],"curies":[{"name":"wp","href":"https:\/\/api.w.org\/{rel}","templated":true}]}}