{"id":803,"date":"2009-10-02T00:04:35","date_gmt":"2009-10-01T22:04:35","guid":{"rendered":"http:\/\/www.blogbbmontessori.com\/?p=803"},"modified":"2010-06-18T14:33:51","modified_gmt":"2010-06-18T12:33:51","slug":"la-poussette-ce-nest-pas-si-mal","status":"publish","type":"post","link":"https:\/\/www.blogbbmontessori.com\/?p=803","title":{"rendered":"La poussette, ce n&rsquo;est pas si mal"},"content":{"rendered":"<p>J&rsquo;ai chang\u00e9 d&rsquo;avis &#8230;<\/p>\n<p style=\"text-align: center;\"><a href=\"https:\/\/i0.wp.com\/www.blogbbmontessori.com\/wp-content\/uploads\/2009\/10\/sous-la-poussette.jpg?ssl=1\"><img data-recalc-dims=\"1\" loading=\"lazy\" decoding=\"async\" class=\"size-medium wp-image-814 aligncenter\" title=\"18 mois et 11 jours\" src=\"https:\/\/i0.wp.com\/www.blogbbmontessori.com\/wp-content\/uploads\/2009\/10\/sous-la-poussette.jpg?resize=201%2C300&#038;ssl=1\" alt=\"\" width=\"201\" height=\"300\" srcset=\"https:\/\/i0.wp.com\/www.blogbbmontessori.com\/wp-content\/uploads\/2009\/10\/sous-la-poussette.jpg?resize=201%2C300&amp;ssl=1 201w, https:\/\/i0.wp.com\/www.blogbbmontessori.com\/wp-content\/uploads\/2009\/10\/sous-la-poussette.jpg?w=687&amp;ssl=1 687w\" sizes=\"auto, (max-width: 201px) 100vw, 201px\" \/><\/a><\/p>\n<p>surtout si je peux me mettre debout dedans, ou assise en-dessous&#8230;<\/p>\n<p>Depuis cet \u00e9t\u00e9 je suis attir\u00e9e par les poussettes, et \u00e0 la rentr\u00e9e, j&rsquo;ai red\u00e9couvert la mienne. Maintenant, je monte dedans toute seule, il est hors de question qu&rsquo;on aille se promener sans la poussette. Si je marche, Maman met son sac dedans. Ou mon petit camion.<\/p>\n<p>Depuis que j&rsquo;ai d\u00e9couvert la place en bas, je suis super fi\u00e8re d&rsquo;aller en poussette !<\/p>\n<div id=\"attachment_816\" style=\"width: 233px\" class=\"wp-caption aligncenter\"><a href=\"https:\/\/i0.wp.com\/www.blogbbmontessori.com\/wp-content\/uploads\/2009\/10\/sous-la-poussette-2.jpg?ssl=1\"><img data-recalc-dims=\"1\" loading=\"lazy\" decoding=\"async\" aria-describedby=\"caption-attachment-816\" class=\"size-medium wp-image-816\" title=\"18 mois et 14 jours\" src=\"https:\/\/i0.wp.com\/www.blogbbmontessori.com\/wp-content\/uploads\/2009\/10\/sous-la-poussette-2.jpg?resize=223%2C300&#038;ssl=1\" alt=\"Fi\u00e8re...\" width=\"223\" height=\"300\" srcset=\"https:\/\/i0.wp.com\/www.blogbbmontessori.com\/wp-content\/uploads\/2009\/10\/sous-la-poussette-2.jpg?resize=223%2C300&amp;ssl=1 223w, https:\/\/i0.wp.com\/www.blogbbmontessori.com\/wp-content\/uploads\/2009\/10\/sous-la-poussette-2.jpg?w=762&amp;ssl=1 762w\" sizes=\"auto, (max-width: 223px) 100vw, 223px\" \/><\/a><p id=\"caption-attachment-816\" class=\"wp-caption-text\">Fi\u00e8re...<\/p><\/div>\n<p>BBF<\/p>\n","protected":false},"excerpt":{"rendered":"<p>J&rsquo;ai chang\u00e9 d&rsquo;avis &#8230; surtout si je peux me mettre debout dedans, ou assise en-dessous&#8230; Depuis cet \u00e9t\u00e9 je suis attir\u00e9e par les poussettes, et \u00e0 la rentr\u00e9e, j&rsquo;ai red\u00e9couvert la mienne. Maintenant, je monte dedans toute seule, il est hors de question qu&rsquo;on aille se promener sans la poussette. Si je marche, Maman met [&hellip;]<\/p>\n","protected":false},"author":1,"featured_media":0,"comment_status":"open","ping_status":"open","sticky":false,"template":"","format":"standard","meta":{"jetpack_post_was_ever_published":false,"_jetpack_newsletter_access":"","_jetpack_dont_email_post_to_subs":false,"_jetpack_newsletter_tier_id":0,"_jetpack_memberships_contains_paywalled_content":false,"_jetpack_memberships_contains_paid_content":false,"footnotes":"","jetpack_publicize_message":"","jetpack_publicize_feature_enabled":true,"jetpack_social_post_already_shared":false,"jetpack_social_options":{"image_generator_settings":{"template":"highway","default_image_id":0,"font":"","enabled":false},"version":2}},"categories":[255,256,22,1],"tags":[60],"class_list":["post-803","post","type-post","status-publish","format-standard","hentry","category-12-18-mois","category-18-24-mois","category-developpement-moteur","category-quotidien","tag-poussette"],"jetpack_publicize_connections":[],"jetpack_featured_media_url":"","jetpack_sharing_enabled":true,"jetpack_shortlink":"https:\/\/wp.me\/pm9U2-cX","_links":{"self":[{"href":"https:\/\/www.blogbbmontessori.com\/index.php?rest_route=\/wp\/v2\/posts\/803","targetHints":{"allow":["GET"]}}],"collection":[{"href":"https:\/\/www.blogbbmontessori.com\/index.php?rest_route=\/wp\/v2\/posts"}],"about":[{"href":"https:\/\/www.blogbbmontessori.com\/index.php?rest_route=\/wp\/v2\/types\/post"}],"author":[{"embeddable":true,"href":"https:\/\/www.blogbbmontessori.com\/index.php?rest_route=\/wp\/v2\/users\/1"}],"replies":[{"embeddable":true,"href":"https:\/\/www.blogbbmontessori.com\/index.php?rest_route=%2Fwp%2Fv2%2Fcomments&post=803"}],"version-history":[{"count":6,"href":"https:\/\/www.blogbbmontessori.com\/index.php?rest_route=\/wp\/v2\/posts\/803\/revisions"}],"predecessor-version":[{"id":820,"href":"https:\/\/www.blogbbmontessori.com\/index.php?rest_route=\/wp\/v2\/posts\/803\/revisions\/820"}],"wp:attachment":[{"href":"https:\/\/www.blogbbmontessori.com\/index.php?rest_route=%2Fwp%2Fv2%2Fmedia&parent=803"}],"wp:term":[{"taxonomy":"category","embeddable":true,"href":"https:\/\/www.blogbbmontessori.com\/index.php?rest_route=%2Fwp%2Fv2%2Fcategories&post=803"},{"taxonomy":"post_tag","embeddable":true,"href":"https:\/\/www.blogbbmontessori.com\/index.php?rest_route=%2Fwp%2Fv2%2Ftags&post=803"}],"curies":[{"name":"wp","href":"https:\/\/api.w.org\/{rel}","templated":true}]}}