{"id":8019,"date":"2013-01-10T23:48:25","date_gmt":"2013-01-10T21:48:25","guid":{"rendered":"http:\/\/www.blogbbmontessori.com\/?p=8019"},"modified":"2013-01-10T23:48:25","modified_gmt":"2013-01-10T21:48:25","slug":"des-ateliers-deveil-pres-de-tours","status":"publish","type":"post","link":"https:\/\/www.blogbbmontessori.com\/?p=8019","title":{"rendered":"Des ateliers d&rsquo;\u00e9veil pr\u00e8s de Tours"},"content":{"rendered":"<p style=\"text-align: left;\" align=\"center\"><span style=\"font-family: Calibri;\">Une fois n&rsquo;est pas cout\u00fbme, mais comme je connais la personne qui propose ses ateliers, vous pourrez lui confier vos enfants sans surprise. Elle a suivi une formation <\/span><span style=\"font-family: Calibri;\">\u00e0 la p\u00e9dagogie et a une longue exp\u00e9rience dans l&rsquo;accompagnement du handicap mental.<\/span><b><span style=\"font-family: Calibri;\"><br \/>\n<\/span><\/b><\/p>\n<p style=\"text-align: center;\" align=\"center\"><a href=\"https:\/\/www.blogbbmontessori.com\/quotidien\/des-ateliers-deveil-pres-de-tours\/attachment\/papillon\/\" rel=\"attachment wp-att-8022\"><img data-recalc-dims=\"1\" loading=\"lazy\" decoding=\"async\" class=\"alignnone size-full wp-image-8022\" alt=\"papillon\" src=\"https:\/\/i0.wp.com\/www.blogbbmontessori.com\/wp-content\/uploads\/2013\/01\/papillon.png?resize=200%2C188&#038;ssl=1\" width=\"200\" height=\"188\" \/><\/a><\/p>\n<p style=\"text-align: left;\" align=\"center\"><b><span style=\"font-family: Calibri;\">ATELIERS D\u2019EVEIL<\/span><\/b><\/p>\n<p style=\"text-align: left;\" align=\"center\"><b><span style=\"font-family: Calibri;\">Sous l\u2019inspiration de la p\u00e9dagogie MONTESSORI<\/span><\/b><\/p>\n<p><span style=\"font-family: Calibri;\">Accompagnement individuel dans les apprentissages et habilet\u00e9s.<\/span><\/p>\n<p><span style=\"font-family: Calibri;\">La personne manipule et explore le mat\u00e9riel propos\u00e9 \u00e0 son rythme\u00a0:<\/span><\/p>\n<p><span style=\"font-family: Calibri;\">&#8211;<\/span>\u00a0\u00a0\u00a0\u00a0\u00a0\u00a0\u00a0\u00a0\u00a0 <span style=\"font-family: Calibri;\">D\u00e9veloppe l\u2019autonomie dans les gestes de la vie quotidienne.<br \/>\n&#8211;<\/span>\u00a0\u00a0\u00a0\u00a0\u00a0\u00a0\u00a0\u00a0\u00a0 <span style=\"font-family: Calibri;\">Renforce la confiance en soi et l\u2019estime de soi.<br \/>\n&#8211;<\/span>\u00a0\u00a0\u00a0\u00a0\u00a0\u00a0\u00a0\u00a0\u00a0 <span style=\"font-family: Calibri;\">Favorise la capacit\u00e9 de concentration.<br \/>\n&#8211;<\/span>\u00a0\u00a0\u00a0\u00a0\u00a0\u00a0\u00a0\u00a0\u00a0 <span style=\"font-family: Calibri;\">Stimule la motricit\u00e9 fine.<\/span><\/p>\n<p><span style=\"font-family: Calibri;\">Les ateliers s\u2019adressent\u00a0 \u00e0\u00a0:<br \/>\nL\u2019enfant en situation ordinaire \u00e2g\u00e9 de 2 ans et demi \u00e0 6 ans.<br \/>\nL\u2019enfant, adolescent et adulte en situation de handicap mental.<\/span><\/p>\n<p><span style=\"font-family: Calibri;\">Virginie JAMAIN<br \/>\nAide-m\u00e9dico-psychologique dipl\u00f4m\u00e9e d\u2019Etat.<br \/>\n<a href=\"http:\/\/www.ateliers-eveil.blogspot.com\/\" target=\"_blank\">http:\/\/www.ateliers-eveil.<wbr \/>blogspot.com\/<\/a><\/span><\/p>\n","protected":false},"excerpt":{"rendered":"<p>Une fois n&rsquo;est pas cout\u00fbme, mais comme je connais la personne qui propose ses ateliers, vous pourrez lui confier vos enfants sans surprise. Elle a suivi une formation \u00e0 la p\u00e9dagogie et a une longue exp\u00e9rience dans l&rsquo;accompagnement du handicap mental. ATELIERS D\u2019EVEIL Sous l\u2019inspiration de la p\u00e9dagogie MONTESSORI Accompagnement individuel dans les apprentissages et [&hellip;]<\/p>\n","protected":false},"author":2,"featured_media":0,"comment_status":"open","ping_status":"open","sticky":false,"template":"","format":"standard","meta":{"jetpack_post_was_ever_published":false,"_jetpack_newsletter_access":"","_jetpack_dont_email_post_to_subs":false,"_jetpack_newsletter_tier_id":0,"_jetpack_memberships_contains_paywalled_content":false,"_jetpack_memberships_contains_paid_content":false,"footnotes":"","jetpack_publicize_message":"","jetpack_publicize_feature_enabled":true,"jetpack_social_post_already_shared":true,"jetpack_social_options":{"image_generator_settings":{"template":"highway","default_image_id":0,"font":"","enabled":false},"version":2}},"categories":[36,20,1],"tags":[],"class_list":["post-8019","post","type-post","status-publish","format-standard","hentry","category-nourriture","category-ordre","category-quotidien"],"jetpack_publicize_connections":[],"jetpack_featured_media_url":"","jetpack_sharing_enabled":true,"jetpack_shortlink":"https:\/\/wp.me\/pm9U2-25l","_links":{"self":[{"href":"https:\/\/www.blogbbmontessori.com\/index.php?rest_route=\/wp\/v2\/posts\/8019","targetHints":{"allow":["GET"]}}],"collection":[{"href":"https:\/\/www.blogbbmontessori.com\/index.php?rest_route=\/wp\/v2\/posts"}],"about":[{"href":"https:\/\/www.blogbbmontessori.com\/index.php?rest_route=\/wp\/v2\/types\/post"}],"author":[{"embeddable":true,"href":"https:\/\/www.blogbbmontessori.com\/index.php?rest_route=\/wp\/v2\/users\/2"}],"replies":[{"embeddable":true,"href":"https:\/\/www.blogbbmontessori.com\/index.php?rest_route=%2Fwp%2Fv2%2Fcomments&post=8019"}],"version-history":[{"count":4,"href":"https:\/\/www.blogbbmontessori.com\/index.php?rest_route=\/wp\/v2\/posts\/8019\/revisions"}],"predecessor-version":[{"id":8024,"href":"https:\/\/www.blogbbmontessori.com\/index.php?rest_route=\/wp\/v2\/posts\/8019\/revisions\/8024"}],"wp:attachment":[{"href":"https:\/\/www.blogbbmontessori.com\/index.php?rest_route=%2Fwp%2Fv2%2Fmedia&parent=8019"}],"wp:term":[{"taxonomy":"category","embeddable":true,"href":"https:\/\/www.blogbbmontessori.com\/index.php?rest_route=%2Fwp%2Fv2%2Fcategories&post=8019"},{"taxonomy":"post_tag","embeddable":true,"href":"https:\/\/www.blogbbmontessori.com\/index.php?rest_route=%2Fwp%2Fv2%2Ftags&post=8019"}],"curies":[{"name":"wp","href":"https:\/\/api.w.org\/{rel}","templated":true}]}}