{"id":7408,"date":"2012-12-14T21:28:14","date_gmt":"2012-12-14T19:28:14","guid":{"rendered":"http:\/\/www.blogbbmontessori.com\/?p=7408"},"modified":"2012-12-14T21:28:14","modified_gmt":"2012-12-14T19:28:14","slug":"les-besoins-fondamentaux-de-lenfant","status":"publish","type":"post","link":"https:\/\/www.blogbbmontessori.com\/?p=7408","title":{"rendered":"Les besoins fondamentaux de l&rsquo;enfant"},"content":{"rendered":"<p>Maria Montessori et son fils Mario, ont cr\u00e9\u00e9 un th\u00e8me d&rsquo;\u00e9tude sur <strong>\u00ab\u00a0les besoins fondamentaux de l&rsquo;homme\u00a0\u00bb<\/strong>. Dans les classes Montessori de niveau \u00e9l\u00e9mentaire, vous utiliserez un mat\u00e9riel compos\u00e9 de grandes affiches pour aider les enfants \u00e0 comprendre quels sont nos besoins fondamentaux.<\/p>\n<p>Dans le milieu \u00e9ducatif et parental, on parle souvent des besoins de l&rsquo;enfant. Quels sont-ils ? Les avis divergent car, il faut le reconna\u00eetre, ce n&rsquo;est pas simple de synth\u00e9tiser cela en un tableau qui fasse l&rsquo;unanimit\u00e9.<\/p>\n<p>Personnellement, en tant que m\u00e8re de quatre enfants, je me pose souvent cette question, surtout pour BBG qui a quatre ans et dont les besoins ne sont pas du tout ceux d&rsquo;un adulte, et en \u00e9ternelle \u00e9volution. <strong>Est-ce que je r\u00e9ponds \u00e0 ses besoins du moment ? O\u00f9 en est-il dans son d\u00e9veloppement et donc ses besoins ?<\/strong><\/p>\n<p>Je vous propose un lien vers un tableau, sur lequel on peut r\u00e9fl\u00e9chir, c&rsquo;est dans un cadre professionnel de loisir, mais cela ne g\u00e8ne pas la r\u00e9flexion.<\/p>\n<p><a href=\"http:\/\/www.guide-accueil-mineurs-01.fr\/Pages\/Besoins-fondamentaux-des-enfants-et-jeunes.html\">http:\/\/www.guide-accueil-mineurs-01.fr\/Pages\/Besoins-fondamentaux-des-enfants-et-jeunes.html<\/a><\/p>\n<p><a href=\"https:\/\/www.blogbbmontessori.com\/quotidien\/les-besoins-fondamentaux-de-lenfant\/attachment\/besoins\/\" rel=\"attachment wp-att-7731\"><img data-recalc-dims=\"1\" loading=\"lazy\" decoding=\"async\" class=\"size-medium wp-image-7731 aligncenter\" alt=\"Besoins\" src=\"https:\/\/i0.wp.com\/www.blogbbmontessori.com\/wp-content\/uploads\/2012\/12\/Besoins.jpg?resize=300%2C300&#038;ssl=1\" width=\"300\" height=\"300\" srcset=\"https:\/\/i0.wp.com\/www.blogbbmontessori.com\/wp-content\/uploads\/2012\/12\/Besoins.jpg?resize=300%2C300&amp;ssl=1 300w, https:\/\/i0.wp.com\/www.blogbbmontessori.com\/wp-content\/uploads\/2012\/12\/Besoins.jpg?resize=150%2C150&amp;ssl=1 150w, https:\/\/i0.wp.com\/www.blogbbmontessori.com\/wp-content\/uploads\/2012\/12\/Besoins.jpg?w=500&amp;ssl=1 500w\" sizes=\"auto, (max-width: 300px) 100vw, 300px\" \/><\/a><\/p>\n","protected":false},"excerpt":{"rendered":"<p>Maria Montessori et son fils Mario, ont cr\u00e9\u00e9 un th\u00e8me d&rsquo;\u00e9tude sur \u00ab\u00a0les besoins fondamentaux de l&rsquo;homme\u00a0\u00bb. Dans les classes Montessori de niveau \u00e9l\u00e9mentaire, vous utiliserez un mat\u00e9riel compos\u00e9 de grandes affiches pour aider les enfants \u00e0 comprendre quels sont nos besoins fondamentaux. Dans le milieu \u00e9ducatif et parental, on parle souvent des besoins de [&hellip;]<\/p>\n","protected":false},"author":2,"featured_media":0,"comment_status":"open","ping_status":"open","sticky":false,"template":"","format":"standard","meta":{"jetpack_post_was_ever_published":false,"_jetpack_newsletter_access":"","_jetpack_dont_email_post_to_subs":false,"_jetpack_newsletter_tier_id":0,"_jetpack_memberships_contains_paywalled_content":false,"_jetpack_memberships_contains_paid_content":false,"footnotes":"","jetpack_publicize_message":"","jetpack_publicize_feature_enabled":true,"jetpack_social_post_already_shared":true,"jetpack_social_options":{"image_generator_settings":{"template":"highway","default_image_id":0,"font":"","enabled":false},"version":2}},"categories":[252,254,255,256,257,71,1],"tags":[311],"class_list":["post-7408","post","type-post","status-publish","format-standard","hentry","category-0-6-mois","category-06-12-mois","category-12-18-mois","category-18-24-mois","category-24-36-mois","category-education-cosmique","category-quotidien","tag-besoins"],"jetpack_publicize_connections":[],"jetpack_featured_media_url":"","jetpack_sharing_enabled":true,"jetpack_shortlink":"https:\/\/wp.me\/pm9U2-1Vu","_links":{"self":[{"href":"https:\/\/www.blogbbmontessori.com\/index.php?rest_route=\/wp\/v2\/posts\/7408","targetHints":{"allow":["GET"]}}],"collection":[{"href":"https:\/\/www.blogbbmontessori.com\/index.php?rest_route=\/wp\/v2\/posts"}],"about":[{"href":"https:\/\/www.blogbbmontessori.com\/index.php?rest_route=\/wp\/v2\/types\/post"}],"author":[{"embeddable":true,"href":"https:\/\/www.blogbbmontessori.com\/index.php?rest_route=\/wp\/v2\/users\/2"}],"replies":[{"embeddable":true,"href":"https:\/\/www.blogbbmontessori.com\/index.php?rest_route=%2Fwp%2Fv2%2Fcomments&post=7408"}],"version-history":[{"count":14,"href":"https:\/\/www.blogbbmontessori.com\/index.php?rest_route=\/wp\/v2\/posts\/7408\/revisions"}],"predecessor-version":[{"id":7734,"href":"https:\/\/www.blogbbmontessori.com\/index.php?rest_route=\/wp\/v2\/posts\/7408\/revisions\/7734"}],"wp:attachment":[{"href":"https:\/\/www.blogbbmontessori.com\/index.php?rest_route=%2Fwp%2Fv2%2Fmedia&parent=7408"}],"wp:term":[{"taxonomy":"category","embeddable":true,"href":"https:\/\/www.blogbbmontessori.com\/index.php?rest_route=%2Fwp%2Fv2%2Fcategories&post=7408"},{"taxonomy":"post_tag","embeddable":true,"href":"https:\/\/www.blogbbmontessori.com\/index.php?rest_route=%2Fwp%2Fv2%2Ftags&post=7408"}],"curies":[{"name":"wp","href":"https:\/\/api.w.org\/{rel}","templated":true}]}}