{"id":7363,"date":"2012-11-16T04:42:52","date_gmt":"2012-11-16T02:42:52","guid":{"rendered":"http:\/\/www.blogbbmontessori.com\/?p=7363"},"modified":"2012-11-16T21:19:06","modified_gmt":"2012-11-16T19:19:06","slug":"un-enfant-pas-comme-les-autres","status":"publish","type":"post","link":"https:\/\/www.blogbbmontessori.com\/?p=7363","title":{"rendered":"\u00ab\u00a0Un enfant pas comme les autres\u00a0\u00bb"},"content":{"rendered":"<p>Je d\u00e9cide d&rsquo;\u00e9crire un post sur ce sujet car il me touche actuellement. Je sais que c&rsquo;est aussi un sujet \u00ab\u00a0d&rsquo;actualit\u00e9\u00a0\u00bb comme on dit.<\/p>\n<p>J&rsquo;interviens dans une classe de maternelle Montessori et je peux voir quelques enfants de 3 ans \u00e0 peine pour lesquels la soci\u00e9t\u00e9, c&rsquo;est-\u00e0-dire, nous les adultes, r\u00e9agissons en nous posant des questions, nous sentant d\u00e9munis face \u00e0 un enfant ou un autre qui ne r\u00e9agit pas \u00ab\u00a0comme les autres\u00a0\u00bb. Cela semble difficile \u00e0 \u00e9crire en tant que Montessorienne, ne trouvez-vous pas ? C&rsquo;est pourtant l\u00e0 que la p\u00e9dagogie va pouvoir nous aider, en tous les cas il faut y croire.<\/p>\n<p>Ce petit gar\u00e7on \u00e0 bient\u00f4t 3 ans, il est robuste, saute beaucoup dans ses mouvements, s&rsquo;int\u00e9resse \u00e0 tout et \u00e0 tout le monde, touche \u00e0 tout. Il a \u00e9t\u00e9 adopt\u00e9 d\u00e8s sa naissance, mais les d\u00e9buts de sa vie ont \u00e9t\u00e9 chaotiques. Tout semble stabilis\u00e9 depuis quelques mois.<\/p>\n<p>Son langage n&rsquo;est pas compr\u00e9hensible \u00e0 qui le rencontre. Il est tr\u00e8s maladroit, se heurte partout, tombe souvent et renverse beaucoup de choses dans la classe. Il n&rsquo;est pas violent, mais tr\u00e8s brusque dans ses mouvements. Il n&rsquo;accepte que tr\u00e8s peu de directives, en groupe comme en individuel.<\/p>\n<p>Il monopolise un adulte, quasiment en permanence pour l&rsquo;aider \u00e0 rester dans l&rsquo;ambiance classe.<\/p>\n<p>Que nous conseille la p\u00e9dagogie de Maria Montessori :<\/p>\n<p><strong>1) l&rsquo;observation<br \/>\n2) l&rsquo;adaptation du milieu<br \/>\n3) la confiance et la patience<\/strong><\/p>\n<p>C&rsquo;est simpliste, n&rsquo;est-ce pas ! Et pourtant, non je pense sinc\u00e8rement qu&rsquo;il faut s&rsquo;en tenir aux bases de cette p\u00e9dagogie.<\/p>\n<p>L&rsquo;observation minutieuse et r\u00e9p\u00e9t\u00e9e de cet enfant, (et c&rsquo;est l\u00e0 la difficult\u00e9 : comment se rendre disponible pour pouvoir l&rsquo;observer) va permettre de mettre des termes pr\u00e9cis et objectifs sur le d\u00e9veloppement de cet enfant.<\/p>\n<p>A partir des <strong>observations<\/strong>, l&rsquo;\u00e9quipe p\u00e9dagogique pourra d\u00e9cider comment adapter l&rsquo;<strong>environnement<\/strong> (le mat\u00e9riel) l&rsquo;<strong>ambiance<\/strong> (la vie de classe), le <strong>planning<\/strong> pour cet enfant. Tout sera mis en oeuvre pour permettre \u00e0 cet enfant de pouvoir \u00e9voluer dans la classe.<\/p>\n<p>Ce qui se passe actuellement : nous mettons des \u00e9tiquettes h\u00e2tives (sur l&rsquo;enfant) comme la pr\u00e9cocit\u00e9, l&rsquo;hyperactivit\u00e9, les troubles de comportements, etc. Nous n&rsquo;observons pas l&rsquo;enfant vraiment ni suffisamment, nous ne travaillons pas assez en \u00e9quipe et ne prenons pas ensemble (avec l&rsquo;enfant aussi) les d\u00e9cisions pour qu&rsquo;il puisse progresser. Nous doutons de sa capacit\u00e9 d&rsquo;\u00e9voluer, car sommes focalis\u00e9s sur les soucis du pr\u00e9sent.<\/p>\n<p>Les r\u00e9sultats sont assez tristes pour tout le monde, je pense. Alors lisez cet article sur l&rsquo;hyperactivit\u00e9, il donne des pistes int\u00e9ressantes, selon moi, \u00e0 exploiter, en mati\u00e8re de <strong>nourriture<\/strong> surtout. D&rsquo;ailleurs le petit gar\u00e7on ci-dessus est suraliment\u00e9 en sucres rapides et aliments type fast food !<\/p>\n<p style=\"text-align: center;\">\n<p><a href=\"http:\/\/www.santenatureinnovation.fr\/quels-problemes-de-sante\/autres\/troubles-de-lattention-hyperactivite\">http:\/\/www.santenatureinnovation.fr\/quels-problemes-de-sante\/autres\/troubles-de-lattention-hyperactivite<\/a><\/p>\n<p style=\"text-align: center;\"><a href=\"https:\/\/i0.wp.com\/www.blogbbmontessori.com\/wp-content\/uploads\/2012\/11\/hyperactivitecc81.jpg?ssl=1\"><img data-recalc-dims=\"1\" loading=\"lazy\" decoding=\"async\" class=\"size-medium wp-image-7396 aligncenter\" title=\"hyperactivit\u00e9\" src=\"https:\/\/i0.wp.com\/www.blogbbmontessori.com\/wp-content\/uploads\/2012\/11\/hyperactivitecc81.jpg?resize=474%2C355&#038;ssl=1\" alt=\"\" width=\"474\" height=\"355\" srcset=\"https:\/\/i0.wp.com\/www.blogbbmontessori.com\/wp-content\/uploads\/2012\/11\/hyperactivitecc81.jpg?resize=300%2C225&amp;ssl=1 300w, https:\/\/i0.wp.com\/www.blogbbmontessori.com\/wp-content\/uploads\/\/home\/www\/bebe\/wp-content\/uploads\/2012\/11\/hyperactivitecc81.jpg?w=1250&amp;ssl=1 1250w, https:\/\/i0.wp.com\/www.blogbbmontessori.com\/wp-content\/uploads\/\/home\/www\/bebe\/wp-content\/uploads\/2012\/11\/hyperactivitecc81.jpg?w=1875&amp;ssl=1 1875w\" sizes=\"auto, (max-width: 474px) 100vw, 474px\" \/><\/a><\/p>\n","protected":false},"excerpt":{"rendered":"<p>Je d\u00e9cide d&rsquo;\u00e9crire un post sur ce sujet car il me touche actuellement. Je sais que c&rsquo;est aussi un sujet \u00ab\u00a0d&rsquo;actualit\u00e9\u00a0\u00bb comme on dit. J&rsquo;interviens dans une classe de maternelle Montessori et je peux voir quelques enfants de 3 ans \u00e0 peine pour lesquels la soci\u00e9t\u00e9, c&rsquo;est-\u00e0-dire, nous les adultes, r\u00e9agissons en nous posant des [&hellip;]<\/p>\n","protected":false},"author":2,"featured_media":0,"comment_status":"open","ping_status":"open","sticky":false,"template":"","format":"standard","meta":{"jetpack_post_was_ever_published":false,"_jetpack_newsletter_access":"","_jetpack_dont_email_post_to_subs":false,"_jetpack_newsletter_tier_id":0,"_jetpack_memberships_contains_paywalled_content":false,"_jetpack_memberships_contains_paid_content":false,"footnotes":"","jetpack_publicize_message":"","jetpack_publicize_feature_enabled":true,"jetpack_social_post_already_shared":false,"jetpack_social_options":{"image_generator_settings":{"template":"highway","default_image_id":0,"font":"","enabled":false},"version":2}},"categories":[1],"tags":[],"class_list":["post-7363","post","type-post","status-publish","format-standard","hentry","category-quotidien"],"jetpack_publicize_connections":[],"jetpack_featured_media_url":"","jetpack_sharing_enabled":true,"jetpack_shortlink":"https:\/\/wp.me\/pm9U2-1UL","_links":{"self":[{"href":"https:\/\/www.blogbbmontessori.com\/index.php?rest_route=\/wp\/v2\/posts\/7363","targetHints":{"allow":["GET"]}}],"collection":[{"href":"https:\/\/www.blogbbmontessori.com\/index.php?rest_route=\/wp\/v2\/posts"}],"about":[{"href":"https:\/\/www.blogbbmontessori.com\/index.php?rest_route=\/wp\/v2\/types\/post"}],"author":[{"embeddable":true,"href":"https:\/\/www.blogbbmontessori.com\/index.php?rest_route=\/wp\/v2\/users\/2"}],"replies":[{"embeddable":true,"href":"https:\/\/www.blogbbmontessori.com\/index.php?rest_route=%2Fwp%2Fv2%2Fcomments&post=7363"}],"version-history":[{"count":26,"href":"https:\/\/www.blogbbmontessori.com\/index.php?rest_route=\/wp\/v2\/posts\/7363\/revisions"}],"predecessor-version":[{"id":7387,"href":"https:\/\/www.blogbbmontessori.com\/index.php?rest_route=\/wp\/v2\/posts\/7363\/revisions\/7387"}],"wp:attachment":[{"href":"https:\/\/www.blogbbmontessori.com\/index.php?rest_route=%2Fwp%2Fv2%2Fmedia&parent=7363"}],"wp:term":[{"taxonomy":"category","embeddable":true,"href":"https:\/\/www.blogbbmontessori.com\/index.php?rest_route=%2Fwp%2Fv2%2Fcategories&post=7363"},{"taxonomy":"post_tag","embeddable":true,"href":"https:\/\/www.blogbbmontessori.com\/index.php?rest_route=%2Fwp%2Fv2%2Ftags&post=7363"}],"curies":[{"name":"wp","href":"https:\/\/api.w.org\/{rel}","templated":true}]}}