{"id":628,"date":"2009-09-08T21:57:24","date_gmt":"2009-09-08T19:57:24","guid":{"rendered":"http:\/\/www.blogbbmontessori.com\/?p=628"},"modified":"2009-09-08T21:57:24","modified_gmt":"2009-09-08T19:57:24","slug":"un-article-sur-la-pensee-des-bebes","status":"publish","type":"post","link":"https:\/\/www.blogbbmontessori.com\/?p=628","title":{"rendered":"Un article sur la pens\u00e9e des b\u00e9b\u00e9s"},"content":{"rendered":"<p><a href=\"http:\/\/www.slate.fr\/story\/9245\/%C3%A0-quoi-pensent-les-bebes\" target=\"_blank\">http:\/\/www.slate.fr\/story\/9245\/%C3%A0-quoi-pensent-les-bebes<\/a><\/p>\n<p>Selon l&rsquo;auteur, les b\u00e9b\u00e9s, gr\u00e2ce \u00e0 leur absence d&rsquo;inhibition et de contr\u00f4le, sont dou\u00e9s d&rsquo;un pouvoir de d\u00e9couverte.<\/p>\n","protected":false},"excerpt":{"rendered":"<p>http:\/\/www.slate.fr\/story\/9245\/%C3%A0-quoi-pensent-les-bebes Selon l&rsquo;auteur, les b\u00e9b\u00e9s, gr\u00e2ce \u00e0 leur absence d&rsquo;inhibition et de contr\u00f4le, sont dou\u00e9s d&rsquo;un pouvoir de d\u00e9couverte.<\/p>\n","protected":false},"author":2,"featured_media":0,"comment_status":"open","ping_status":"open","sticky":false,"template":"","format":"standard","meta":{"jetpack_post_was_ever_published":false,"_jetpack_newsletter_access":"","_jetpack_dont_email_post_to_subs":false,"_jetpack_newsletter_tier_id":0,"_jetpack_memberships_contains_paywalled_content":false,"_jetpack_memberships_contains_paid_content":false,"footnotes":"","jetpack_publicize_message":"","jetpack_publicize_feature_enabled":true,"jetpack_social_post_already_shared":false,"jetpack_social_options":{"image_generator_settings":{"template":"highway","default_image_id":0,"font":"","enabled":false},"version":2}},"categories":[1,28],"tags":[],"class_list":["post-628","post","type-post","status-publish","format-standard","hentry","category-quotidien","category-vie-sensorielle"],"jetpack_publicize_connections":[],"jetpack_featured_media_url":"","jetpack_sharing_enabled":true,"jetpack_shortlink":"https:\/\/wp.me\/pm9U2-a8","_links":{"self":[{"href":"https:\/\/www.blogbbmontessori.com\/index.php?rest_route=\/wp\/v2\/posts\/628","targetHints":{"allow":["GET"]}}],"collection":[{"href":"https:\/\/www.blogbbmontessori.com\/index.php?rest_route=\/wp\/v2\/posts"}],"about":[{"href":"https:\/\/www.blogbbmontessori.com\/index.php?rest_route=\/wp\/v2\/types\/post"}],"author":[{"embeddable":true,"href":"https:\/\/www.blogbbmontessori.com\/index.php?rest_route=\/wp\/v2\/users\/2"}],"replies":[{"embeddable":true,"href":"https:\/\/www.blogbbmontessori.com\/index.php?rest_route=%2Fwp%2Fv2%2Fcomments&post=628"}],"version-history":[{"count":3,"href":"https:\/\/www.blogbbmontessori.com\/index.php?rest_route=\/wp\/v2\/posts\/628\/revisions"}],"predecessor-version":[{"id":631,"href":"https:\/\/www.blogbbmontessori.com\/index.php?rest_route=\/wp\/v2\/posts\/628\/revisions\/631"}],"wp:attachment":[{"href":"https:\/\/www.blogbbmontessori.com\/index.php?rest_route=%2Fwp%2Fv2%2Fmedia&parent=628"}],"wp:term":[{"taxonomy":"category","embeddable":true,"href":"https:\/\/www.blogbbmontessori.com\/index.php?rest_route=%2Fwp%2Fv2%2Fcategories&post=628"},{"taxonomy":"post_tag","embeddable":true,"href":"https:\/\/www.blogbbmontessori.com\/index.php?rest_route=%2Fwp%2Fv2%2Ftags&post=628"}],"curies":[{"name":"wp","href":"https:\/\/api.w.org\/{rel}","templated":true}]}}