{"id":5327,"date":"2012-06-11T16:14:47","date_gmt":"2012-06-11T14:14:47","guid":{"rendered":"http:\/\/www.blogbbmontessori.com\/?p=5327"},"modified":"2013-05-25T11:37:01","modified_gmt":"2013-05-25T09:37:01","slug":"la-peau-du-nouveau-ne","status":"publish","type":"post","link":"https:\/\/www.blogbbmontessori.com\/?p=5327","title":{"rendered":"La peau du nouveau-n\u00e9"},"content":{"rendered":"<p>Le <strong>VERNIX<\/strong><\/p>\n<p style=\"text-align: center;\"><a href=\"https:\/\/i0.wp.com\/www.blogbbmontessori.com\/wp-content\/uploads\/2012\/05\/vernix.jpg?ssl=1\"><img data-recalc-dims=\"1\" loading=\"lazy\" decoding=\"async\" class=\"alignnone size-medium wp-image-5328\" title=\"vernix\" alt=\"\" src=\"https:\/\/i0.wp.com\/www.blogbbmontessori.com\/wp-content\/uploads\/2012\/05\/vernix.jpg?resize=300%2C225&#038;ssl=1\" width=\"300\" height=\"225\" \/><\/a><\/p>\n<p style=\"text-align: left;\"><em> Le vernix caseosa, form\u00e9 de s\u00e9cr\u00e9tions s\u00e9bac\u00e9es et de cellules cutan\u00e9es desquam\u00e9es, est tr\u00e8s adh\u00e9rent \u00e0 la peau. Il se forme au cours du huiti\u00e8me mois de grossesse et subsiste surtout dans les plis \u00e0 la naissance. Il prot\u00e8ge la peau du f\u0153tus du contact avec le liquide amniotique. Une coloration jaune fonc\u00e9 de cet \u00ab\u00a0enduit\u00a0\u00bb peut indiquer une souffrance f\u0153tale, surtout dans les cas de d\u00e9passement du terme. La toilette du nouveau-n\u00e9 permet d&rsquo;\u00e9liminer sans difficult\u00e9 cette substance.<\/em><\/p>\n<p style=\"text-align: left;\"><em>source : Larousse<\/em><\/p>\n<p style=\"text-align: left;\">Ayant accouch\u00e9 soit \u00e0 l&rsquo;hopital, soit \u00e0 la clinique en France, avec 18 ans d&rsquo;intervalles au total entre mes enfants, j&rsquo;ai pu constat\u00e9 les effets de <strong>modes <\/strong>du\u00a0discours du corps m\u00e9dical.<br \/>\nConcernant le sujet du \u00ab\u00a0vernix\u00a0\u00bb, nous sommes pass\u00e9s du bain obligatoire et rapide donn\u00e9 par le Papa (s&rsquo;il est d&rsquo;accord) d\u00e8s la naissance, dans une petite baignoire au bas de la table d&rsquo;accouchement \u00e0 la proposition inverse qui consiste \u00e0 essuyer le plus gros du vernix et laisser la peau du b\u00e9b\u00e9 l&rsquo;absorber naturellement.<\/p>\n<p style=\"text-align: left;\">Selon moi le miracle de la Vie permet qu&rsquo;elle continue depuis des g\u00e9n\u00e9rations. \u00a0Ce vernix prot\u00e9geait le foetus dans le liquide amniotique, il le prot\u00e8ge dans la nouvelle ambiance \u00e0 l&rsquo;air libre.<\/p>\n<p style=\"text-align: left;\">Pr\u00e9parez toutes ces questions importantes sur <strong>l&rsquo;accueil du nouveau-n\u00e9<\/strong> : ambiance de la pi\u00e8ce, personnes pr\u00e9sentes, les premiers gestes.<\/p>\n<p style=\"text-align: left;\">Posez-les \u00e0 la structure dans laquelle vous souhaitez accoucher. Si c&rsquo;est \u00e0 la maison, pr\u00e9voyez aussi ce temps d&rsquo;acceuil avec pr\u00e9cautions.<\/p>\n<p style=\"text-align: left;\">Un petit \u00eatre va na\u00eetre, acceuillons-le avec amour, douceur et joie.<\/p>\n<p style=\"text-align: left;\">\n","protected":false},"excerpt":{"rendered":"<p>Le VERNIX Le vernix caseosa, form\u00e9 de s\u00e9cr\u00e9tions s\u00e9bac\u00e9es et de cellules cutan\u00e9es desquam\u00e9es, est tr\u00e8s adh\u00e9rent \u00e0 la peau. Il se forme au cours du huiti\u00e8me mois de grossesse et subsiste surtout dans les plis \u00e0 la naissance. Il prot\u00e8ge la peau du f\u0153tus du contact avec le liquide amniotique. Une coloration jaune fonc\u00e9 [&hellip;]<\/p>\n","protected":false},"author":2,"featured_media":0,"comment_status":"open","ping_status":"open","sticky":false,"template":"","format":"standard","meta":{"jetpack_post_was_ever_published":false,"_jetpack_newsletter_access":"","_jetpack_dont_email_post_to_subs":false,"_jetpack_newsletter_tier_id":0,"_jetpack_memberships_contains_paywalled_content":false,"_jetpack_memberships_contains_paid_content":false,"footnotes":"","jetpack_publicize_message":"","jetpack_publicize_feature_enabled":true,"jetpack_social_post_already_shared":false,"jetpack_social_options":{"image_generator_settings":{"template":"highway","default_image_id":0,"font":"","enabled":false},"version":2}},"categories":[252,1],"tags":[487,215,354,485,486],"class_list":["post-5327","post","type-post","status-publish","format-standard","hentry","category-0-6-mois","category-quotidien","tag-milium","tag-naissance","tag-nouveau-ne","tag-peau","tag-vernix"],"jetpack_publicize_connections":[],"jetpack_featured_media_url":"","jetpack_sharing_enabled":true,"jetpack_shortlink":"https:\/\/wp.me\/pm9U2-1nV","_links":{"self":[{"href":"https:\/\/www.blogbbmontessori.com\/index.php?rest_route=\/wp\/v2\/posts\/5327","targetHints":{"allow":["GET"]}}],"collection":[{"href":"https:\/\/www.blogbbmontessori.com\/index.php?rest_route=\/wp\/v2\/posts"}],"about":[{"href":"https:\/\/www.blogbbmontessori.com\/index.php?rest_route=\/wp\/v2\/types\/post"}],"author":[{"embeddable":true,"href":"https:\/\/www.blogbbmontessori.com\/index.php?rest_route=\/wp\/v2\/users\/2"}],"replies":[{"embeddable":true,"href":"https:\/\/www.blogbbmontessori.com\/index.php?rest_route=%2Fwp%2Fv2%2Fcomments&post=5327"}],"version-history":[{"count":25,"href":"https:\/\/www.blogbbmontessori.com\/index.php?rest_route=\/wp\/v2\/posts\/5327\/revisions"}],"predecessor-version":[{"id":8796,"href":"https:\/\/www.blogbbmontessori.com\/index.php?rest_route=\/wp\/v2\/posts\/5327\/revisions\/8796"}],"wp:attachment":[{"href":"https:\/\/www.blogbbmontessori.com\/index.php?rest_route=%2Fwp%2Fv2%2Fmedia&parent=5327"}],"wp:term":[{"taxonomy":"category","embeddable":true,"href":"https:\/\/www.blogbbmontessori.com\/index.php?rest_route=%2Fwp%2Fv2%2Fcategories&post=5327"},{"taxonomy":"post_tag","embeddable":true,"href":"https:\/\/www.blogbbmontessori.com\/index.php?rest_route=%2Fwp%2Fv2%2Ftags&post=5327"}],"curies":[{"name":"wp","href":"https:\/\/api.w.org\/{rel}","templated":true}]}}