{"id":5277,"date":"2012-05-26T20:42:58","date_gmt":"2012-05-26T18:42:58","guid":{"rendered":"http:\/\/www.blogbbmontessori.com\/?p=5277"},"modified":"2012-05-26T20:42:58","modified_gmt":"2012-05-26T18:42:58","slug":"faire-la-sieste-dehors","status":"publish","type":"post","link":"https:\/\/www.blogbbmontessori.com\/?p=5277","title":{"rendered":"Faire la sieste dehors"},"content":{"rendered":"<p style=\"text-align: left;\">Dans diff\u00e9rents pays d&rsquo;Europe du nord, les b\u00e9b\u00e9s font leur sieste dehors. J&rsquo;avais d\u00e9couvert cela dans les vid\u00e9os de Pikler, il y a quelques ann\u00e9es. \u00a0Les lits \u00e9taient sortis dans le jardin lors de la sieste.<\/p>\n<p style=\"text-align: left;\">Et ce n&rsquo;est pas dans les pays chauds mais au contraire, les pays au climat continental, que ceci est possible.<\/p>\n<p>Il suffit de bien <strong>emmitoufler <\/strong>le b\u00e9b\u00e9, de <strong>prot\u00e9ger <\/strong>le landau ou lit, et puis de ne pas laisser le b\u00e9b\u00e9 sans <strong>surveillance <\/strong>d&rsquo;adulte.<\/p>\n<p>J&rsquo;ai appliqu\u00e9 ceci dans une certaine mesure, mais pas tr\u00e8s longtemps, surtout parce que le lit n&rsquo;avait pas de roulettes et que je n&rsquo;avais pas h\u00e9rit\u00e9 cet usage dans ma culture. Dommage car notre environnement campagnard s&rsquo;y pr\u00e9tait bien.<\/p>\n<p style=\"text-align: center;\"><a href=\"https:\/\/i0.wp.com\/www.blogbbmontessori.com\/wp-content\/uploads\/2012\/05\/faire-la-sieste-dehors1.jpg?ssl=1\"><img data-recalc-dims=\"1\" loading=\"lazy\" decoding=\"async\" class=\"size-medium wp-image-5280 aligncenter\" title=\"faire la sieste dehors\" src=\"https:\/\/i0.wp.com\/www.blogbbmontessori.com\/wp-content\/uploads\/2012\/05\/faire-la-sieste-dehors1.jpg?resize=300%2C225&#038;ssl=1\" alt=\"\" width=\"300\" height=\"225\" srcset=\"https:\/\/i0.wp.com\/www.blogbbmontessori.com\/wp-content\/uploads\/2012\/05\/faire-la-sieste-dehors1.jpg?resize=300%2C225&amp;ssl=1 300w, https:\/\/i0.wp.com\/www.blogbbmontessori.com\/wp-content\/uploads\/2012\/05\/faire-la-sieste-dehors1.jpg?w=620&amp;ssl=1 620w\" sizes=\"auto, (max-width: 300px) 100vw, 300px\" \/><\/a><\/p>\n<p style=\"text-align: center;\">Quels sont les bienfaits de cet environnement sur le sommeil du b\u00e9b\u00e9 ?<\/p>\n<p style=\"text-align: left;\">Le b\u00e9b\u00e9 <strong>respire <\/strong>un air pur et de temp\u00e9rature naturelle et variable. L&rsquo;air p\u00e9n\u00e8tre dans ses narines, il apprend \u00e0 s&rsquo;adapter. Certaines informations rapportent que ces b\u00e9b\u00e9s sont moins asthmatiques.<\/p>\n<p style=\"text-align: left;\">Le b\u00e9b\u00e9 <strong>entend <\/strong>les bruits environnants des oiseaux, du vent, des feuilles d&rsquo;arbres, de la maman qui s&rsquo;agite pas tr\u00e8s loin dans ses occupations.<\/p>\n<p style=\"text-align: left;\">Cela lui ouvre un horizon <strong>visuel <\/strong>plus grand, plus clair, plus lumieux. Tout aussi <strong>stimulant <\/strong>gr\u00e2ce aux nuances de bleu, de gris, de verts.<\/p>\n<p style=\"text-align: left;\">Enfin cela a un effet <strong>calmant <\/strong>et apaisant sur le <strong>mental <\/strong>du b\u00e9b\u00e9 (et aussi sur le n\u00f4tre).<\/p>\n<p style=\"text-align: left;\">Alors ne les privez pas de la Nature ! (et vous non plus par la m\u00eame occasion)<\/p>\n<p style=\"text-align: left;\">\n","protected":false},"excerpt":{"rendered":"<p>Dans diff\u00e9rents pays d&rsquo;Europe du nord, les b\u00e9b\u00e9s font leur sieste dehors. J&rsquo;avais d\u00e9couvert cela dans les vid\u00e9os de Pikler, il y a quelques ann\u00e9es. \u00a0Les lits \u00e9taient sortis dans le jardin lors de la sieste. Et ce n&rsquo;est pas dans les pays chauds mais au contraire, les pays au climat continental, que ceci est [&hellip;]<\/p>\n","protected":false},"author":2,"featured_media":0,"comment_status":"open","ping_status":"open","sticky":false,"template":"","format":"standard","meta":{"jetpack_post_was_ever_published":false,"_jetpack_newsletter_access":"","_jetpack_dont_email_post_to_subs":false,"_jetpack_newsletter_tier_id":0,"_jetpack_memberships_contains_paywalled_content":false,"_jetpack_memberships_contains_paid_content":false,"footnotes":"","jetpack_publicize_message":"","jetpack_publicize_feature_enabled":true,"jetpack_social_post_already_shared":false,"jetpack_social_options":{"image_generator_settings":{"template":"highway","default_image_id":0,"font":"","enabled":false},"version":2}},"categories":[252,254,255,1],"tags":[481,479,480,130,37],"class_list":["post-5277","post","type-post","status-publish","format-standard","hentry","category-0-6-mois","category-06-12-mois","category-12-18-mois","category-quotidien","tag-auditif","tag-eveil-visuel","tag-reve","tag-sensoriel","tag-sommeil"],"jetpack_publicize_connections":[],"jetpack_featured_media_url":"","jetpack_sharing_enabled":true,"jetpack_shortlink":"https:\/\/wp.me\/pm9U2-1n7","_links":{"self":[{"href":"https:\/\/www.blogbbmontessori.com\/index.php?rest_route=\/wp\/v2\/posts\/5277","targetHints":{"allow":["GET"]}}],"collection":[{"href":"https:\/\/www.blogbbmontessori.com\/index.php?rest_route=\/wp\/v2\/posts"}],"about":[{"href":"https:\/\/www.blogbbmontessori.com\/index.php?rest_route=\/wp\/v2\/types\/post"}],"author":[{"embeddable":true,"href":"https:\/\/www.blogbbmontessori.com\/index.php?rest_route=\/wp\/v2\/users\/2"}],"replies":[{"embeddable":true,"href":"https:\/\/www.blogbbmontessori.com\/index.php?rest_route=%2Fwp%2Fv2%2Fcomments&post=5277"}],"version-history":[{"count":8,"href":"https:\/\/www.blogbbmontessori.com\/index.php?rest_route=\/wp\/v2\/posts\/5277\/revisions"}],"predecessor-version":[{"id":5287,"href":"https:\/\/www.blogbbmontessori.com\/index.php?rest_route=\/wp\/v2\/posts\/5277\/revisions\/5287"}],"wp:attachment":[{"href":"https:\/\/www.blogbbmontessori.com\/index.php?rest_route=%2Fwp%2Fv2%2Fmedia&parent=5277"}],"wp:term":[{"taxonomy":"category","embeddable":true,"href":"https:\/\/www.blogbbmontessori.com\/index.php?rest_route=%2Fwp%2Fv2%2Fcategories&post=5277"},{"taxonomy":"post_tag","embeddable":true,"href":"https:\/\/www.blogbbmontessori.com\/index.php?rest_route=%2Fwp%2Fv2%2Ftags&post=5277"}],"curies":[{"name":"wp","href":"https:\/\/api.w.org\/{rel}","templated":true}]}}