{"id":4826,"date":"2013-04-23T05:28:41","date_gmt":"2013-04-23T03:28:41","guid":{"rendered":"http:\/\/www.blogbbmontessori.com\/?p=4826"},"modified":"2013-04-23T05:28:41","modified_gmt":"2013-04-23T03:28:41","slug":"les-energies-du-printemps","status":"publish","type":"post","link":"https:\/\/www.blogbbmontessori.com\/?p=4826","title":{"rendered":"Les \u00e9nergies du printemps"},"content":{"rendered":"<p>C&rsquo;est le moment de sortir les b\u00e9b\u00e9s quotidiennement et de leur faire profiter \u00ab\u00a0sensoriellement\u00a0\u00bb de la belle saison printani\u00e8re.<br \/>\nIls verront le ciel bleu au-dessus de leur t\u00eate. Ils verront les rayons de soleil \u00e9clairer la vie environnante.<br \/>\nIls entendront les oiseaux gazouiller.<br \/>\nMaria Montessori insiste sur le contact quotidien avec la grande Nature.<\/p>\n<p><a href=\"https:\/\/i0.wp.com\/www.blogbbmontessori.com\/wp-content\/uploads\/2013\/04\/DSC_1717.jpg?ssl=1\"><img data-recalc-dims=\"1\" loading=\"lazy\" decoding=\"async\" class=\"alignnone size-large wp-image-8682\" alt=\"Fleur\" src=\"https:\/\/i0.wp.com\/www.blogbbmontessori.com\/wp-content\/uploads\/2013\/04\/DSC_1717.jpg?resize=625%2C418&#038;ssl=1\" width=\"625\" height=\"418\" srcset=\"https:\/\/i0.wp.com\/www.blogbbmontessori.com\/wp-content\/uploads\/2013\/04\/DSC_1717.jpg?resize=1024%2C685&amp;ssl=1 1024w, https:\/\/i0.wp.com\/www.blogbbmontessori.com\/wp-content\/uploads\/2013\/04\/DSC_1717.jpg?resize=300%2C200&amp;ssl=1 300w, https:\/\/i0.wp.com\/www.blogbbmontessori.com\/wp-content\/uploads\/2013\/04\/DSC_1717.jpg?resize=624%2C417&amp;ssl=1 624w, https:\/\/i0.wp.com\/www.blogbbmontessori.com\/wp-content\/uploads\/2013\/04\/DSC_1717.jpg?w=1250&amp;ssl=1 1250w, https:\/\/i0.wp.com\/www.blogbbmontessori.com\/wp-content\/uploads\/2013\/04\/DSC_1717.jpg?w=1875&amp;ssl=1 1875w\" sizes=\"auto, (max-width: 625px) 100vw, 625px\" \/><\/a><\/p>\n<p>Faites-leur sentir les fleurs des jardins : primev\u00e8res, p\u00e2querettes, fleurs des cerisiers, jonquilles et violettes.<br \/>\nPr\u00e9sentez-leur les bourgeons des arbustes.<\/p>\n<p>Passez du temps avec votre b\u00e9b\u00e9 !<\/p>\n<p>&nbsp;<\/p>\n<p>&nbsp;<\/p>\n<p>&nbsp;<\/p>\n","protected":false},"excerpt":{"rendered":"<p>C&rsquo;est le moment de sortir les b\u00e9b\u00e9s quotidiennement et de leur faire profiter \u00ab\u00a0sensoriellement\u00a0\u00bb de la belle saison printani\u00e8re. Ils verront le ciel bleu au-dessus de leur t\u00eate. Ils verront les rayons de soleil \u00e9clairer la vie environnante. Ils entendront les oiseaux gazouiller. Maria Montessori insiste sur le contact quotidien avec la grande Nature. Faites-leur [&hellip;]<\/p>\n","protected":false},"author":2,"featured_media":0,"comment_status":"open","ping_status":"open","sticky":false,"template":"","format":"standard","meta":{"jetpack_post_was_ever_published":false,"_jetpack_newsletter_access":"","_jetpack_dont_email_post_to_subs":false,"_jetpack_newsletter_tier_id":0,"_jetpack_memberships_contains_paywalled_content":false,"_jetpack_memberships_contains_paid_content":false,"footnotes":"","jetpack_publicize_message":"","jetpack_publicize_feature_enabled":true,"jetpack_social_post_already_shared":true,"jetpack_social_options":{"image_generator_settings":{"template":"highway","default_image_id":0,"font":"","enabled":false},"version":2}},"categories":[252,254,255,256,257,22,1],"tags":[78,104,475],"class_list":["post-4826","post","type-post","status-publish","format-standard","hentry","category-0-6-mois","category-06-12-mois","category-12-18-mois","category-18-24-mois","category-24-36-mois","category-developpement-moteur","category-quotidien","tag-fleur","tag-nature","tag-printemps"],"jetpack_publicize_connections":[],"jetpack_featured_media_url":"","jetpack_sharing_enabled":true,"jetpack_shortlink":"https:\/\/wp.me\/pm9U2-1fQ","_links":{"self":[{"href":"https:\/\/www.blogbbmontessori.com\/index.php?rest_route=\/wp\/v2\/posts\/4826","targetHints":{"allow":["GET"]}}],"collection":[{"href":"https:\/\/www.blogbbmontessori.com\/index.php?rest_route=\/wp\/v2\/posts"}],"about":[{"href":"https:\/\/www.blogbbmontessori.com\/index.php?rest_route=\/wp\/v2\/types\/post"}],"author":[{"embeddable":true,"href":"https:\/\/www.blogbbmontessori.com\/index.php?rest_route=\/wp\/v2\/users\/2"}],"replies":[{"embeddable":true,"href":"https:\/\/www.blogbbmontessori.com\/index.php?rest_route=%2Fwp%2Fv2%2Fcomments&post=4826"}],"version-history":[{"count":7,"href":"https:\/\/www.blogbbmontessori.com\/index.php?rest_route=\/wp\/v2\/posts\/4826\/revisions"}],"predecessor-version":[{"id":8699,"href":"https:\/\/www.blogbbmontessori.com\/index.php?rest_route=\/wp\/v2\/posts\/4826\/revisions\/8699"}],"wp:attachment":[{"href":"https:\/\/www.blogbbmontessori.com\/index.php?rest_route=%2Fwp%2Fv2%2Fmedia&parent=4826"}],"wp:term":[{"taxonomy":"category","embeddable":true,"href":"https:\/\/www.blogbbmontessori.com\/index.php?rest_route=%2Fwp%2Fv2%2Fcategories&post=4826"},{"taxonomy":"post_tag","embeddable":true,"href":"https:\/\/www.blogbbmontessori.com\/index.php?rest_route=%2Fwp%2Fv2%2Ftags&post=4826"}],"curies":[{"name":"wp","href":"https:\/\/api.w.org\/{rel}","templated":true}]}}