{"id":4553,"date":"2012-01-23T17:45:58","date_gmt":"2012-01-23T15:45:58","guid":{"rendered":"http:\/\/www.blogbbmontessori.com\/?p=4553"},"modified":"2012-01-23T17:47:37","modified_gmt":"2012-01-23T15:47:37","slug":"une-nouvelle-semaine-de-formation-apprendre-a-prendre-soin-des-bebes","status":"publish","type":"post","link":"https:\/\/www.blogbbmontessori.com\/?p=4553","title":{"rendered":"Une nouvelle semaine de formation \u00ab\u00a0Apprendre \u00e0 prendre soin des b\u00e9b\u00e9s\u00a0\u00bb"},"content":{"rendered":"<p>Suite \u00e0 une demande tr\u00e8s forte de la part de professionnels et parents, l\u2019association AMIS est heureuse de vous annoncer une semaine suppl\u00e9mentaire de formation :<\/p>\n<p style=\"text-align: center;\"><span><span style=\"color: #ff0000;\">Prendre soin des b\u00e9b\u00e9s selon la p\u00e9dagogie Montessori<\/span><\/span><\/p>\n<p><a href=\"https:\/\/i0.wp.com\/www.blogbbmontessori.com\/wp-content\/uploads\/2012\/01\/img_0306.jpg?ssl=1\"><img data-recalc-dims=\"1\" loading=\"lazy\" decoding=\"async\" class=\"alignnone size-medium wp-image-4554\" title=\"\u00e0 table !\" src=\"https:\/\/i0.wp.com\/www.blogbbmontessori.com\/wp-content\/uploads\/2012\/01\/img_0306.jpg?resize=270%2C180&#038;ssl=1\" alt=\"\" width=\"270\" height=\"180\" srcset=\"https:\/\/i0.wp.com\/www.blogbbmontessori.com\/wp-content\/uploads\/2012\/01\/img_0306.jpg?resize=300%2C200&amp;ssl=1 300w, https:\/\/i0.wp.com\/www.blogbbmontessori.com\/wp-content\/uploads\/\/home\/www\/bebe\/wp-content\/uploads\/2012\/01\/img_0306.jpg?w=1250&amp;ssl=1 1250w, https:\/\/i0.wp.com\/www.blogbbmontessori.com\/wp-content\/uploads\/\/home\/www\/bebe\/wp-content\/uploads\/2012\/01\/img_0306.jpg?w=1875&amp;ssl=1 1875w\" sizes=\"auto, (max-width: 270px) 100vw, 270px\" \/><\/a><a href=\"https:\/\/i0.wp.com\/www.blogbbmontessori.com\/wp-content\/uploads\/2012\/01\/img_7964.jpg?ssl=1\"><img data-recalc-dims=\"1\" loading=\"lazy\" decoding=\"async\" class=\"alignnone size-medium wp-image-4555\" title=\"cylindre\" src=\"https:\/\/i0.wp.com\/www.blogbbmontessori.com\/wp-content\/uploads\/2012\/01\/img_7964.jpg?resize=270%2C203&#038;ssl=1\" alt=\"\" width=\"270\" height=\"203\" srcset=\"https:\/\/i0.wp.com\/www.blogbbmontessori.com\/wp-content\/uploads\/2012\/01\/img_7964.jpg?resize=300%2C225&amp;ssl=1 300w, https:\/\/i0.wp.com\/www.blogbbmontessori.com\/wp-content\/uploads\/\/home\/www\/bebe\/wp-content\/uploads\/2012\/01\/img_7964.jpg?w=1250&amp;ssl=1 1250w, https:\/\/i0.wp.com\/www.blogbbmontessori.com\/wp-content\/uploads\/\/home\/www\/bebe\/wp-content\/uploads\/2012\/01\/img_7964.jpg?w=1875&amp;ssl=1 1875w\" sizes=\"auto, (max-width: 270px) 100vw, 270px\" \/><\/a><\/p>\n<p>Les inscriptions sont ouvertes sur le site\u00a0<a href=\"http:\/\/www.montessori.fr\/\">www.montessori.fr<\/a><\/p>\n<p>Voici le programme pr\u00e9visionnel de cette semaine propos\u00e9e dans une v\u00e9ritable ambiance d\u2019une\u00a0\u00e9cole montessori de r\u00e9gion parisienne.<br \/>\n<span>THEORIE<\/span><\/p>\n<ul>\n<li><span>Maria Montessori, sa vie, son \u0153uvre<\/span><\/li>\n<li><span>Le d\u00e9veloppement de l\u2019enfant entre 0 et 3 ans selon Maria Montessori<\/span><\/li>\n<li><span>Les grands principes de la p\u00e9dagogie de Maria Montessori<\/span><\/li>\n<li><span>Le d\u00e9veloppement du b\u00e9b\u00e9<\/span><\/li>\n<li><span>Les p\u00e9riodes sensibles<\/span><\/li>\n<li><span>L\u2019importance de l\u2019environnement<\/span><\/li>\n<li><span>Le r\u00f4le de l\u2019\u00e9ducateur (vis-\u00e0-vis de l\u2019enfant, vis-\u00e0-vis des parents)<\/span><\/li>\n<li><span>L\u2019observation<\/span><\/li>\n<li><span>Emmi Pikler et le mouvement libre<\/span><\/li>\n<li><span>L\u2019ambiance pr\u00e9par\u00e9e pour les enfants non marcheurs<\/span><\/li>\n<li><span>L\u2019ambiance pr\u00e9par\u00e9e pour les enfants marcheurs<\/span><\/li>\n<li><span>Le mat\u00e9riel<\/span><\/li>\n<\/ul>\n<p><span>PRATIQUE<\/span><\/p>\n<ul>\n<li><span>Pr\u00e9sentations et pratique du mat\u00e9riel de vie pratique<\/span><\/li>\n<li><span>Pr\u00e9sentations et pratique du mat\u00e9riel de vie sensorielle<\/span><\/li>\n<li><span>Pr\u00e9sentations et pratique du mat\u00e9riel de langage<\/span><\/li>\n<li><span>Fabrication de mat\u00e9riels pour les b\u00e9b\u00e9s<\/span><\/li>\n<\/ul>\n<ul>\n<li><span>Diffusions de vid\u00e9os et photos pour illustrer diff\u00e9rents \u00abnido\u00bb et cr\u00eaches Montessori<\/span><\/li>\n<\/ul>\n<p>Inscrivez-vous par email sur le site \u00e0 la page :\u00a0<a href=\"http:\/\/formations.montessori.fr\/wordpress\/?page_id=58\">http:\/\/formations.montessori.fr\/wordpress\/?page_id=58<\/a><\/p>\n","protected":false},"excerpt":{"rendered":"<p>Suite \u00e0 une demande tr\u00e8s forte de la part de professionnels et parents, l\u2019association AMIS est heureuse de vous annoncer une semaine suppl\u00e9mentaire de formation : Prendre soin des b\u00e9b\u00e9s selon la p\u00e9dagogie Montessori Les inscriptions sont ouvertes sur le site\u00a0www.montessori.fr Voici le programme pr\u00e9visionnel de cette semaine propos\u00e9e dans une v\u00e9ritable ambiance d\u2019une\u00a0\u00e9cole montessori [&hellip;]<\/p>\n","protected":false},"author":2,"featured_media":0,"comment_status":"open","ping_status":"open","sticky":false,"template":"","format":"standard","meta":{"jetpack_post_was_ever_published":false,"_jetpack_newsletter_access":"","_jetpack_dont_email_post_to_subs":false,"_jetpack_newsletter_tier_id":0,"_jetpack_memberships_contains_paywalled_content":false,"_jetpack_memberships_contains_paid_content":false,"footnotes":"","jetpack_publicize_message":"","jetpack_publicize_feature_enabled":true,"jetpack_social_post_already_shared":false,"jetpack_social_options":{"image_generator_settings":{"template":"highway","default_image_id":0,"font":"","enabled":false},"version":2}},"categories":[252,254,255,256,257,5],"tags":[],"class_list":["post-4553","post","type-post","status-publish","format-standard","hentry","category-0-6-mois","category-06-12-mois","category-12-18-mois","category-18-24-mois","category-24-36-mois","category-formation"],"jetpack_publicize_connections":[],"jetpack_featured_media_url":"","jetpack_sharing_enabled":true,"jetpack_shortlink":"https:\/\/wp.me\/pm9U2-1br","_links":{"self":[{"href":"https:\/\/www.blogbbmontessori.com\/index.php?rest_route=\/wp\/v2\/posts\/4553","targetHints":{"allow":["GET"]}}],"collection":[{"href":"https:\/\/www.blogbbmontessori.com\/index.php?rest_route=\/wp\/v2\/posts"}],"about":[{"href":"https:\/\/www.blogbbmontessori.com\/index.php?rest_route=\/wp\/v2\/types\/post"}],"author":[{"embeddable":true,"href":"https:\/\/www.blogbbmontessori.com\/index.php?rest_route=\/wp\/v2\/users\/2"}],"replies":[{"embeddable":true,"href":"https:\/\/www.blogbbmontessori.com\/index.php?rest_route=%2Fwp%2Fv2%2Fcomments&post=4553"}],"version-history":[{"count":9,"href":"https:\/\/www.blogbbmontessori.com\/index.php?rest_route=\/wp\/v2\/posts\/4553\/revisions"}],"predecessor-version":[{"id":4564,"href":"https:\/\/www.blogbbmontessori.com\/index.php?rest_route=\/wp\/v2\/posts\/4553\/revisions\/4564"}],"wp:attachment":[{"href":"https:\/\/www.blogbbmontessori.com\/index.php?rest_route=%2Fwp%2Fv2%2Fmedia&parent=4553"}],"wp:term":[{"taxonomy":"category","embeddable":true,"href":"https:\/\/www.blogbbmontessori.com\/index.php?rest_route=%2Fwp%2Fv2%2Fcategories&post=4553"},{"taxonomy":"post_tag","embeddable":true,"href":"https:\/\/www.blogbbmontessori.com\/index.php?rest_route=%2Fwp%2Fv2%2Ftags&post=4553"}],"curies":[{"name":"wp","href":"https:\/\/api.w.org\/{rel}","templated":true}]}}