{"id":4426,"date":"2011-12-07T05:19:44","date_gmt":"2011-12-07T03:19:44","guid":{"rendered":"http:\/\/www.blogbbmontessori.com\/?p=4426"},"modified":"2011-12-07T05:19:44","modified_gmt":"2011-12-07T03:19:44","slug":"lorigine-des-creches-francaises","status":"publish","type":"post","link":"https:\/\/www.blogbbmontessori.com\/?p=4426","title":{"rendered":"L&rsquo;origine des creches francaises"},"content":{"rendered":"<p><em><span>La premi\u00e8re cr\u00e8che a \u00e9t\u00e9 fond\u00e9e \u00e0 Paris le 14 novembre 1844 par M. Firmin Marbeau, alors adjoint au maire du I<\/span><span>er <\/span><span>arrondissement.<\/span><\/em><\/p>\n<p style=\"text-align: center;\"><a href=\"https:\/\/i0.wp.com\/www.blogbbmontessori.com\/wp-content\/uploads\/2011\/12\/firmin_marbeau.jpg?ssl=1\"><img data-recalc-dims=\"1\" loading=\"lazy\" decoding=\"async\" class=\"alignnone size-medium wp-image-4433\" title=\"firmin marbeau\" src=\"https:\/\/i0.wp.com\/www.blogbbmontessori.com\/wp-content\/uploads\/2011\/12\/firmin_marbeau.jpg?resize=198%2C232&#038;ssl=1\" alt=\"\" width=\"198\" height=\"232\" \/><\/a><\/p>\n<p><em>Les meres pouvaient visiter leur enfant a tout moment pour les allaiter.<\/em><\/p>\n<p><em><span>L&rsquo;oeuvre de Marbeau a ete encourag\u00e9e d\u00e8s ses d\u00e9buts par la presse, par l&rsquo;autorit\u00e9 administrative, par l&rsquo;autorit\u00e9 religieuse, par l&rsquo;Acad\u00e9mie fran\u00e7aise qui d\u00e9cerna un prix Monthyon au petit livre <\/span><em>Des Cr\u00e8ches, <\/em><span>elle ne tarda pas \u00e0 se propager. Cinq cr\u00e8ches furent ouvertes \u00e0 Paris en 1845 et huit en 1846. Melun, Orl\u00e9ans, Rennes, Brest, Bordeaux, Tours, Nantes eurent des cr\u00e8ches d\u00e8s 1846 ; la Belgique, la Hollande, l&rsquo;Italie, Constantinople m\u00eame suivirent l&rsquo;exemple de la France.<\/span><\/em><\/p>\n<p><span><em>Mais, aussit\u00f4t que l&rsquo;institution parut avoir gagn\u00e9 sa cause, des objections s&rsquo;\u00e9lev\u00e8rent, mirent en doute ses bienfaits, et suspendirent pendant quelques ann\u00e9es ses progr\u00e8s.<\/em><\/span><\/p>\n<p>source :\u00a0<a href=\"http:\/\/www.inrp.fr\/\">http:\/\/www.inrp.fr<\/a><\/p>\n<p><em><span style=\"color: #ff99cc;\">NB : l&rsquo;utilisation provisoire d&rsquo;un clavier qwerty ne nous permet pas d&rsquo;afficher \u00a0tous les accents, veuillez nous excuser pour ce desagrement temporaire.<\/span><\/em><\/p>\n","protected":false},"excerpt":{"rendered":"<p>La premi\u00e8re cr\u00e8che a \u00e9t\u00e9 fond\u00e9e \u00e0 Paris le 14 novembre 1844 par M. Firmin Marbeau, alors adjoint au maire du Ier arrondissement. Les meres pouvaient visiter leur enfant a tout moment pour les allaiter. L&rsquo;oeuvre de Marbeau a ete encourag\u00e9e d\u00e8s ses d\u00e9buts par la presse, par l&rsquo;autorit\u00e9 administrative, par l&rsquo;autorit\u00e9 religieuse, par l&rsquo;Acad\u00e9mie [&hellip;]<\/p>\n","protected":false},"author":2,"featured_media":0,"comment_status":"open","ping_status":"open","sticky":false,"template":"","format":"standard","meta":{"jetpack_post_was_ever_published":false,"_jetpack_newsletter_access":"","_jetpack_dont_email_post_to_subs":false,"_jetpack_newsletter_tier_id":0,"_jetpack_memberships_contains_paywalled_content":false,"_jetpack_memberships_contains_paid_content":false,"footnotes":"","jetpack_publicize_message":"","jetpack_publicize_feature_enabled":true,"jetpack_social_post_already_shared":false,"jetpack_social_options":{"image_generator_settings":{"template":"highway","default_image_id":0,"font":"","enabled":false},"version":2}},"categories":[1],"tags":[436,312],"class_list":["post-4426","post","type-post","status-publish","format-standard","hentry","category-quotidien","tag-creche","tag-histoire"],"jetpack_publicize_connections":[],"jetpack_featured_media_url":"","jetpack_sharing_enabled":true,"jetpack_shortlink":"https:\/\/wp.me\/pm9U2-19o","_links":{"self":[{"href":"https:\/\/www.blogbbmontessori.com\/index.php?rest_route=\/wp\/v2\/posts\/4426","targetHints":{"allow":["GET"]}}],"collection":[{"href":"https:\/\/www.blogbbmontessori.com\/index.php?rest_route=\/wp\/v2\/posts"}],"about":[{"href":"https:\/\/www.blogbbmontessori.com\/index.php?rest_route=\/wp\/v2\/types\/post"}],"author":[{"embeddable":true,"href":"https:\/\/www.blogbbmontessori.com\/index.php?rest_route=\/wp\/v2\/users\/2"}],"replies":[{"embeddable":true,"href":"https:\/\/www.blogbbmontessori.com\/index.php?rest_route=%2Fwp%2Fv2%2Fcomments&post=4426"}],"version-history":[{"count":9,"href":"https:\/\/www.blogbbmontessori.com\/index.php?rest_route=\/wp\/v2\/posts\/4426\/revisions"}],"predecessor-version":[{"id":4436,"href":"https:\/\/www.blogbbmontessori.com\/index.php?rest_route=\/wp\/v2\/posts\/4426\/revisions\/4436"}],"wp:attachment":[{"href":"https:\/\/www.blogbbmontessori.com\/index.php?rest_route=%2Fwp%2Fv2%2Fmedia&parent=4426"}],"wp:term":[{"taxonomy":"category","embeddable":true,"href":"https:\/\/www.blogbbmontessori.com\/index.php?rest_route=%2Fwp%2Fv2%2Fcategories&post=4426"},{"taxonomy":"post_tag","embeddable":true,"href":"https:\/\/www.blogbbmontessori.com\/index.php?rest_route=%2Fwp%2Fv2%2Ftags&post=4426"}],"curies":[{"name":"wp","href":"https:\/\/api.w.org\/{rel}","templated":true}]}}