{"id":4375,"date":"2011-11-27T00:29:58","date_gmt":"2011-11-26T22:29:58","guid":{"rendered":"http:\/\/www.blogbbmontessori.com\/?p=4375"},"modified":"2011-11-27T00:32:39","modified_gmt":"2011-11-26T22:32:39","slug":"la-formation-a-la-pedagogie-pour-les-bebes-enfin-annoncee","status":"publish","type":"post","link":"https:\/\/www.blogbbmontessori.com\/?p=4375","title":{"rendered":"La formation \u00e0 la p\u00e9dagogie pour les b\u00e9b\u00e9s enfin annonc\u00e9e !"},"content":{"rendered":"<p>L&rsquo;association AMIS vous annonce sa 4eme session de formation :<\/p>\n<p style=\"text-align: center;\"><span style=\"color: #ff0000;\">Prendre soin des b<span>\u00e9<\/span>b<span>\u00e9<\/span>s selon la p<span>\u00e9<\/span>dagogie Montessori.<\/span><\/p>\n<p style=\"text-align: center;\"><a href=\"https:\/\/i0.wp.com\/www.blogbbmontessori.com\/wp-content\/uploads\/2011\/11\/anneau-et-ruban.jpg?ssl=1\"><img data-recalc-dims=\"1\" loading=\"lazy\" decoding=\"async\" class=\"alignnone size-medium wp-image-4388\" title=\"anneau-et-ruban\" src=\"https:\/\/i0.wp.com\/www.blogbbmontessori.com\/wp-content\/uploads\/2011\/11\/anneau-et-ruban.jpg?resize=218%2C300&#038;ssl=1\" alt=\"\" width=\"218\" height=\"300\" srcset=\"https:\/\/i0.wp.com\/www.blogbbmontessori.com\/wp-content\/uploads\/2011\/11\/anneau-et-ruban.jpg?resize=218%2C300&amp;ssl=1 218w, https:\/\/i0.wp.com\/www.blogbbmontessori.com\/wp-content\/uploads\/2011\/11\/anneau-et-ruban.jpg?w=233&amp;ssl=1 233w\" sizes=\"auto, (max-width: 218px) 100vw, 218px\" \/><\/a><\/p>\n<p>Les inscriptions sont ouvertes sur le site <a href=\"http:\/\/www.montessori.fr\">www.montessori.fr<\/a><\/p>\n<p>Voici le programme pr<span>\u00e9<\/span>visionnel de cette semaine propos<span>\u00e9<\/span>e dans une v<span>\u00e9<\/span>ritable ambiance d&rsquo;une\u00a0<span>\u00e9<\/span>cole montessori de r<span>\u00e9<\/span>gion parisienne.<br \/>\n<span><span style=\"color: #0000ff;\">THEORIE <\/span><\/span><\/p>\n<ul>\n<li><span style=\"color: #0000ff;\">Maria Montessori, sa vie, son \u0153uvre<\/span><\/li>\n<li><span style=\"color: #0000ff;\">Le d\u00e9veloppement de l\u2019enfant entre 0 et 3 ans selon Maria Montessori<\/span><\/li>\n<li><span style=\"color: #0000ff;\">Les grands principes de la p\u00e9dagogie de Maria Montessori<\/span><\/li>\n<li><span style=\"color: #0000ff;\">Le d\u00e9veloppement du b\u00e9b\u00e9<\/span><\/li>\n<li><span style=\"color: #0000ff;\">Les p\u00e9riodes sensibles<\/span><\/li>\n<li><span style=\"color: #0000ff;\">L\u2019importance de l\u2019environnement<\/span><\/li>\n<li><span style=\"color: #0000ff;\"> Le r\u00f4le de l\u2019\u00e9ducateur (vis-\u00e0-vis de l\u2019enfant, vis-\u00e0-vis des parents)<\/span><\/li>\n<li><span style=\"color: #0000ff;\">L\u2019observation<\/span><\/li>\n<li><span style=\"color: #0000ff;\">Emmi Pikler et le mouvement libre<\/span><\/li>\n<li><span style=\"color: #0000ff;\">L\u2019ambiance pr\u00e9par\u00e9e pour les enfants non marcheurs<\/span><\/li>\n<li><span style=\"color: #0000ff;\">L\u2019ambiance pr\u00e9par\u00e9e pour les enfants marcheurs<\/span><\/li>\n<li><span style=\"color: #0000ff;\">Le mat\u00e9riel<\/span><\/li>\n<\/ul>\n<p><span style=\"color: #0000ff;\">PRATIQUE<\/span><\/p>\n<ul>\n<li><span style=\"color: #0000ff;\">Pr\u00e9sentations et pratique du mat\u00e9riel de vie pratique<\/span><\/li>\n<li><span style=\"color: #0000ff;\">Pr\u00e9sentations et pratique du mat\u00e9riel de vie sensorielle<\/span><\/li>\n<li><span style=\"color: #0000ff;\">Pr\u00e9sentations et pratique du mat\u00e9riel de langage<\/span><\/li>\n<li><span style=\"color: #0000ff;\">Fabrication de mat\u00e9riels pour les b\u00e9b\u00e9s<\/span><\/li>\n<\/ul>\n<ul>\n<li><span style=\"color: #0000ff;\">Diffusions de vid\u00e9os et photos pour illustrer diff\u00e9rents \u00abnido\u00bb et cr\u00eaches Montessori<\/span><\/li>\n<\/ul>\n<p>Inscrivez-vous par email sur le site internet affich<span>\u00e9<\/span> ci-dessus.<\/p>\n","protected":false},"excerpt":{"rendered":"<p>L&rsquo;association AMIS vous annonce sa 4eme session de formation : Prendre soin des b\u00e9b\u00e9s selon la p\u00e9dagogie Montessori. Les inscriptions sont ouvertes sur le site www.montessori.fr Voici le programme pr\u00e9visionnel de cette semaine propos\u00e9e dans une v\u00e9ritable ambiance d&rsquo;une\u00a0\u00e9cole montessori de r\u00e9gion parisienne. THEORIE Maria Montessori, sa vie, son \u0153uvre Le d\u00e9veloppement de l\u2019enfant entre [&hellip;]<\/p>\n","protected":false},"author":2,"featured_media":0,"comment_status":"open","ping_status":"open","sticky":false,"template":"","format":"standard","meta":{"jetpack_post_was_ever_published":false,"_jetpack_newsletter_access":"","_jetpack_dont_email_post_to_subs":false,"_jetpack_newsletter_tier_id":0,"_jetpack_memberships_contains_paywalled_content":false,"_jetpack_memberships_contains_paid_content":false,"footnotes":"","jetpack_publicize_message":"","jetpack_publicize_feature_enabled":true,"jetpack_social_post_already_shared":false,"jetpack_social_options":{"image_generator_settings":{"template":"highway","default_image_id":0,"font":"","enabled":false},"version":2}},"categories":[252,254,255,256,257,1],"tags":[729],"class_list":["post-4375","post","type-post","status-publish","format-standard","hentry","category-0-6-mois","category-06-12-mois","category-12-18-mois","category-18-24-mois","category-24-36-mois","category-quotidien","tag-formation"],"jetpack_publicize_connections":[],"jetpack_featured_media_url":"","jetpack_sharing_enabled":true,"jetpack_shortlink":"https:\/\/wp.me\/pm9U2-18z","_links":{"self":[{"href":"https:\/\/www.blogbbmontessori.com\/index.php?rest_route=\/wp\/v2\/posts\/4375","targetHints":{"allow":["GET"]}}],"collection":[{"href":"https:\/\/www.blogbbmontessori.com\/index.php?rest_route=\/wp\/v2\/posts"}],"about":[{"href":"https:\/\/www.blogbbmontessori.com\/index.php?rest_route=\/wp\/v2\/types\/post"}],"author":[{"embeddable":true,"href":"https:\/\/www.blogbbmontessori.com\/index.php?rest_route=\/wp\/v2\/users\/2"}],"replies":[{"embeddable":true,"href":"https:\/\/www.blogbbmontessori.com\/index.php?rest_route=%2Fwp%2Fv2%2Fcomments&post=4375"}],"version-history":[{"count":23,"href":"https:\/\/www.blogbbmontessori.com\/index.php?rest_route=\/wp\/v2\/posts\/4375\/revisions"}],"predecessor-version":[{"id":4400,"href":"https:\/\/www.blogbbmontessori.com\/index.php?rest_route=\/wp\/v2\/posts\/4375\/revisions\/4400"}],"wp:attachment":[{"href":"https:\/\/www.blogbbmontessori.com\/index.php?rest_route=%2Fwp%2Fv2%2Fmedia&parent=4375"}],"wp:term":[{"taxonomy":"category","embeddable":true,"href":"https:\/\/www.blogbbmontessori.com\/index.php?rest_route=%2Fwp%2Fv2%2Fcategories&post=4375"},{"taxonomy":"post_tag","embeddable":true,"href":"https:\/\/www.blogbbmontessori.com\/index.php?rest_route=%2Fwp%2Fv2%2Ftags&post=4375"}],"curies":[{"name":"wp","href":"https:\/\/api.w.org\/{rel}","templated":true}]}}