{"id":4145,"date":"2011-09-17T22:49:20","date_gmt":"2011-09-17T20:49:20","guid":{"rendered":"http:\/\/www.blogbbmontessori.com\/?p=4145"},"modified":"2011-09-17T22:49:20","modified_gmt":"2011-09-17T20:49:20","slug":"une-creche-dentreprise-montessori","status":"publish","type":"post","link":"https:\/\/www.blogbbmontessori.com\/?p=4145","title":{"rendered":"Une cr\u00eache d&rsquo;entreprise Montessori"},"content":{"rendered":"<p>Voici une photo prise il y a quelques ann\u00e9es dans les locaux de la cr\u00eache Montessori (pour les enfants dont les parents travaillent dans l&rsquo;h\u00f4pital) de l&rsquo;\u00e9tat de New York. J&rsquo;ai eu la chance d&rsquo;\u00eatre accueillie et de pouvoir visiter la structure.<\/p>\n<p style=\"text-align: center;\"><a href=\"https:\/\/i0.wp.com\/www.blogbbmontessori.com\/wp-content\/uploads\/2011\/09\/img_2564.jpg?ssl=1\"><img data-recalc-dims=\"1\" loading=\"lazy\" decoding=\"async\" class=\"alignnone size-medium wp-image-4146\" title=\"cr\u00eache montessori\" src=\"https:\/\/i0.wp.com\/www.blogbbmontessori.com\/wp-content\/uploads\/2011\/09\/img_2564.jpg?resize=300%2C225&#038;ssl=1\" alt=\"\" width=\"300\" height=\"225\" srcset=\"https:\/\/i0.wp.com\/www.blogbbmontessori.com\/wp-content\/uploads\/2011\/09\/img_2564.jpg?resize=300%2C225&amp;ssl=1 300w, https:\/\/i0.wp.com\/www.blogbbmontessori.com\/wp-content\/uploads\/2011\/09\/img_2564.jpg?w=480&amp;ssl=1 480w\" sizes=\"auto, (max-width: 300px) 100vw, 300px\" \/><\/a><\/p>\n<p style=\"text-align: left;\">Les petits <strong>lits<\/strong> individuels ont \u00e9t\u00e9 pr\u00e9par\u00e9s \u00e0 travers la salle de classe. Chaque enfant a sa place pour dormir. Les <strong>couleurs<\/strong> de la pi\u00e8ce sont lumineuses, blanches et bleues, mais on a tir\u00e9 les rideaux pour masquer la lumi\u00e8re du soleil. Pour le moment, ils sont en train de d\u00e9jeuner mais bient\u00f4t, ils p\u00e9n\u00e9treront en silence dans ce lieu et cette ambiance de repos et relaxation. Une musique tr\u00e8s douce donne d\u00e9j\u00e0 le ton.<\/p>\n<p style=\"text-align: center;\">\n","protected":false},"excerpt":{"rendered":"<p>Voici une photo prise il y a quelques ann\u00e9es dans les locaux de la cr\u00eache Montessori (pour les enfants dont les parents travaillent dans l&rsquo;h\u00f4pital) de l&rsquo;\u00e9tat de New York. J&rsquo;ai eu la chance d&rsquo;\u00eatre accueillie et de pouvoir visiter la structure. Les petits lits individuels ont \u00e9t\u00e9 pr\u00e9par\u00e9s \u00e0 travers la salle de classe. [&hellip;]<\/p>\n","protected":false},"author":2,"featured_media":0,"comment_status":"open","ping_status":"open","sticky":false,"template":"","format":"standard","meta":{"jetpack_post_was_ever_published":false,"_jetpack_newsletter_access":"","_jetpack_dont_email_post_to_subs":false,"_jetpack_newsletter_tier_id":0,"_jetpack_memberships_contains_paywalled_content":false,"_jetpack_memberships_contains_paid_content":false,"footnotes":"","jetpack_publicize_message":"","jetpack_publicize_feature_enabled":true,"jetpack_social_post_already_shared":false,"jetpack_social_options":{"image_generator_settings":{"template":"highway","default_image_id":0,"font":"","enabled":false},"version":2}},"categories":[256,257],"tags":[436,56,445],"class_list":["post-4145","post","type-post","status-publish","format-standard","hentry","category-18-24-mois","category-24-36-mois","tag-creche","tag-lit","tag-sieste"],"jetpack_publicize_connections":[],"jetpack_featured_media_url":"","jetpack_sharing_enabled":true,"jetpack_shortlink":"https:\/\/wp.me\/pm9U2-14R","_links":{"self":[{"href":"https:\/\/www.blogbbmontessori.com\/index.php?rest_route=\/wp\/v2\/posts\/4145","targetHints":{"allow":["GET"]}}],"collection":[{"href":"https:\/\/www.blogbbmontessori.com\/index.php?rest_route=\/wp\/v2\/posts"}],"about":[{"href":"https:\/\/www.blogbbmontessori.com\/index.php?rest_route=\/wp\/v2\/types\/post"}],"author":[{"embeddable":true,"href":"https:\/\/www.blogbbmontessori.com\/index.php?rest_route=\/wp\/v2\/users\/2"}],"replies":[{"embeddable":true,"href":"https:\/\/www.blogbbmontessori.com\/index.php?rest_route=%2Fwp%2Fv2%2Fcomments&post=4145"}],"version-history":[{"count":3,"href":"https:\/\/www.blogbbmontessori.com\/index.php?rest_route=\/wp\/v2\/posts\/4145\/revisions"}],"predecessor-version":[{"id":4149,"href":"https:\/\/www.blogbbmontessori.com\/index.php?rest_route=\/wp\/v2\/posts\/4145\/revisions\/4149"}],"wp:attachment":[{"href":"https:\/\/www.blogbbmontessori.com\/index.php?rest_route=%2Fwp%2Fv2%2Fmedia&parent=4145"}],"wp:term":[{"taxonomy":"category","embeddable":true,"href":"https:\/\/www.blogbbmontessori.com\/index.php?rest_route=%2Fwp%2Fv2%2Fcategories&post=4145"},{"taxonomy":"post_tag","embeddable":true,"href":"https:\/\/www.blogbbmontessori.com\/index.php?rest_route=%2Fwp%2Fv2%2Ftags&post=4145"}],"curies":[{"name":"wp","href":"https:\/\/api.w.org\/{rel}","templated":true}]}}