{"id":4126,"date":"2011-09-09T18:38:24","date_gmt":"2011-09-09T16:38:24","guid":{"rendered":"http:\/\/www.blogbbmontessori.com\/?p=4126"},"modified":"2011-09-09T18:38:24","modified_gmt":"2011-09-09T16:38:24","slug":"le-developpement-du-foetus","status":"publish","type":"post","link":"https:\/\/www.blogbbmontessori.com\/?p=4126","title":{"rendered":"Le d\u00e9veloppement du foetus"},"content":{"rendered":"<p>Voici un \u00ab\u00a0mat\u00e9riel\u00a0\u00bb que j&rsquo;aime bien sur le d\u00e9veloppement du foetus. D&rsquo;ailleurs, avez-vous remarqu\u00e9 que le mot foetus contient un \u00ab\u00a0e\u00a0\u00bb dans le \u00ab\u00a0o\u00a0\u00bb !<\/p>\n<p style=\"text-align: center;\"><a href=\"https:\/\/i0.wp.com\/www.blogbbmontessori.com\/wp-content\/uploads\/2011\/09\/img_5449.jpg?ssl=1\"><img data-recalc-dims=\"1\" loading=\"lazy\" decoding=\"async\" class=\"size-medium wp-image-4127 aligncenter\" title=\"img_5449\" src=\"https:\/\/i0.wp.com\/www.blogbbmontessori.com\/wp-content\/uploads\/2011\/09\/img_5449.jpg?resize=300%2C225&#038;ssl=1\" alt=\"\" width=\"300\" height=\"225\" srcset=\"https:\/\/i0.wp.com\/www.blogbbmontessori.com\/wp-content\/uploads\/2011\/09\/img_5449.jpg?resize=300%2C225&amp;ssl=1 300w, https:\/\/i0.wp.com\/www.blogbbmontessori.com\/wp-content\/uploads\/2011\/09\/img_5449.jpg?w=480&amp;ssl=1 480w\" sizes=\"auto, (max-width: 300px) 100vw, 300px\" \/><\/a><\/p>\n<p>La premi\u00e8re fois que j&rsquo;ai vu ce mat\u00e9riel, j&rsquo;ai \u00e9t\u00e9 tr\u00e8s <strong>\u00e9mue<\/strong>. Je pense qu&rsquo;il devrait \u00eatre utilis\u00e9 aupr\u00e8s des futurs mamans, que ce soit dans les pr\u00e9parations \u00e0 l&rsquo;accouchement, par les sage-femmes, etc..<\/p>\n<p>Il est compos\u00e9 de 10 \u00e9l\u00e9ments :<\/p>\n<p>L&rsquo;ut\u00e9rus normal, puis l&rsquo;ut\u00e9rus et le foetus du 1er mois jusqu&rsquo;au 9\u00e8me mois. Les foetus ont une taille r\u00e9elle. Le dernier mesure environ 45 cm.<\/p>\n<table style=\"height: 204px;\" border=\"1\" width=\"297\">\n<tbody>\n<tr valign=\"top\">\n<td width=\"74\"><\/td>\n<td width=\"130\"><\/td>\n<td width=\"202\"><\/td>\n<\/tr>\n<tr valign=\"top\">\n<td width=\"74\"><\/td>\n<td width=\"130\"><\/td>\n<td width=\"202\"><\/td>\n<\/tr>\n<tr valign=\"top\">\n<td width=\"74\"><\/td>\n<td width=\"130\"><\/td>\n<td width=\"202\"><\/td>\n<\/tr>\n<tr valign=\"top\">\n<td width=\"74\"><\/td>\n<td width=\"130\"><\/td>\n<td width=\"202\"><\/td>\n<\/tr>\n<tr valign=\"top\">\n<td width=\"74\"><\/td>\n<td width=\"130\"><\/td>\n<td width=\"202\"><\/td>\n<\/tr>\n<tr valign=\"top\">\n<td width=\"74\"><\/td>\n<td width=\"130\"><\/td>\n<td width=\"202\"><\/td>\n<\/tr>\n<tr valign=\"top\">\n<td width=\"74\"><\/td>\n<td width=\"130\"><\/td>\n<td width=\"202\"><\/td>\n<\/tr>\n<tr valign=\"top\">\n<td width=\"74\"><\/td>\n<td width=\"130\"><\/td>\n<td width=\"202\"><\/td>\n<\/tr>\n<tr valign=\"top\">\n<td width=\"74\"><\/td>\n<td width=\"130\"><\/td>\n<td width=\"202\"><\/td>\n<\/tr>\n<tr valign=\"top\">\n<td width=\"74\"><\/td>\n<td width=\"130\"><\/td>\n<td width=\"202\"><\/td>\n<\/tr>\n<\/tbody>\n<\/table>\n","protected":false},"excerpt":{"rendered":"<p>Voici un \u00ab\u00a0mat\u00e9riel\u00a0\u00bb que j&rsquo;aime bien sur le d\u00e9veloppement du foetus. D&rsquo;ailleurs, avez-vous remarqu\u00e9 que le mot foetus contient un \u00ab\u00a0e\u00a0\u00bb dans le \u00ab\u00a0o\u00a0\u00bb ! La premi\u00e8re fois que j&rsquo;ai vu ce mat\u00e9riel, j&rsquo;ai \u00e9t\u00e9 tr\u00e8s \u00e9mue. Je pense qu&rsquo;il devrait \u00eatre utilis\u00e9 aupr\u00e8s des futurs mamans, que ce soit dans les pr\u00e9parations \u00e0 l&rsquo;accouchement, [&hellip;]<\/p>\n","protected":false},"author":2,"featured_media":0,"comment_status":"open","ping_status":"open","sticky":false,"template":"","format":"standard","meta":{"jetpack_post_was_ever_published":false,"_jetpack_newsletter_access":"","_jetpack_dont_email_post_to_subs":false,"_jetpack_newsletter_tier_id":0,"_jetpack_memberships_contains_paywalled_content":false,"_jetpack_memberships_contains_paid_content":false,"footnotes":"","jetpack_publicize_message":"","jetpack_publicize_feature_enabled":true,"jetpack_social_post_already_shared":false,"jetpack_social_options":{"image_generator_settings":{"template":"highway","default_image_id":0,"font":"","enabled":false},"version":2}},"categories":[1],"tags":[349,442],"class_list":["post-4126","post","type-post","status-publish","format-standard","hentry","category-quotidien","tag-developpement","tag-foetus"],"jetpack_publicize_connections":[],"jetpack_featured_media_url":"","jetpack_sharing_enabled":true,"jetpack_shortlink":"https:\/\/wp.me\/pm9U2-14y","_links":{"self":[{"href":"https:\/\/www.blogbbmontessori.com\/index.php?rest_route=\/wp\/v2\/posts\/4126","targetHints":{"allow":["GET"]}}],"collection":[{"href":"https:\/\/www.blogbbmontessori.com\/index.php?rest_route=\/wp\/v2\/posts"}],"about":[{"href":"https:\/\/www.blogbbmontessori.com\/index.php?rest_route=\/wp\/v2\/types\/post"}],"author":[{"embeddable":true,"href":"https:\/\/www.blogbbmontessori.com\/index.php?rest_route=\/wp\/v2\/users\/2"}],"replies":[{"embeddable":true,"href":"https:\/\/www.blogbbmontessori.com\/index.php?rest_route=%2Fwp%2Fv2%2Fcomments&post=4126"}],"version-history":[{"count":7,"href":"https:\/\/www.blogbbmontessori.com\/index.php?rest_route=\/wp\/v2\/posts\/4126\/revisions"}],"predecessor-version":[{"id":4134,"href":"https:\/\/www.blogbbmontessori.com\/index.php?rest_route=\/wp\/v2\/posts\/4126\/revisions\/4134"}],"wp:attachment":[{"href":"https:\/\/www.blogbbmontessori.com\/index.php?rest_route=%2Fwp%2Fv2%2Fmedia&parent=4126"}],"wp:term":[{"taxonomy":"category","embeddable":true,"href":"https:\/\/www.blogbbmontessori.com\/index.php?rest_route=%2Fwp%2Fv2%2Fcategories&post=4126"},{"taxonomy":"post_tag","embeddable":true,"href":"https:\/\/www.blogbbmontessori.com\/index.php?rest_route=%2Fwp%2Fv2%2Ftags&post=4126"}],"curies":[{"name":"wp","href":"https:\/\/api.w.org\/{rel}","templated":true}]}}