{"id":4045,"date":"2011-08-05T22:27:12","date_gmt":"2011-08-05T20:27:12","guid":{"rendered":"http:\/\/www.blogbbmontessori.com\/?p=4045"},"modified":"2011-08-05T22:28:10","modified_gmt":"2011-08-05T20:28:10","slug":"des-batiments-concus-pour-les-bebes","status":"publish","type":"post","link":"https:\/\/www.blogbbmontessori.com\/?p=4045","title":{"rendered":"Des b\u00e2timents con\u00e7us pour les b\u00e9b\u00e9s"},"content":{"rendered":"<p><a href=\"https:\/\/i0.wp.com\/www.blogbbmontessori.com\/wp-content\/uploads\/2011\/08\/camden1-055.jpg?ssl=1\"><img data-recalc-dims=\"1\" loading=\"lazy\" decoding=\"async\" class=\"alignnone size-medium wp-image-4046\" title=\"regarder par la fen\u00eatre\" src=\"https:\/\/i0.wp.com\/www.blogbbmontessori.com\/wp-content\/uploads\/2011\/08\/camden1-055.jpg?resize=225%2C300&#038;ssl=1\" alt=\"\" width=\"225\" height=\"300\" srcset=\"https:\/\/i0.wp.com\/www.blogbbmontessori.com\/wp-content\/uploads\/2011\/08\/camden1-055.jpg?resize=225%2C300&amp;ssl=1 225w, https:\/\/i0.wp.com\/www.blogbbmontessori.com\/wp-content\/uploads\/2011\/08\/camden1-055.jpg?w=240&amp;ssl=1 240w\" sizes=\"auto, (max-width: 225px) 100vw, 225px\" \/><\/a><a href=\"https:\/\/i0.wp.com\/www.blogbbmontessori.com\/wp-content\/uploads\/2011\/08\/img_4387.jpg?ssl=1\"><img data-recalc-dims=\"1\" loading=\"lazy\" decoding=\"async\" class=\"alignnone size-medium wp-image-4047\" title=\"fen\u00eatres \u00e0 ma hauteur\" src=\"https:\/\/i0.wp.com\/www.blogbbmontessori.com\/wp-content\/uploads\/2011\/08\/img_4387.jpg?resize=300%2C225&#038;ssl=1\" alt=\"\" width=\"300\" height=\"225\" srcset=\"https:\/\/i0.wp.com\/www.blogbbmontessori.com\/wp-content\/uploads\/2011\/08\/img_4387.jpg?resize=300%2C225&amp;ssl=1 300w, https:\/\/i0.wp.com\/www.blogbbmontessori.com\/wp-content\/uploads\/2011\/08\/img_4387.jpg?w=320&amp;ssl=1 320w\" sizes=\"auto, (max-width: 300px) 100vw, 300px\" \/><\/a><\/p>\n<p>R\u00e9vons un peu de locaux con\u00e7us pour les enfants. Dans ce post, abordons le sujet du champ de <strong>vision<\/strong> quotidien des enfants.<\/p>\n<p>Pour cela nous allons faire un peu d&rsquo;exercice physique.<br \/>\nMettez-vous ventre \u00e0 terre et regardez autour de vous. Tournez-vous sur le dos, et observez.<br \/>\nMaintenant, mettez-vous \u00e0 genoux et demandez \u00e0 une personne proche de vous de s&rsquo;approcher de vous. Que voyez-vous, que constatez-vous ?<\/p>\n<p>Tournez la t\u00eate vers la fen\u00eatre ou la porte. Que voyez-vous, que constatez-vous ?<\/p>\n<p>Dans la photo de gauche, nous sommes dans le nido (voir posts pr\u00e9c\u00e9dents sur le sujet) et l&rsquo;\u00e9ducatrice est oblig\u00e9e de soulever le b\u00e9b\u00e9 dans ses bras pour lui montrer les enfants de l&rsquo;autre c\u00f4t\u00e9 de la fen\u00eatre. Bravo \u00e0 elle et dommage pour la conception du b\u00e2timent.<\/p>\n<p>Dans la photo de droite, il s&rsquo;agit d&rsquo;une classe 3-6 ans, au Qu\u00e9bec (je viens de passer un mois \u00e0 former des \u00e9ducateurs, \u00e9ducatrices), qui a \u00e9t\u00e9 con\u00e7ue par un architecte. Il a r\u00e9fl\u00e9chi \u00e0 la taille des enfants : les fen\u00eatres sont nombreuses et tr\u00e8s basses pour que les enfants puissent voir le jardin ext\u00e9rieur depuis la classe, sans monter sur une petite chaise.<\/p>\n<p><em>\u00ab\u00a0J&rsquo;aime \u00e7a\u00a0\u00bb <\/em>comme diraient les qu\u00e9b\u00e9cois que je salue cordialement.<\/p>\n","protected":false},"excerpt":{"rendered":"<p>R\u00e9vons un peu de locaux con\u00e7us pour les enfants. Dans ce post, abordons le sujet du champ de vision quotidien des enfants. Pour cela nous allons faire un peu d&rsquo;exercice physique. Mettez-vous ventre \u00e0 terre et regardez autour de vous. Tournez-vous sur le dos, et observez. Maintenant, mettez-vous \u00e0 genoux et demandez \u00e0 une personne [&hellip;]<\/p>\n","protected":false},"author":2,"featured_media":0,"comment_status":"open","ping_status":"open","sticky":false,"template":"","format":"standard","meta":{"jetpack_post_was_ever_published":false,"_jetpack_newsletter_access":"","_jetpack_dont_email_post_to_subs":false,"_jetpack_newsletter_tier_id":0,"_jetpack_memberships_contains_paywalled_content":false,"_jetpack_memberships_contains_paid_content":false,"footnotes":"","jetpack_publicize_message":"","jetpack_publicize_feature_enabled":true,"jetpack_social_post_already_shared":false,"jetpack_social_options":{"image_generator_settings":{"template":"highway","default_image_id":0,"font":"","enabled":false},"version":2}},"categories":[255,1],"tags":[434,431,432,433,288],"class_list":["post-4045","post","type-post","status-publish","format-standard","hentry","category-12-18-mois","category-quotidien","tag-canada","tag-fenetre","tag-porte","tag-quebec","tag-vision"],"jetpack_publicize_connections":[],"jetpack_featured_media_url":"","jetpack_sharing_enabled":true,"jetpack_shortlink":"https:\/\/wp.me\/pm9U2-13f","_links":{"self":[{"href":"https:\/\/www.blogbbmontessori.com\/index.php?rest_route=\/wp\/v2\/posts\/4045","targetHints":{"allow":["GET"]}}],"collection":[{"href":"https:\/\/www.blogbbmontessori.com\/index.php?rest_route=\/wp\/v2\/posts"}],"about":[{"href":"https:\/\/www.blogbbmontessori.com\/index.php?rest_route=\/wp\/v2\/types\/post"}],"author":[{"embeddable":true,"href":"https:\/\/www.blogbbmontessori.com\/index.php?rest_route=\/wp\/v2\/users\/2"}],"replies":[{"embeddable":true,"href":"https:\/\/www.blogbbmontessori.com\/index.php?rest_route=%2Fwp%2Fv2%2Fcomments&post=4045"}],"version-history":[{"count":8,"href":"https:\/\/www.blogbbmontessori.com\/index.php?rest_route=\/wp\/v2\/posts\/4045\/revisions"}],"predecessor-version":[{"id":4055,"href":"https:\/\/www.blogbbmontessori.com\/index.php?rest_route=\/wp\/v2\/posts\/4045\/revisions\/4055"}],"wp:attachment":[{"href":"https:\/\/www.blogbbmontessori.com\/index.php?rest_route=%2Fwp%2Fv2%2Fmedia&parent=4045"}],"wp:term":[{"taxonomy":"category","embeddable":true,"href":"https:\/\/www.blogbbmontessori.com\/index.php?rest_route=%2Fwp%2Fv2%2Fcategories&post=4045"},{"taxonomy":"post_tag","embeddable":true,"href":"https:\/\/www.blogbbmontessori.com\/index.php?rest_route=%2Fwp%2Fv2%2Ftags&post=4045"}],"curies":[{"name":"wp","href":"https:\/\/api.w.org\/{rel}","templated":true}]}}