{"id":3611,"date":"2011-06-05T22:31:08","date_gmt":"2011-06-05T20:31:08","guid":{"rendered":"http:\/\/www.blogbbmontessori.com\/?p=3611"},"modified":"2011-06-05T22:31:08","modified_gmt":"2011-06-05T20:31:08","slug":"faut-il-battre-les-enfants","status":"publish","type":"post","link":"https:\/\/www.blogbbmontessori.com\/?p=3611","title":{"rendered":"Faut-il battre les enfants ?"},"content":{"rendered":"<p style=\"text-align: center;\"><a href=\"https:\/\/i0.wp.com\/www.blogbbmontessori.com\/wp-content\/uploads\/2011\/06\/se-battre.png?ssl=1\"><img data-recalc-dims=\"1\" loading=\"lazy\" decoding=\"async\" class=\"alignnone size-medium wp-image-3621\" title=\"se-battre\" src=\"https:\/\/i0.wp.com\/www.blogbbmontessori.com\/wp-content\/uploads\/2011\/06\/se-battre.png?resize=283%2C283&#038;ssl=1\" alt=\"\" width=\"283\" height=\"283\" srcset=\"https:\/\/i0.wp.com\/www.blogbbmontessori.com\/wp-content\/uploads\/2011\/06\/se-battre.png?w=283&amp;ssl=1 283w, https:\/\/i0.wp.com\/www.blogbbmontessori.com\/wp-content\/uploads\/2011\/06\/se-battre.png?resize=150%2C150&amp;ssl=1 150w\" sizes=\"auto, (max-width: 283px) 100vw, 283px\" \/><\/a><\/p>\n<p>Voici ce que m&rsquo;\u00e9crit une maman choqu\u00e9e :<\/p>\n<p><em>Ecoutez cette chronique : http:\/\/www.franceculture.com\/player?p=reecoute-4222841#<\/em><\/p>\n<p><em>Bien d\u00e9cevante chronique de cette chroniqueuse qui commence par rigoler \u00e0 la question \u00ab\u00a0Faut-il battre les enfants ?\u00a0\u00bb. Bonne introduction en effet, le sujet est risible&#8230;.<\/em><\/p>\n<p><em>Elle continue en lisant, pas bien d&rsquo;ailleurs, un texte laconique, dans lequel elle affirme que \u00ab\u00a0plus aucun \u00e9ducateur ne d\u00e9fend l&rsquo;id\u00e9e des ch\u00e2timents corporels \u00e9ducatifs\u00a0\u00bb. Il faudrait qu&rsquo;elle quitte un peu son quartier de parisienne privil\u00e9gi\u00e9e ! Et qu&rsquo;elle prenne des cours de th\u00e9\u00e2tre pour se mettre \u00e0 la place d&rsquo;une maman qui crie \u00e0 son enfant ! <\/em><\/p>\n<p><em>Franchement est-ce que cette personne et tous ces intellectuels \u00ab\u00a0psyquelquechose\u00a0\u00bb peuvent \u00eatre cr\u00e9dibles sur un sujet tel que celui-ci\u00a0 ? Ce sont eux \u00ab\u00a0les d\u00e9calages\u00a0\u00bb avec leurs beaux discours, leurs chiffres st\u00e9riles, leurs livres qui leur rapportent de l&rsquo;argent, mais qu&rsquo;en est-il de leurs actions pour la cause sur le terrain ?<br \/>\n<\/em><\/p>\n<p><em>Je comprendrais que vous ne publiez pas mon message, car voil\u00e0, les blogs \u00e9ducatifs mielleux sont nombreux sur la toile, alors que ceux pour lesquels on aborde les vrais sujets sans se gargariser, sont rares. <\/em><br \/>\n<em>Je vous salue.<\/em><br \/>\nS.A.<\/p>\n","protected":false},"excerpt":{"rendered":"<p>Voici ce que m&rsquo;\u00e9crit une maman choqu\u00e9e : Ecoutez cette chronique : http:\/\/www.franceculture.com\/player?p=reecoute-4222841# Bien d\u00e9cevante chronique de cette chroniqueuse qui commence par rigoler \u00e0 la question \u00ab\u00a0Faut-il battre les enfants ?\u00a0\u00bb. Bonne introduction en effet, le sujet est risible&#8230;. Elle continue en lisant, pas bien d&rsquo;ailleurs, un texte laconique, dans lequel elle affirme que \u00ab\u00a0plus [&hellip;]<\/p>\n","protected":false},"author":2,"featured_media":0,"comment_status":"open","ping_status":"open","sticky":false,"template":"","format":"standard","meta":{"jetpack_post_was_ever_published":false,"_jetpack_newsletter_access":"","_jetpack_dont_email_post_to_subs":false,"_jetpack_newsletter_tier_id":0,"_jetpack_memberships_contains_paywalled_content":false,"_jetpack_memberships_contains_paid_content":false,"footnotes":"","jetpack_publicize_message":"","jetpack_publicize_feature_enabled":true,"jetpack_social_post_already_shared":false,"jetpack_social_options":{"image_generator_settings":{"template":"highway","default_image_id":0,"font":"","enabled":false},"version":2}},"categories":[1],"tags":[408,407],"class_list":["post-3611","post","type-post","status-publish","format-standard","hentry","category-quotidien","tag-battre","tag-fessee"],"jetpack_publicize_connections":[],"jetpack_featured_media_url":"","jetpack_sharing_enabled":true,"jetpack_shortlink":"https:\/\/wp.me\/pm9U2-Wf","_links":{"self":[{"href":"https:\/\/www.blogbbmontessori.com\/index.php?rest_route=\/wp\/v2\/posts\/3611","targetHints":{"allow":["GET"]}}],"collection":[{"href":"https:\/\/www.blogbbmontessori.com\/index.php?rest_route=\/wp\/v2\/posts"}],"about":[{"href":"https:\/\/www.blogbbmontessori.com\/index.php?rest_route=\/wp\/v2\/types\/post"}],"author":[{"embeddable":true,"href":"https:\/\/www.blogbbmontessori.com\/index.php?rest_route=\/wp\/v2\/users\/2"}],"replies":[{"embeddable":true,"href":"https:\/\/www.blogbbmontessori.com\/index.php?rest_route=%2Fwp%2Fv2%2Fcomments&post=3611"}],"version-history":[{"count":8,"href":"https:\/\/www.blogbbmontessori.com\/index.php?rest_route=\/wp\/v2\/posts\/3611\/revisions"}],"predecessor-version":[{"id":3623,"href":"https:\/\/www.blogbbmontessori.com\/index.php?rest_route=\/wp\/v2\/posts\/3611\/revisions\/3623"}],"wp:attachment":[{"href":"https:\/\/www.blogbbmontessori.com\/index.php?rest_route=%2Fwp%2Fv2%2Fmedia&parent=3611"}],"wp:term":[{"taxonomy":"category","embeddable":true,"href":"https:\/\/www.blogbbmontessori.com\/index.php?rest_route=%2Fwp%2Fv2%2Fcategories&post=3611"},{"taxonomy":"post_tag","embeddable":true,"href":"https:\/\/www.blogbbmontessori.com\/index.php?rest_route=%2Fwp%2Fv2%2Ftags&post=3611"}],"curies":[{"name":"wp","href":"https:\/\/api.w.org\/{rel}","templated":true}]}}