{"id":3541,"date":"2011-05-29T22:20:50","date_gmt":"2011-05-29T20:20:50","guid":{"rendered":"http:\/\/www.blogbbmontessori.com\/?p=3541"},"modified":"2011-05-29T22:20:50","modified_gmt":"2011-05-29T20:20:50","slug":"les-couleurs-dans-le-nido","status":"publish","type":"post","link":"https:\/\/www.blogbbmontessori.com\/?p=3541","title":{"rendered":"Les couleurs dans le nido"},"content":{"rendered":"<p style=\"text-align: center;\"><a href=\"https:\/\/i0.wp.com\/www.blogbbmontessori.com\/wp-content\/uploads\/2011\/05\/couleurs.jpg?ssl=1\"><img data-recalc-dims=\"1\" loading=\"lazy\" decoding=\"async\" class=\"size-medium wp-image-3542 aligncenter\" title=\"couleurs\" src=\"https:\/\/i0.wp.com\/www.blogbbmontessori.com\/wp-content\/uploads\/2011\/05\/couleurs.jpg?resize=300%2C225&#038;ssl=1\" alt=\"\" width=\"300\" height=\"225\" srcset=\"https:\/\/i0.wp.com\/www.blogbbmontessori.com\/wp-content\/uploads\/2011\/05\/couleurs.jpg?resize=300%2C225&amp;ssl=1 300w, https:\/\/i0.wp.com\/www.blogbbmontessori.com\/wp-content\/uploads\/\/home\/www\/bebe\/wp-content\/uploads\/2011\/05\/couleurs.jpg?w=1250&amp;ssl=1 1250w, https:\/\/i0.wp.com\/www.blogbbmontessori.com\/wp-content\/uploads\/\/home\/www\/bebe\/wp-content\/uploads\/2011\/05\/couleurs.jpg?w=1875&amp;ssl=1 1875w\" sizes=\"auto, (max-width: 300px) 100vw, 300px\" \/><\/a><\/p>\n<p>Les <strong>couleurs<\/strong> dans le nido sont assez <strong>harmonieuses<\/strong>.<br \/>\nIl y a la couleur verte dominante de l&rsquo;ensemble de la pi\u00e8ce : les murs sont \u00ab\u00a0amande douce\u00a0\u00bb, les placards peints un peu plus fonc\u00e9s.<br \/>\nUne jolie frise d&rsquo;<strong>ombres<\/strong> <strong>noires<\/strong> d&rsquo;animaux et plantes de la savane tranche sur le bas du mur, \u00e0 hauteur de vue des b\u00e9b\u00e9s.<\/p>\n<p>Le sol tranche avec un lino, imitation <strong>bois<\/strong> clair.<br \/>\nLes petits lits sont <strong>blancs<\/strong> et les tapis soit en longs poils doux et blancs, soit en mousses couleurs vives, (comme sur la photo ci-dessus). Les \u00e9tag\u00e8res et paniers sont couleur bois clair.<br \/>\nEnfin les \u00ab\u00a0<strong>jouets\u00a0\u00bb<\/strong> sont de couleurs vives en g\u00e9n\u00e9ral.<\/p>\n<p>La <strong>vue<\/strong> de l&rsquo;enfant est <strong>stimul\u00e9e<\/strong> par les couleurs mais aussi <strong>apais\u00e9e<\/strong> par l&rsquo;harmonie g\u00e9n\u00e9rale d\u00e9gag\u00e9e par ce lieu. Lorsqu&rsquo;on rentre dans la pi\u00e8ce on ressent imm\u00e9diatement un bien \u00eatre partag\u00e9.<\/p>\n<p>Pour entrer dans la pi\u00e8ce, on doit se <strong>d\u00e9chausser<\/strong> et mettre de grosses chaussettes propres, adapt\u00e9es. Cela assure une <strong>propret\u00e9<\/strong> au sol sur lequel se d\u00e9placent les b\u00e9b\u00e9s, et at\u00e9nue les bruits des d\u00e9placements des adultes.<\/p>\n<p>Demain nous parlerons de l&rsquo;ambiance sonore du nido !<\/p>\n","protected":false},"excerpt":{"rendered":"<p>Les couleurs dans le nido sont assez harmonieuses. Il y a la couleur verte dominante de l&rsquo;ensemble de la pi\u00e8ce : les murs sont \u00ab\u00a0amande douce\u00a0\u00bb, les placards peints un peu plus fonc\u00e9s. Une jolie frise d&rsquo;ombres noires d&rsquo;animaux et plantes de la savane tranche sur le bas du mur, \u00e0 hauteur de vue des [&hellip;]<\/p>\n","protected":false},"author":2,"featured_media":0,"comment_status":"open","ping_status":"open","sticky":false,"template":"","format":"standard","meta":{"jetpack_post_was_ever_published":false,"_jetpack_newsletter_access":"","_jetpack_dont_email_post_to_subs":false,"_jetpack_newsletter_tier_id":0,"_jetpack_memberships_contains_paywalled_content":false,"_jetpack_memberships_contains_paid_content":false,"footnotes":"","jetpack_publicize_message":"","jetpack_publicize_feature_enabled":true,"jetpack_social_post_already_shared":false,"jetpack_social_options":{"image_generator_settings":{"template":"highway","default_image_id":0,"font":"","enabled":false},"version":2}},"categories":[252,254,255,1],"tags":[398,118,56,399,730,41,397,259],"class_list":["post-3541","post","type-post","status-publish","format-standard","hentry","category-0-6-mois","category-06-12-mois","category-12-18-mois","category-quotidien","tag-blanc","tag-couleurs","tag-lit","tag-noir","tag-proprete","tag-tapis","tag-vert","tag-vue"],"jetpack_publicize_connections":[],"jetpack_featured_media_url":"","jetpack_sharing_enabled":true,"jetpack_shortlink":"https:\/\/wp.me\/pm9U2-V7","_links":{"self":[{"href":"https:\/\/www.blogbbmontessori.com\/index.php?rest_route=\/wp\/v2\/posts\/3541","targetHints":{"allow":["GET"]}}],"collection":[{"href":"https:\/\/www.blogbbmontessori.com\/index.php?rest_route=\/wp\/v2\/posts"}],"about":[{"href":"https:\/\/www.blogbbmontessori.com\/index.php?rest_route=\/wp\/v2\/types\/post"}],"author":[{"embeddable":true,"href":"https:\/\/www.blogbbmontessori.com\/index.php?rest_route=\/wp\/v2\/users\/2"}],"replies":[{"embeddable":true,"href":"https:\/\/www.blogbbmontessori.com\/index.php?rest_route=%2Fwp%2Fv2%2Fcomments&post=3541"}],"version-history":[{"count":5,"href":"https:\/\/www.blogbbmontessori.com\/index.php?rest_route=\/wp\/v2\/posts\/3541\/revisions"}],"predecessor-version":[{"id":3547,"href":"https:\/\/www.blogbbmontessori.com\/index.php?rest_route=\/wp\/v2\/posts\/3541\/revisions\/3547"}],"wp:attachment":[{"href":"https:\/\/www.blogbbmontessori.com\/index.php?rest_route=%2Fwp%2Fv2%2Fmedia&parent=3541"}],"wp:term":[{"taxonomy":"category","embeddable":true,"href":"https:\/\/www.blogbbmontessori.com\/index.php?rest_route=%2Fwp%2Fv2%2Fcategories&post=3541"},{"taxonomy":"post_tag","embeddable":true,"href":"https:\/\/www.blogbbmontessori.com\/index.php?rest_route=%2Fwp%2Fv2%2Ftags&post=3541"}],"curies":[{"name":"wp","href":"https:\/\/api.w.org\/{rel}","templated":true}]}}