{"id":3353,"date":"2011-04-01T20:22:29","date_gmt":"2011-04-01T18:22:29","guid":{"rendered":"http:\/\/www.blogbbmontessori.com\/?p=3353"},"modified":"2011-04-01T20:22:29","modified_gmt":"2011-04-01T18:22:29","slug":"la-periode-aigue-des-enfant-ages-entre-2-et-3-ans","status":"publish","type":"post","link":"https:\/\/www.blogbbmontessori.com\/?p=3353","title":{"rendered":"La p\u00e9riode aig\u00fce des enfant \u00e2g\u00e9s entre 2 et 3 ans"},"content":{"rendered":"<p>Un petit post pour tous les parents vivant la p\u00e9riode de d\u00e9veloppement de l&rsquo;enfant de 2 \u00e0 3 ans, qui, fort de ses capacit\u00e9s \u00e0 pouvoir se d\u00e9placer o\u00f9 il le d\u00e9cide d&rsquo;une part et \u00e0 exprimer plus ou moins pr\u00e9cis\u00e9ment <strong>ce qu&rsquo;il veut et ce qu&rsquo;il ne veut pas, <\/strong>d&rsquo;autre part, cherche un <strong>\u00e9quilibre<\/strong> vital dans son quotidien.<\/p>\n<p>L&rsquo;enfant ne faisant pas de <strong>CAPRICES<\/strong> comme l&rsquo;explique bien Maria Montessori, que pouvons-nous faire face \u00e0 des situations parfois bien stressantes pour l&rsquo;enfant et pour les \u00eatres humains de son entourage ?<\/p>\n<p>&#8211; OBSERVER pour COMPRENDRE<\/p>\n<p>BBG a <strong>hurl\u00e9<\/strong> au moment o\u00f9 il fallait attacher sa ceinture de s\u00e9curit\u00e9 dans l&rsquo;avion. Il se d\u00e9battait et j&rsquo;avais du mal a le contenir. Mais la cause de son <strong>tourment<\/strong> n&rsquo;\u00e9tait pas l\u00e0. Elle \u00e9tait dans le <strong>mal<\/strong> intense qu&rsquo;il avait ressenti au d\u00e9collage, se mettant les mains sur les oreilles et disant <strong>\u00ab\u00a0j&rsquo;ai mal\u00a0\u00bb<\/strong>. Alors quand quelques instants plus tard, on lui a demand\u00e9 de se tenir <strong>tranquille<\/strong> et d&rsquo;\u00eatre <strong>attach\u00e9<\/strong> sur un si\u00e8ge, il a explos\u00e9 en cris et m\u00eame le pilote a d\u00fb l&rsquo;entendre ! S&rsquo;en \u00e9tait trop pour lui.<\/p>\n<p>&#8211; EXPLIQUER<\/p>\n<p>L&rsquo;enfant est un \u00eatre <strong>intelligent<\/strong>. Adressez-vous \u00e0 lui comme tel. Adaptez seulement le <strong>vocabulaire<\/strong> et le ton mais expliquez-lui ce qui se passe. Si vous avez appris le langage des signes avec votre enfant, ce sera une ressource de communication suppl\u00e9mentaire.<\/p>\n<p>&#8211; ANTICIPER et trouver des COMPROMIS<\/p>\n<p>De toute fa\u00e7on vous n&rsquo;aurez pas \u00ab\u00a0raison\u00a0\u00bb avec votre enfant et le souci n&rsquo;est pas l\u00e0 en v\u00e9rit\u00e9. Vous ne lui ferez pas <strong>changer d&rsquo;attitude<\/strong> en le grondant, le frappant, le malmenant, le mettant au coin, le mena\u00e7ant, le punissant etc.. (Non, <em>une bonne fess\u00e9e<\/em> n&rsquo;a jamais fait de bien, contrairement \u00e0 ce que beaucoup d&rsquo;adultes pensent.)<\/p>\n<p>Si toutes ces m\u00e9thodes avaient \u00e9t\u00e9 <strong>efficaces<\/strong> nous n&rsquo;aurions plus de \u00ab\u00a0soucis\u00a0\u00bb avec l&rsquo;\u00e9ducation des enfants, n&rsquo;est-ce pas.<\/p>\n<p>Ce que nous devons faire c&rsquo;est anticiper sur les r\u00e9actions de l&rsquo;enfant. <strong>Et si nous le connaissons, l&rsquo;observons et le respectons, c&rsquo;est plus facile d&rsquo;anticiper. Trouver un compromis avec lui. <\/strong>Ne fa\u00eetes pas une fixation sur ce que vous avez imagin\u00e9 \u00eatre le \u00ab\u00a0probl\u00e8me\u00a0\u00bb. Cf Ci-dessus : le probl\u00e8me n&rsquo;\u00e9tait pas la ceinture de s\u00e9curit\u00e9 mais le mal d&rsquo;oreilles.<\/p>\n<p>Actuellement,\u00a0 BBG a une <strong>marionnette<\/strong> avec laquelle il aime interagir. Cette marionnette (que j&rsquo;anime et \u00e0 laquelle je pr\u00eate une petite voix) a une relation avec BBG que je n&rsquo;ai pas. Si elle lui dit \u00ab\u00a0BBG tu as vu tous les jouets sur le tapis ?\u00a0\u00bb BBG les rangera avec plaisir et joie. C&rsquo;est un bel exemple de compromis.<\/p>\n<p>La Maman de BBG<\/p>\n","protected":false},"excerpt":{"rendered":"<p>Un petit post pour tous les parents vivant la p\u00e9riode de d\u00e9veloppement de l&rsquo;enfant de 2 \u00e0 3 ans, qui, fort de ses capacit\u00e9s \u00e0 pouvoir se d\u00e9placer o\u00f9 il le d\u00e9cide d&rsquo;une part et \u00e0 exprimer plus ou moins pr\u00e9cis\u00e9ment ce qu&rsquo;il veut et ce qu&rsquo;il ne veut pas, d&rsquo;autre part, cherche un \u00e9quilibre [&hellip;]<\/p>\n","protected":false},"author":2,"featured_media":0,"comment_status":"open","ping_status":"open","sticky":false,"template":"","format":"standard","meta":{"jetpack_post_was_ever_published":false,"_jetpack_newsletter_access":"","_jetpack_dont_email_post_to_subs":false,"_jetpack_newsletter_tier_id":0,"_jetpack_memberships_contains_paywalled_content":false,"_jetpack_memberships_contains_paid_content":false,"footnotes":"","jetpack_publicize_message":"","jetpack_publicize_feature_enabled":true,"jetpack_social_post_already_shared":false,"jetpack_social_options":{"image_generator_settings":{"template":"highway","default_image_id":0,"font":"","enabled":false},"version":2}},"categories":[1],"tags":[],"class_list":["post-3353","post","type-post","status-publish","format-standard","hentry","category-quotidien"],"jetpack_publicize_connections":[],"jetpack_featured_media_url":"","jetpack_sharing_enabled":true,"jetpack_shortlink":"https:\/\/wp.me\/pm9U2-S5","_links":{"self":[{"href":"https:\/\/www.blogbbmontessori.com\/index.php?rest_route=\/wp\/v2\/posts\/3353","targetHints":{"allow":["GET"]}}],"collection":[{"href":"https:\/\/www.blogbbmontessori.com\/index.php?rest_route=\/wp\/v2\/posts"}],"about":[{"href":"https:\/\/www.blogbbmontessori.com\/index.php?rest_route=\/wp\/v2\/types\/post"}],"author":[{"embeddable":true,"href":"https:\/\/www.blogbbmontessori.com\/index.php?rest_route=\/wp\/v2\/users\/2"}],"replies":[{"embeddable":true,"href":"https:\/\/www.blogbbmontessori.com\/index.php?rest_route=%2Fwp%2Fv2%2Fcomments&post=3353"}],"version-history":[{"count":7,"href":"https:\/\/www.blogbbmontessori.com\/index.php?rest_route=\/wp\/v2\/posts\/3353\/revisions"}],"predecessor-version":[{"id":3360,"href":"https:\/\/www.blogbbmontessori.com\/index.php?rest_route=\/wp\/v2\/posts\/3353\/revisions\/3360"}],"wp:attachment":[{"href":"https:\/\/www.blogbbmontessori.com\/index.php?rest_route=%2Fwp%2Fv2%2Fmedia&parent=3353"}],"wp:term":[{"taxonomy":"category","embeddable":true,"href":"https:\/\/www.blogbbmontessori.com\/index.php?rest_route=%2Fwp%2Fv2%2Fcategories&post=3353"},{"taxonomy":"post_tag","embeddable":true,"href":"https:\/\/www.blogbbmontessori.com\/index.php?rest_route=%2Fwp%2Fv2%2Ftags&post=3353"}],"curies":[{"name":"wp","href":"https:\/\/api.w.org\/{rel}","templated":true}]}}