{"id":3314,"date":"2011-03-22T16:47:18","date_gmt":"2011-03-22T14:47:18","guid":{"rendered":"http:\/\/www.blogbbmontessori.com\/?p=3314"},"modified":"2011-03-22T16:47:18","modified_gmt":"2011-03-22T14:47:18","slug":"ranger-trier-classer","status":"publish","type":"post","link":"https:\/\/www.blogbbmontessori.com\/?p=3314","title":{"rendered":"Ranger, trier, classer"},"content":{"rendered":"<p>Ma maman est revenue d&rsquo;une <strong>semaine de formation<\/strong> avec Murielle \u00e0 Avignon, la t\u00eate remplie d&rsquo;id\u00e9es encore nouvelles. Moi et mon grand fr\u00e8re sommes revenus tr\u00e8s grandis de cette premi\u00e8re <strong>immersion en \u00ab\u00a0classe\u00a0\u00bb Montessori<\/strong>.<\/p>\n<p><a href=\"https:\/\/i0.wp.com\/www.blogbbmontessori.com\/wp-content\/uploads\/2011\/03\/dsc08681.jpg?ssl=1\"><img data-recalc-dims=\"1\" loading=\"lazy\" decoding=\"async\" class=\"alignright size-medium wp-image-3317\" src=\"https:\/\/i0.wp.com\/www.blogbbmontessori.com\/wp-content\/uploads\/2011\/03\/dsc08681.jpg?resize=300%2C231&#038;ssl=1\" alt=\"\" width=\"300\" height=\"231\" srcset=\"https:\/\/i0.wp.com\/www.blogbbmontessori.com\/wp-content\/uploads\/2011\/03\/dsc08681.jpg?resize=300%2C231&amp;ssl=1 300w, https:\/\/i0.wp.com\/www.blogbbmontessori.com\/wp-content\/uploads\/2011\/03\/dsc08681.jpg?w=500&amp;ssl=1 500w\" sizes=\"auto, (max-width: 300px) 100vw, 300px\" \/><\/a><\/p>\n<p>Cette semaine j&rsquo;ai d\u00e9couvert une nouvelle activit\u00e9 de tri : <strong>les couleurs<\/strong>. Je me concentre, surtout le matin, \u00e0 trier les objets par couleurs. J&rsquo;ai commenc\u00e9 par les aimants \u00e0 port\u00e9e de main sur le r\u00e9frig\u00e9rateur, j&rsquo;ai continu\u00e9 par les crayons dans les pots (qui viennent d&rsquo;\u00eatre peints). Ce travail fait fonctionner mes petites mains et me demande de la concentration. Je mets de l&rsquo;<strong>ordre<\/strong> dans mon environnement.<\/p>\n<p>*<\/p>\n<p><a href=\"https:\/\/i0.wp.com\/www.blogbbmontessori.com\/wp-content\/uploads\/2011\/03\/dsc08687.jpg?ssl=1\"><img data-recalc-dims=\"1\" loading=\"lazy\" decoding=\"async\" class=\"alignleft size-medium wp-image-3318\" src=\"https:\/\/i0.wp.com\/www.blogbbmontessori.com\/wp-content\/uploads\/2011\/03\/dsc08687.jpg?resize=300%2C249&#038;ssl=1\" alt=\"\" width=\"300\" height=\"249\" srcset=\"https:\/\/i0.wp.com\/www.blogbbmontessori.com\/wp-content\/uploads\/2011\/03\/dsc08687.jpg?resize=300%2C249&amp;ssl=1 300w, https:\/\/i0.wp.com\/www.blogbbmontessori.com\/wp-content\/uploads\/2011\/03\/dsc08687.jpg?w=500&amp;ssl=1 500w\" sizes=\"auto, (max-width: 300px) 100vw, 300px\" \/><\/a>Et je m&rsquo;amuse \u00e0 dire les couleurs. Maman est souvent l\u00e0 et me guide parfois, me laisse \u00e0 mes occupations d&rsquo;autres fois. Elle cite la couleur lorsque ce que je dis n&rsquo;est pas juste, et elle cite aussi quelques sons lorsque je suis devant les lettres. Je reconnais d\u00e9j\u00e0 quelques lettres du pr\u00e9nom de mon grand fr\u00e8re qui s&rsquo;applique \u00e0 les r\u00e9p\u00e9ter \u00e0 haute voix.<\/p>\n<p>On en passe des <strong>p\u00e9riodes sensibles<\/strong>&#8230; peuvent-elles se succ\u00e9der rapidement pour revenir ensuite ? Tout ne s&rsquo;acquiert pas si vite, si Murielle ?<\/p>\n","protected":false},"excerpt":{"rendered":"<p>Ma maman est revenue d&rsquo;une semaine de formation avec Murielle \u00e0 Avignon, la t\u00eate remplie d&rsquo;id\u00e9es encore nouvelles. Moi et mon grand fr\u00e8re sommes revenus tr\u00e8s grandis de cette premi\u00e8re immersion en \u00ab\u00a0classe\u00a0\u00bb Montessori. Cette semaine j&rsquo;ai d\u00e9couvert une nouvelle activit\u00e9 de tri : les couleurs. Je me concentre, surtout le matin, \u00e0 trier les [&hellip;]<\/p>\n","protected":false},"author":1,"featured_media":0,"comment_status":"open","ping_status":"open","sticky":false,"template":"","format":"standard","meta":{"jetpack_post_was_ever_published":false,"_jetpack_newsletter_access":"","_jetpack_dont_email_post_to_subs":false,"_jetpack_newsletter_tier_id":0,"_jetpack_memberships_contains_paywalled_content":false,"_jetpack_memberships_contains_paid_content":false,"footnotes":"","jetpack_publicize_message":"","jetpack_publicize_feature_enabled":true,"jetpack_social_post_already_shared":false,"jetpack_social_options":{"image_generator_settings":{"template":"highway","default_image_id":0,"font":"","enabled":false},"version":2}},"categories":[257,39,26,38,20,54,1,28],"tags":[],"class_list":["post-3314","post","type-post","status-publish","format-standard","hentry","category-24-36-mois","category-environnement","category-langage","category-main","category-ordre","category-periode-sensible","category-quotidien","category-vie-sensorielle"],"jetpack_publicize_connections":[],"jetpack_featured_media_url":"","jetpack_sharing_enabled":true,"jetpack_shortlink":"https:\/\/wp.me\/pm9U2-Rs","_links":{"self":[{"href":"https:\/\/www.blogbbmontessori.com\/index.php?rest_route=\/wp\/v2\/posts\/3314","targetHints":{"allow":["GET"]}}],"collection":[{"href":"https:\/\/www.blogbbmontessori.com\/index.php?rest_route=\/wp\/v2\/posts"}],"about":[{"href":"https:\/\/www.blogbbmontessori.com\/index.php?rest_route=\/wp\/v2\/types\/post"}],"author":[{"embeddable":true,"href":"https:\/\/www.blogbbmontessori.com\/index.php?rest_route=\/wp\/v2\/users\/1"}],"replies":[{"embeddable":true,"href":"https:\/\/www.blogbbmontessori.com\/index.php?rest_route=%2Fwp%2Fv2%2Fcomments&post=3314"}],"version-history":[{"count":10,"href":"https:\/\/www.blogbbmontessori.com\/index.php?rest_route=\/wp\/v2\/posts\/3314\/revisions"}],"predecessor-version":[{"id":3326,"href":"https:\/\/www.blogbbmontessori.com\/index.php?rest_route=\/wp\/v2\/posts\/3314\/revisions\/3326"}],"wp:attachment":[{"href":"https:\/\/www.blogbbmontessori.com\/index.php?rest_route=%2Fwp%2Fv2%2Fmedia&parent=3314"}],"wp:term":[{"taxonomy":"category","embeddable":true,"href":"https:\/\/www.blogbbmontessori.com\/index.php?rest_route=%2Fwp%2Fv2%2Fcategories&post=3314"},{"taxonomy":"post_tag","embeddable":true,"href":"https:\/\/www.blogbbmontessori.com\/index.php?rest_route=%2Fwp%2Fv2%2Ftags&post=3314"}],"curies":[{"name":"wp","href":"https:\/\/api.w.org\/{rel}","templated":true}]}}