{"id":3176,"date":"2011-02-16T22:14:05","date_gmt":"2011-02-16T20:14:05","guid":{"rendered":"http:\/\/www.blogbbmontessori.com\/?p=3176"},"modified":"2011-02-16T22:14:05","modified_gmt":"2011-02-16T20:14:05","slug":"je-fabrique-des-couleurs","status":"publish","type":"post","link":"https:\/\/www.blogbbmontessori.com\/?p=3176","title":{"rendered":"Je fabrique des couleurs"},"content":{"rendered":"<p>BBG a 957 jours<\/p>\n<p style=\"text-align: center;\"><a href=\"https:\/\/i0.wp.com\/www.blogbbmontessori.com\/wp-content\/uploads\/2011\/02\/vert.jpg?ssl=1\"><img data-recalc-dims=\"1\" loading=\"lazy\" decoding=\"async\" class=\"size-medium wp-image-3177 aligncenter\" title=\"vert\" src=\"https:\/\/i0.wp.com\/www.blogbbmontessori.com\/wp-content\/uploads\/2011\/02\/vert.jpg?resize=300%2C225&#038;ssl=1\" alt=\"\" width=\"300\" height=\"225\" srcset=\"https:\/\/i0.wp.com\/www.blogbbmontessori.com\/wp-content\/uploads\/2011\/02\/vert.jpg?resize=300%2C225&amp;ssl=1 300w, https:\/\/i0.wp.com\/www.blogbbmontessori.com\/wp-content\/uploads\/\/home\/www\/bebe\/wp-content\/uploads\/2011\/02\/vert.jpg?w=1250&amp;ssl=1 1250w, https:\/\/i0.wp.com\/www.blogbbmontessori.com\/wp-content\/uploads\/\/home\/www\/bebe\/wp-content\/uploads\/2011\/02\/vert.jpg?w=1875&amp;ssl=1 1875w\" sizes=\"auto, (max-width: 300px) 100vw, 300px\" \/><\/a><\/p>\n<p>Je fais pas mal de peinture en ce moment, surtout depuis que je <strong>m\u00e9lange<\/strong> les couleurs. Aujourd&rsquo;hui c&rsquo;\u00e9tait la d\u00e9couverte du <strong>vert<\/strong> \u00e0 partir du jaune et du bleu . C&rsquo;est moi qui ai m\u00e9lang\u00e9 avec le pinceau et j&rsquo;ai pu voir la \u00ab\u00a0naissance\u00a0\u00bb de la couleur !<\/p>\n<p>Maman a achet\u00e9 deux jolis tabliers qui couvrent bien les manches chez I&#8211;A. Elle me laisse choisir des grandes feuilles ou des petites feuilles et je choisis toujours les petites.<\/p>\n<p>Vous aimez mon vert ?<\/p>\n<p><a href=\"https:\/\/i0.wp.com\/www.blogbbmontessori.com\/wp-content\/uploads\/2011\/02\/pinceau.jpg?ssl=1\"><img data-recalc-dims=\"1\" loading=\"lazy\" decoding=\"async\" class=\"alignnone size-medium wp-image-3179\" title=\"pinceau\" src=\"https:\/\/i0.wp.com\/www.blogbbmontessori.com\/wp-content\/uploads\/2011\/02\/pinceau.jpg?resize=300%2C225&#038;ssl=1\" alt=\"\" width=\"300\" height=\"225\" srcset=\"https:\/\/i0.wp.com\/www.blogbbmontessori.com\/wp-content\/uploads\/2011\/02\/pinceau.jpg?resize=300%2C225&amp;ssl=1 300w, https:\/\/i0.wp.com\/www.blogbbmontessori.com\/wp-content\/uploads\/\/home\/www\/bebe\/wp-content\/uploads\/2011\/02\/pinceau.jpg?w=1250&amp;ssl=1 1250w, https:\/\/i0.wp.com\/www.blogbbmontessori.com\/wp-content\/uploads\/\/home\/www\/bebe\/wp-content\/uploads\/2011\/02\/pinceau.jpg?w=1875&amp;ssl=1 1875w\" sizes=\"auto, (max-width: 300px) 100vw, 300px\" \/><\/a><\/p>\n","protected":false},"excerpt":{"rendered":"<p>BBG a 957 jours Je fais pas mal de peinture en ce moment, surtout depuis que je m\u00e9lange les couleurs. Aujourd&rsquo;hui c&rsquo;\u00e9tait la d\u00e9couverte du vert \u00e0 partir du jaune et du bleu . C&rsquo;est moi qui ai m\u00e9lang\u00e9 avec le pinceau et j&rsquo;ai pu voir la \u00ab\u00a0naissance\u00a0\u00bb de la couleur ! Maman a achet\u00e9 [&hellip;]<\/p>\n","protected":false},"author":2,"featured_media":0,"comment_status":"open","ping_status":"open","sticky":false,"template":"","format":"standard","meta":{"jetpack_post_was_ever_published":false,"_jetpack_newsletter_access":"","_jetpack_dont_email_post_to_subs":false,"_jetpack_newsletter_tier_id":0,"_jetpack_memberships_contains_paywalled_content":false,"_jetpack_memberships_contains_paid_content":false,"footnotes":"","jetpack_publicize_message":"","jetpack_publicize_feature_enabled":true,"jetpack_social_post_already_shared":false,"jetpack_social_options":{"image_generator_settings":{"template":"highway","default_image_id":0,"font":"","enabled":false},"version":2}},"categories":[257,38,28],"tags":[118,314,367],"class_list":["post-3176","post","type-post","status-publish","format-standard","hentry","category-24-36-mois","category-main","category-vie-sensorielle","tag-couleurs","tag-peinture","tag-pinceau"],"jetpack_publicize_connections":[],"jetpack_featured_media_url":"","jetpack_sharing_enabled":true,"jetpack_shortlink":"https:\/\/wp.me\/pm9U2-Pe","_links":{"self":[{"href":"https:\/\/www.blogbbmontessori.com\/index.php?rest_route=\/wp\/v2\/posts\/3176","targetHints":{"allow":["GET"]}}],"collection":[{"href":"https:\/\/www.blogbbmontessori.com\/index.php?rest_route=\/wp\/v2\/posts"}],"about":[{"href":"https:\/\/www.blogbbmontessori.com\/index.php?rest_route=\/wp\/v2\/types\/post"}],"author":[{"embeddable":true,"href":"https:\/\/www.blogbbmontessori.com\/index.php?rest_route=\/wp\/v2\/users\/2"}],"replies":[{"embeddable":true,"href":"https:\/\/www.blogbbmontessori.com\/index.php?rest_route=%2Fwp%2Fv2%2Fcomments&post=3176"}],"version-history":[{"count":2,"href":"https:\/\/www.blogbbmontessori.com\/index.php?rest_route=\/wp\/v2\/posts\/3176\/revisions"}],"predecessor-version":[{"id":3181,"href":"https:\/\/www.blogbbmontessori.com\/index.php?rest_route=\/wp\/v2\/posts\/3176\/revisions\/3181"}],"wp:attachment":[{"href":"https:\/\/www.blogbbmontessori.com\/index.php?rest_route=%2Fwp%2Fv2%2Fmedia&parent=3176"}],"wp:term":[{"taxonomy":"category","embeddable":true,"href":"https:\/\/www.blogbbmontessori.com\/index.php?rest_route=%2Fwp%2Fv2%2Fcategories&post=3176"},{"taxonomy":"post_tag","embeddable":true,"href":"https:\/\/www.blogbbmontessori.com\/index.php?rest_route=%2Fwp%2Fv2%2Ftags&post=3176"}],"curies":[{"name":"wp","href":"https:\/\/api.w.org\/{rel}","templated":true}]}}