{"id":2833,"date":"2010-10-17T14:31:37","date_gmt":"2010-10-17T12:31:37","guid":{"rendered":"http:\/\/www.blogbbmontessori.com\/?p=2833"},"modified":"2010-10-17T20:39:46","modified_gmt":"2010-10-17T18:39:46","slug":"miam-miam-glou-glou-machine","status":"publish","type":"post","link":"https:\/\/www.blogbbmontessori.com\/?p=2833","title":{"rendered":"Miam miam glou-glou machine"},"content":{"rendered":"<p>Aujourd&rsquo;hui d\u00e9marre la <strong><a title=\"SMAM\" href=\"http:\/\/coordination-allaitement.org\/index.php?option=com_content&amp;view=article&amp;id=39&amp;Itemid=72\">Semaine mondiale de l&rsquo;allaitement maternel<\/a><\/strong> qui est un \u00e9v\u00e9nement permettant de diffuser le plus d&rsquo;<strong>informations<\/strong> possible sur l&rsquo;allaitement afin de permettre \u00e0 celles qui le d\u00e9sirent de <strong>mener sereinement \u00e0 bien <\/strong>l&rsquo;allaitement de leur enfant.<\/p>\n<div style=\"width: 461px\" class=\"wp-caption aligncenter\"><img data-recalc-dims=\"1\" loading=\"lazy\" decoding=\"async\" title=\"SMAM 2010\" src=\"https:\/\/i0.wp.com\/coordination-allaitement.org\/images\/stories\/Affiche_de_la_SMAM_2010.jpg?resize=451%2C640\" alt=\"SMAM 2010\" width=\"451\" height=\"640\" \/><p class=\"wp-caption-text\">SMAM 2010<\/p><\/div>\n<p>Tout ce battage m\u00e9diatique peut indisposer celles qui n&rsquo;ont pas voulu ou pas pu faire ce choix, mais il faut bien pr\u00e9ciser que le but n&rsquo;est pas de les culpabiliser, mais de r\u00e9tablir l&rsquo;\u00e9quilibre d&rsquo;information entre l&rsquo;allaitement naturel devenu tr\u00e8s m\u00e9connu et l&rsquo;allaitement artificiel qu&rsquo;on a fait passer pour LA norme. De toutes fa\u00e7ons, <a title=\"http:\/\/www.brindilles.fr\/brindinfos\/breves\/c-est-pas-bieeeeeeeen-245.html\" href=\"http:\/\/www.brindilles.fr\/brindinfos\/breves\/c-est-pas-bieeeeeeeen-245.html\">les m\u00e8res ont toujours tort<\/a> ! \ud83d\ude09<\/p>\n<p>Aujourd&rsquo;hui, des dizaines de courageuses ont particip\u00e9 \u00e0 une <a title=\"http:\/\/www.grandetetee.com\/\" href=\"http:\/\/www.grandetetee.com\/\">Grande T\u00e9t\u00e9e<\/a> quelque part en France, partie \u00e9merg\u00e9e de l&rsquo;iceberg destin\u00e9 \u00e0 frapper les esprits. Et pour cela, ces mamans se r\u00e9unissent pour allaiter en public leur enfant.<\/p>\n<p>Les auteures de ce blog ont allait\u00e9 ou pas, longtemps ou pas, \u00e7a s&rsquo;est bien pass\u00e9 ou pas. Chez nous,\u00a0 BBF\/Poussin (31 mois) est toujours allait\u00e9e \u00e0 volont\u00e9, ce qui peut se traduire par quelques nuits agit\u00e9es comme la nuit derni\u00e8re o\u00f9 elle a r\u00e9clam\u00e9 plusieurs fois. Elle est un peu patraque ce matin, c&rsquo;\u00e9tait donc bien un r\u00e9confort autant que de la nourriture qu&rsquo;elle cherchait. (Nota : BBF a aussi eu des biberons de lait artificiel entre 0 et 6 mois et consomme des tasses de lait de vache plusieurs fois par jour maintenant, on est pragmatique \u00e0 la maison).<\/p>\n<p>Je n&rsquo;ai rien \u00e0 dire de plus qui ne soit d\u00e9j\u00e0 bien dit ailleurs, aussi je termine par un lien vers l&rsquo;excellent article de <strong><a title=\"cest-la-faute-a-lallaitement-si\" href=\"http:\/\/www.poule-pondeuse.fr\/2010\/10\/11\/cest-la-faute-a-lallaitement-si\/comment-page-1\/#comment-56749\">La Poule Pondeuse<\/a><\/strong> qui a le m\u00e9rite d&rsquo;\u00eatre clair et informatif (et aussi un peu humoristique).<\/p>\n<p>PS : Juste un petit mot pour dire que les <strong>papas<\/strong> ont un r\u00f4le beaucoup plus important qu&rsquo;ils le croient dans la r\u00e9ussite de l&rsquo;allaitement de leur enfant. Ils n&rsquo;ont souvent pas id\u00e9e de l&rsquo;importance qu&rsquo;a leur soutien \u00e0 leur femme. Qu&rsquo;ils aient \u00e0 l&rsquo;esprit l&rsquo;image de la maman qui tient le b\u00e9b\u00e9 dans ses bras, elle-m\u00eame entour\u00e9e par les bras s\u00e9curisants du papa qui se r\u00e9conforte \u00e0 leur contact.<\/p>\n","protected":false},"excerpt":{"rendered":"<p>Aujourd&rsquo;hui d\u00e9marre la Semaine mondiale de l&rsquo;allaitement maternel qui est un \u00e9v\u00e9nement permettant de diffuser le plus d&rsquo;informations possible sur l&rsquo;allaitement afin de permettre \u00e0 celles qui le d\u00e9sirent de mener sereinement \u00e0 bien l&rsquo;allaitement de leur enfant. Tout ce battage m\u00e9diatique peut indisposer celles qui n&rsquo;ont pas voulu ou pas pu faire ce choix, [&hellip;]<\/p>\n","protected":false},"author":1,"featured_media":0,"comment_status":"open","ping_status":"open","sticky":false,"template":"","format":"standard","meta":{"jetpack_post_was_ever_published":false,"_jetpack_newsletter_access":"","_jetpack_dont_email_post_to_subs":false,"_jetpack_newsletter_tier_id":0,"_jetpack_memberships_contains_paywalled_content":false,"_jetpack_memberships_contains_paid_content":false,"footnotes":"","jetpack_publicize_message":"","jetpack_publicize_feature_enabled":true,"jetpack_social_post_already_shared":false,"jetpack_social_options":{"image_generator_settings":{"template":"highway","default_image_id":0,"font":"","enabled":false},"version":2}},"categories":[252,254,255,256,257,32,36,1],"tags":[244,4],"class_list":["post-2833","post","type-post","status-publish","format-standard","hentry","category-0-6-mois","category-06-12-mois","category-12-18-mois","category-18-24-mois","category-24-36-mois","category-emotions","category-nourriture","category-quotidien","tag-allaitement","tag-maternage"],"jetpack_publicize_connections":[],"jetpack_featured_media_url":"","jetpack_sharing_enabled":true,"jetpack_shortlink":"https:\/\/wp.me\/pm9U2-JH","_links":{"self":[{"href":"https:\/\/www.blogbbmontessori.com\/index.php?rest_route=\/wp\/v2\/posts\/2833","targetHints":{"allow":["GET"]}}],"collection":[{"href":"https:\/\/www.blogbbmontessori.com\/index.php?rest_route=\/wp\/v2\/posts"}],"about":[{"href":"https:\/\/www.blogbbmontessori.com\/index.php?rest_route=\/wp\/v2\/types\/post"}],"author":[{"embeddable":true,"href":"https:\/\/www.blogbbmontessori.com\/index.php?rest_route=\/wp\/v2\/users\/1"}],"replies":[{"embeddable":true,"href":"https:\/\/www.blogbbmontessori.com\/index.php?rest_route=%2Fwp%2Fv2%2Fcomments&post=2833"}],"version-history":[{"count":12,"href":"https:\/\/www.blogbbmontessori.com\/index.php?rest_route=\/wp\/v2\/posts\/2833\/revisions"}],"predecessor-version":[{"id":2845,"href":"https:\/\/www.blogbbmontessori.com\/index.php?rest_route=\/wp\/v2\/posts\/2833\/revisions\/2845"}],"wp:attachment":[{"href":"https:\/\/www.blogbbmontessori.com\/index.php?rest_route=%2Fwp%2Fv2%2Fmedia&parent=2833"}],"wp:term":[{"taxonomy":"category","embeddable":true,"href":"https:\/\/www.blogbbmontessori.com\/index.php?rest_route=%2Fwp%2Fv2%2Fcategories&post=2833"},{"taxonomy":"post_tag","embeddable":true,"href":"https:\/\/www.blogbbmontessori.com\/index.php?rest_route=%2Fwp%2Fv2%2Ftags&post=2833"}],"curies":[{"name":"wp","href":"https:\/\/api.w.org\/{rel}","templated":true}]}}