{"id":2603,"date":"2010-09-10T23:33:23","date_gmt":"2010-09-10T21:33:23","guid":{"rendered":"http:\/\/www.blogbbmontessori.com\/?p=2603"},"modified":"2011-09-04T19:16:37","modified_gmt":"2011-09-04T17:16:37","slug":"du-sable-multi-activites","status":"publish","type":"post","link":"https:\/\/www.blogbbmontessori.com\/?p=2603","title":{"rendered":"Du sable multi-activit\u00e9s"},"content":{"rendered":"<p><em>BBF\/Poussin est \u00e2g\u00e9e de 910 jours, soit 2 ans, 5 mois et 26 jours<\/em><\/p>\n<p>Mon grand fr\u00e8re est rentr\u00e9 de vacances au bord de la mer mercredi, et il m&rsquo;a rapport\u00e9 quelque chose que maman avait oubli\u00e9 de prendre : du sable !<\/p>\n<p>Rien qu&rsquo;un peu, un kilogramme.<\/p>\n<p>Avec ce sable, maman a pu me pr\u00e9senter de nouvelles activit\u00e9s. J&rsquo;ai fait des traces dans le sable avec des objets, des vers\u00e9s, j&rsquo;ai m\u00eame fait des dessins. Et contrairement \u00e0 mes habitudes d&rsquo;estivante, je n&rsquo;ai pas mang\u00e9 le sable, ni tout \u00e9crabouill\u00e9 !<\/p>\n<p>Pour finir, j&rsquo;ai balay\u00e9 ce qui \u00e9tait tomb\u00e9 sur la table, puis j&rsquo;ai transvas\u00e9 le sable du plateau au bocal, en utilisant un entonnoir. Voyez vous-m\u00eames :<\/p>\n<p><a href=\"https:\/\/www.blogbbmontessori.com\/wp-content\/uploads\/2010\/09\/sable-img_8704-intnt.jpg\">https:\/\/www.blogbbmontessori.com\/wp-content\/uploads\/2010\/09\/sable-img_8704-intnt.jpg<\/a><\/p>\n<div id=\"attachment_2616\" style=\"width: 310px\" class=\"wp-caption alignnone\"><a href=\"..\/wp-content\/uploads\/2010\/09\/sable-img_8704-intnt.jpg\"><img loading=\"lazy\" decoding=\"async\" aria-describedby=\"caption-attachment-2616\" class=\"size-medium wp-image-2616\" title=\"2 ans 1\/2\" src=\"..\/wp-content\/uploads\/2010\/09\/sable-img_8704-intnt-300x225.jpg\" alt=\"traces avec le mat\u00e9riel de p\u00e2te \u00e0 modeler\" width=\"300\" height=\"225\" srcset=\"https:\/\/i0.wp.com\/www.blogbbmontessori.com\/wp-content\/uploads\/2010\/09\/sable-img_8704-intnt.jpg?resize=300%2C225&amp;ssl=1 300w, https:\/\/i0.wp.com\/www.blogbbmontessori.com\/wp-content\/uploads\/2010\/09\/sable-img_8704-intnt.jpg?w=600&amp;ssl=1 600w\" sizes=\"auto, (max-width: 300px) 100vw, 300px\" \/><\/a><p id=\"caption-attachment-2616\" class=\"wp-caption-text\">traces avec le mat\u00e9riel de p\u00e2te \u00e0 modeler<\/p><\/div>\n<div id=\"attachment_2617\" style=\"width: 310px\" class=\"wp-caption aligncenter\"><a href=\"..\/wp-content\/uploads\/2010\/09\/sable-img_8705-intnt.jpg\"><img loading=\"lazy\" decoding=\"async\" aria-describedby=\"caption-attachment-2617\" class=\"size-medium wp-image-2617\" title=\"2 ans 1\/2\" src=\"..\/wp-content\/uploads\/2010\/09\/sable-img_8705-intnt-300x225.jpg\" alt=\"traces avec les doigts\" width=\"300\" height=\"225\" srcset=\"https:\/\/i0.wp.com\/www.blogbbmontessori.com\/wp-content\/uploads\/2010\/09\/sable-img_8705-intnt.jpg?resize=300%2C225&amp;ssl=1 300w, https:\/\/i0.wp.com\/www.blogbbmontessori.com\/wp-content\/uploads\/2010\/09\/sable-img_8705-intnt.jpg?w=600&amp;ssl=1 600w\" sizes=\"auto, (max-width: 300px) 100vw, 300px\" \/><\/a><p id=\"caption-attachment-2617\" class=\"wp-caption-text\">traces avec les doigts<\/p><\/div>\n<p><a href=\"https:\/\/www.blogbbmontessori.com\/wp-content\/uploads\/2010\/09\/sable-img_8705-intnt.jpg\">https:\/\/www.blogbbmontessori.com\/wp-content\/uploads\/2010\/09\/sable-img_8705-intnt.jpg<\/a><\/p>\n<div id=\"attachment_2618\" style=\"width: 310px\" class=\"wp-caption alignleft\"><a href=\"..\/wp-content\/uploads\/2010\/09\/sable-img_8708-intnt.jpg\"><img loading=\"lazy\" decoding=\"async\" aria-describedby=\"caption-attachment-2618\" class=\"size-medium wp-image-2618\" title=\"2 ans 1\/2\" src=\"..\/wp-content\/uploads\/2010\/09\/sable-img_8708-intnt-300x225.jpg\" alt=\"nettoyage de la surface de travail\" width=\"300\" height=\"225\" srcset=\"https:\/\/i0.wp.com\/www.blogbbmontessori.com\/wp-content\/uploads\/2010\/09\/sable-img_8708-intnt.jpg?resize=300%2C225&amp;ssl=1 300w, https:\/\/i0.wp.com\/www.blogbbmontessori.com\/wp-content\/uploads\/2010\/09\/sable-img_8708-intnt.jpg?w=600&amp;ssl=1 600w\" sizes=\"auto, (max-width: 300px) 100vw, 300px\" \/><\/a><p id=\"caption-attachment-2618\" class=\"wp-caption-text\">nettoyer la surface de travail <\/p><\/div>\n<div id=\"attachment_2620\" style=\"width: 310px\" class=\"wp-caption aligncenter\"><a href=\"..\/wp-content\/uploads\/2010\/09\/sable-img_8709-intnt.jpg\"><img loading=\"lazy\" decoding=\"async\" aria-describedby=\"caption-attachment-2620\" class=\"size-medium wp-image-2620\" title=\"2 ans 1\/2\" src=\"..\/wp-content\/uploads\/2010\/09\/sable-img_8709-intnt-300x225.jpg\" alt=\"remettre le sable dans le plateau\" width=\"300\" height=\"225\" srcset=\"https:\/\/i0.wp.com\/www.blogbbmontessori.com\/wp-content\/uploads\/2010\/09\/sable-img_8709-intnt.jpg?resize=300%2C225&amp;ssl=1 300w, https:\/\/i0.wp.com\/www.blogbbmontessori.com\/wp-content\/uploads\/2010\/09\/sable-img_8709-intnt.jpg?w=600&amp;ssl=1 600w\" sizes=\"auto, (max-width: 300px) 100vw, 300px\" \/><\/a><p id=\"caption-attachment-2620\" class=\"wp-caption-text\">remettre le sable dans le plateau<\/p><\/div>\n<p><a href=\"https:\/\/www.blogbbmontessori.com\/wp-content\/uploads\/2010\/09\/sable-img_8708-intnt.jpg\">https:\/\/www.blogbbmontessori.com\/wp-content\/uploads\/2010\/09\/sable-img_8708-intnt.jpg<\/a><\/p>\n<p><a href=\"https:\/\/www.blogbbmontessori.com\/wp-content\/uploads\/2010\/09\/sable-img_8709-intnt.jpg\">https:\/\/www.blogbbmontessori.com\/wp-content\/uploads\/2010\/09\/sable-img_8709-intnt.jpg<\/a><\/p>\n<p><a href=\"https:\/\/www.blogbbmontessori.com\/wp-content\/uploads\/2010\/09\/sable-img_8711-intnt.jpg\">https:\/\/www.blogbbmontessori.com\/wp-content\/uploads\/2010\/09\/sable-img_8711-intnt.jpg<\/a><\/p>\n<div id=\"attachment_2626\" style=\"width: 310px\" class=\"wp-caption alignnone\"><a href=\"..\/wp-content\/uploads\/2010\/09\/sable-img_8711-intnt.jpg\"><img loading=\"lazy\" decoding=\"async\" aria-describedby=\"caption-attachment-2626\" class=\"size-medium wp-image-2626\" title=\"2 ans 1\/2\" src=\"..\/wp-content\/uploads\/2010\/09\/sable-img_8711-intnt-300x239.jpg\" alt=\"remettre le sable dans le bocal\" width=\"300\" height=\"239\" srcset=\"https:\/\/i0.wp.com\/www.blogbbmontessori.com\/wp-content\/uploads\/2010\/09\/sable-img_8711-intnt.jpg?resize=300%2C239&amp;ssl=1 300w, https:\/\/i0.wp.com\/www.blogbbmontessori.com\/wp-content\/uploads\/2010\/09\/sable-img_8711-intnt.jpg?w=600&amp;ssl=1 600w\" sizes=\"auto, (max-width: 300px) 100vw, 300px\" \/><\/a><p id=\"caption-attachment-2626\" class=\"wp-caption-text\">remettre le sable dans le bocal<\/p><\/div>\n<div style=\"width: 80px\" class=\"wp-caption alignright\"><img loading=\"lazy\" decoding=\"async\" title=\"BBF\/Poussin\" src=\"..\/wp-content\/uploads\/2009\/12\/poussin00030.gif\" alt=\"BBF\/Poussin\" width=\"70\" height=\"70\" \/><p class=\"wp-caption-text\">BBF\/Poussin<\/p><\/div>\n","protected":false},"excerpt":{"rendered":"<p>BBF\/Poussin est \u00e2g\u00e9e de 910 jours, soit 2 ans, 5 mois et 26 jours Mon grand fr\u00e8re est rentr\u00e9 de vacances au bord de la mer mercredi, et il m&rsquo;a rapport\u00e9 quelque chose que maman avait oubli\u00e9 de prendre : du sable ! Rien qu&rsquo;un peu, un kilogramme. Avec ce sable, maman a pu me [&hellip;]<\/p>\n","protected":false},"author":1,"featured_media":0,"comment_status":"open","ping_status":"open","sticky":false,"template":"","format":"standard","meta":{"jetpack_post_was_ever_published":false,"_jetpack_newsletter_access":"","_jetpack_dont_email_post_to_subs":false,"_jetpack_newsletter_tier_id":0,"_jetpack_memberships_contains_paywalled_content":false,"_jetpack_memberships_contains_paid_content":false,"footnotes":"","jetpack_publicize_message":"","jetpack_publicize_feature_enabled":true,"jetpack_social_post_already_shared":false,"jetpack_social_options":{"image_generator_settings":{"template":"highway","default_image_id":0,"font":"","enabled":false},"version":2}},"categories":[257,27,28],"tags":[284,216,188],"class_list":["post-2603","post","type-post","status-publish","format-standard","hentry","category-24-36-mois","category-vie-pratique","category-vie-sensorielle","tag-balayette","tag-sable","tag-verser"],"jetpack_publicize_connections":[],"jetpack_featured_media_url":"","jetpack_sharing_enabled":true,"jetpack_shortlink":"https:\/\/wp.me\/pm9U2-FZ","_links":{"self":[{"href":"https:\/\/www.blogbbmontessori.com\/index.php?rest_route=\/wp\/v2\/posts\/2603","targetHints":{"allow":["GET"]}}],"collection":[{"href":"https:\/\/www.blogbbmontessori.com\/index.php?rest_route=\/wp\/v2\/posts"}],"about":[{"href":"https:\/\/www.blogbbmontessori.com\/index.php?rest_route=\/wp\/v2\/types\/post"}],"author":[{"embeddable":true,"href":"https:\/\/www.blogbbmontessori.com\/index.php?rest_route=\/wp\/v2\/users\/1"}],"replies":[{"embeddable":true,"href":"https:\/\/www.blogbbmontessori.com\/index.php?rest_route=%2Fwp%2Fv2%2Fcomments&post=2603"}],"version-history":[{"count":11,"href":"https:\/\/www.blogbbmontessori.com\/index.php?rest_route=\/wp\/v2\/posts\/2603\/revisions"}],"predecessor-version":[{"id":2625,"href":"https:\/\/www.blogbbmontessori.com\/index.php?rest_route=\/wp\/v2\/posts\/2603\/revisions\/2625"}],"wp:attachment":[{"href":"https:\/\/www.blogbbmontessori.com\/index.php?rest_route=%2Fwp%2Fv2%2Fmedia&parent=2603"}],"wp:term":[{"taxonomy":"category","embeddable":true,"href":"https:\/\/www.blogbbmontessori.com\/index.php?rest_route=%2Fwp%2Fv2%2Fcategories&post=2603"},{"taxonomy":"post_tag","embeddable":true,"href":"https:\/\/www.blogbbmontessori.com\/index.php?rest_route=%2Fwp%2Fv2%2Ftags&post=2603"}],"curies":[{"name":"wp","href":"https:\/\/api.w.org\/{rel}","templated":true}]}}