{"id":2385,"date":"2010-07-27T16:24:11","date_gmt":"2010-07-27T14:24:11","guid":{"rendered":"http:\/\/www.blogbbmontessori.com\/?p=2385"},"modified":"2010-07-27T17:07:01","modified_gmt":"2010-07-27T15:07:01","slug":"couleurs","status":"publish","type":"post","link":"https:\/\/www.blogbbmontessori.com\/?p=2385","title":{"rendered":"Rouze, bleu, zaune !"},"content":{"rendered":"<p><em>BBF\/Poussin est \u00e2g\u00e9e de 865 jours, soit 2 ans, 4 mois et 13 jours.<\/em><\/p>\n<p>Depuis quelques semaines, je suis dans ma <a title=\"http:\/\/www.montessorienfrance.com\/article.php3?id_article=29\" href=\"http:\/\/www.montessorienfrance.com\/article.php3?id_article=29\">p\u00e9riode sensible<\/a> \u00ab\u00a0couleurs\u00a0\u00bb. En effet, je nomme (souvent avec un niveau sonore tr\u00e8s \u00e9lev\u00e9 !) les couleurs des objets qui m&rsquo;entourent. Par exemple, Maman a film\u00e9 des parties du feu d&rsquo;artifice du 14 juillet, et j&rsquo;adore m&rsquo;exclamer \u00ab\u00a0Rouge ! Vert ! Bleu !\u00a0\u00bb en regardant les vid\u00e9os. Mais pour l&rsquo;instant, m\u00eame si je dis des vrais noms de couleurs, c&rsquo;est un peu au hasard.<\/p>\n<p>Maman a suivi une <a title=\"formation\" href=\"http:\/\/blog.montessori.fr\/formations\/ambiance-des-formations-professionnelles-ete-2010\/\">formation<\/a> d&rsquo;une semaine sur la vie sensorielle et en est revenue avec de meilleures connaissances th\u00e9oriques sur l&rsquo;art et la mani\u00e8re de pr\u00e9senter le mat\u00e9riel aux enfants. Il lui reste \u00e0 se faire la main sur moi. Elle m&rsquo;a dit qu&rsquo;elle d\u00e9buterait par les couleurs qui m&rsquo;int\u00e9ressent tant justement. Faute de disposer du v\u00e9ritable mat\u00e9riel Montessori, elle a d\u00e9j\u00e0 commenc\u00e9 \u00e0 me fabriquer des petites tablettes de couleurs que j&rsquo;aime bien manipuler. Elle a trouv\u00e9 les matrices \u00e0 imprimer et d\u00e9couper <a title=\"Color boxes\" href=\"http:\/\/www.montessorimaterials.org\/Sensorial.htm\">ici, chez Montessori Materials<\/a>. Il s&rsquo;agit de la \u00ab\u00a0color box\u00a0\u00bb 1 et aussi 2 et 3. Ce sont des fichiers pdf. Elle dit que c&rsquo;est facile \u00e0 faire, m\u00eame par une bricoleuse nulle !<\/p>\n<div id=\"attachment_2390\" style=\"width: 310px\" class=\"wp-caption aligncenter\"><a href=\"https:\/\/i0.wp.com\/www.blogbbmontessori.com\/wp-content\/uploads\/2010\/07\/img_7501-couleurs.jpg?ssl=1\"><img data-recalc-dims=\"1\" loading=\"lazy\" decoding=\"async\" aria-describedby=\"caption-attachment-2390\" class=\"size-medium wp-image-2390\" title=\"img_7501-couleurs\" src=\"https:\/\/i0.wp.com\/www.blogbbmontessori.com\/wp-content\/uploads\/2010\/07\/img_7501-couleurs.jpg?resize=300%2C274&#038;ssl=1\" alt=\"C'est fini le football, vivent les couleurs !\" width=\"300\" height=\"274\" srcset=\"https:\/\/i0.wp.com\/www.blogbbmontessori.com\/wp-content\/uploads\/2010\/07\/img_7501-couleurs.jpg?resize=300%2C274&amp;ssl=1 300w, https:\/\/i0.wp.com\/www.blogbbmontessori.com\/wp-content\/uploads\/2010\/07\/img_7501-couleurs.jpg?w=1627&amp;ssl=1 1627w, https:\/\/i0.wp.com\/www.blogbbmontessori.com\/wp-content\/uploads\/\/home\/www\/bebe\/wp-content\/uploads\/2010\/07\/img_7501-couleurs.jpg?w=1250&amp;ssl=1 1250w\" sizes=\"auto, (max-width: 300px) 100vw, 300px\" \/><\/a><p id=\"caption-attachment-2390\" class=\"wp-caption-text\">C&#39;est fini le football, vivent les couleurs !<\/p><\/div>\n<p>Sur la photo ci-dessus, un essai de recyclage des plaquettes magn\u00e9tiques  avec des footballeurs, offertes r\u00e9cemment par une cha\u00eene  d&rsquo;hypermarch\u00e9s. Comme les footballeurs sont en relief, le papier coll\u00e9  dessus fait des bosses, ce n&rsquo;est pas terrible, mais je joue bien avec  quand m\u00eame. Soit je les colle sur le tableau ou le r\u00e9frig\u00e9rateur, soit  je manipule les tablettes librement.<\/p>\n<p>Je ne peux pas parler des couleurs sans vous pr\u00e9senter ce mat\u00e9riel (pas montessorien mais si joli), presque le <a title=\"https:\/\/www.blogbbmontessori.com\/vie-pratique\/les-couleurs\/\" href=\"https:\/\/www.blogbbmontessori.com\/vie-pratique\/les-couleurs\/\">m\u00eame<\/a> que BBG<\/p>\n<div id=\"attachment_2393\" style=\"width: 310px\" class=\"wp-caption aligncenter\"><a title=\"http:\/\/www.wescopro-eshop.com\/Home_Produit.aspx?BoutiqueId=5004&amp;CategorieId=97781&amp;FamilleId=97937&amp;Language=fr-FR&amp;SiteId=7041&amp;ProfileId=2&amp;ProPart=Pro&amp;UserID=00fb5ae3-0e55-4986-9655-39d73f22cd98&amp;SousFamilleId=97974&amp;PuzzleID=185511&amp;OfferCode=03C2054\" href=\"http:\/\/www.wescopro-eshop.com\/Home_Produit.aspx?BoutiqueId=5004&amp;CategorieId=97781&amp;FamilleId=97937&amp;Language=fr-FR&amp;SiteId=7041&amp;ProfileId=2&amp;ProPart=Pro&amp;UserID=00fb5ae3-0e55-4986-9655-39d73f22cd98&amp;SousFamilleId=97974&amp;PuzzleID=185511&amp;OfferCode=03C2054\"><img data-recalc-dims=\"1\" loading=\"lazy\" decoding=\"async\" aria-describedby=\"caption-attachment-2393\" class=\"size-medium wp-image-2393\" title=\"arbres-arc-en-ciel\" src=\"https:\/\/i0.wp.com\/www.blogbbmontessori.com\/wp-content\/uploads\/2010\/07\/arbres-arc-en-ciel.jpg?resize=300%2C292&#038;ssl=1\" alt=\"Voir le monde \u00e0 travers les couleurs\" width=\"300\" height=\"292\" srcset=\"https:\/\/i0.wp.com\/www.blogbbmontessori.com\/wp-content\/uploads\/2010\/07\/arbres-arc-en-ciel.jpg?resize=300%2C292&amp;ssl=1 300w, https:\/\/i0.wp.com\/www.blogbbmontessori.com\/wp-content\/uploads\/2010\/07\/arbres-arc-en-ciel.jpg?w=398&amp;ssl=1 398w\" sizes=\"auto, (max-width: 300px) 100vw, 300px\" \/><\/a><p id=\"caption-attachment-2393\" class=\"wp-caption-text\">Voir le monde \u00e0 travers les couleurs<\/p><\/div>\n<div style=\"width: 80px\" class=\"wp-caption alignnone\"><img data-recalc-dims=\"1\" loading=\"lazy\" decoding=\"async\" src=\"https:\/\/i0.wp.com\/www.blogbbmontessori.com\/wp-content\/uploads\/2009\/12\/poussin00030.gif?resize=70%2C70&#038;ssl=1\" alt=\"BBF\/Poussin\" width=\"70\" height=\"70\" \/><p class=\"wp-caption-text\">BBF\/Poussin<\/p><\/div>\n","protected":false},"excerpt":{"rendered":"<p>BBF\/Poussin est \u00e2g\u00e9e de 865 jours, soit 2 ans, 4 mois et 13 jours. Depuis quelques semaines, je suis dans ma p\u00e9riode sensible \u00ab\u00a0couleurs\u00a0\u00bb. En effet, je nomme (souvent avec un niveau sonore tr\u00e8s \u00e9lev\u00e9 !) les couleurs des objets qui m&rsquo;entourent. Par exemple, Maman a film\u00e9 des parties du feu d&rsquo;artifice du 14 juillet, [&hellip;]<\/p>\n","protected":false},"author":1,"featured_media":0,"comment_status":"open","ping_status":"open","sticky":false,"template":"","format":"standard","meta":{"jetpack_post_was_ever_published":false,"_jetpack_newsletter_access":"","_jetpack_dont_email_post_to_subs":false,"_jetpack_newsletter_tier_id":0,"_jetpack_memberships_contains_paywalled_content":false,"_jetpack_memberships_contains_paid_content":false,"footnotes":"","jetpack_publicize_message":"","jetpack_publicize_feature_enabled":true,"jetpack_social_post_already_shared":false,"jetpack_social_options":{"image_generator_settings":{"template":"highway","default_image_id":0,"font":"","enabled":false},"version":2}},"categories":[257,32,26,54,28],"tags":[187,118],"class_list":["post-2385","post","type-post","status-publish","format-standard","hentry","category-24-36-mois","category-emotions","category-langage","category-periode-sensible","category-vie-sensorielle","tag-beau","tag-couleurs"],"jetpack_publicize_connections":[],"jetpack_featured_media_url":"","jetpack_sharing_enabled":true,"jetpack_shortlink":"https:\/\/wp.me\/sm9U2-couleurs","_links":{"self":[{"href":"https:\/\/www.blogbbmontessori.com\/index.php?rest_route=\/wp\/v2\/posts\/2385","targetHints":{"allow":["GET"]}}],"collection":[{"href":"https:\/\/www.blogbbmontessori.com\/index.php?rest_route=\/wp\/v2\/posts"}],"about":[{"href":"https:\/\/www.blogbbmontessori.com\/index.php?rest_route=\/wp\/v2\/types\/post"}],"author":[{"embeddable":true,"href":"https:\/\/www.blogbbmontessori.com\/index.php?rest_route=\/wp\/v2\/users\/1"}],"replies":[{"embeddable":true,"href":"https:\/\/www.blogbbmontessori.com\/index.php?rest_route=%2Fwp%2Fv2%2Fcomments&post=2385"}],"version-history":[{"count":15,"href":"https:\/\/www.blogbbmontessori.com\/index.php?rest_route=\/wp\/v2\/posts\/2385\/revisions"}],"predecessor-version":[{"id":2400,"href":"https:\/\/www.blogbbmontessori.com\/index.php?rest_route=\/wp\/v2\/posts\/2385\/revisions\/2400"}],"wp:attachment":[{"href":"https:\/\/www.blogbbmontessori.com\/index.php?rest_route=%2Fwp%2Fv2%2Fmedia&parent=2385"}],"wp:term":[{"taxonomy":"category","embeddable":true,"href":"https:\/\/www.blogbbmontessori.com\/index.php?rest_route=%2Fwp%2Fv2%2Fcategories&post=2385"},{"taxonomy":"post_tag","embeddable":true,"href":"https:\/\/www.blogbbmontessori.com\/index.php?rest_route=%2Fwp%2Fv2%2Ftags&post=2385"}],"curies":[{"name":"wp","href":"https:\/\/api.w.org\/{rel}","templated":true}]}}