{"id":2372,"date":"2010-07-17T22:08:56","date_gmt":"2010-07-17T20:08:56","guid":{"rendered":"http:\/\/www.blogbbmontessori.com\/?p=2372"},"modified":"2010-07-17T22:14:39","modified_gmt":"2010-07-17T20:14:39","slug":"je-repete-tout-ce-que-jentends-et-tout-ce-que-je-vois","status":"publish","type":"post","link":"https:\/\/www.blogbbmontessori.com\/?p=2372","title":{"rendered":"Je r\u00e9p\u00e8te tout ce que j&rsquo;entends et tout ce que je vois !"},"content":{"rendered":"<p>BBG a 2 ans et 13 jours<\/p>\n<p style=\"text-align: center;\"><a href=\"https:\/\/i0.wp.com\/www.blogbbmontessori.com\/wp-content\/uploads\/2010\/07\/lancer.jpg?ssl=1\"><img data-recalc-dims=\"1\" loading=\"lazy\" decoding=\"async\" class=\"size-medium wp-image-2375 aligncenter\" title=\"lancer\" src=\"https:\/\/i0.wp.com\/www.blogbbmontessori.com\/wp-content\/uploads\/2010\/07\/lancer.jpg?resize=225%2C300&#038;ssl=1\" alt=\"\" width=\"225\" height=\"300\" srcset=\"https:\/\/i0.wp.com\/www.blogbbmontessori.com\/wp-content\/uploads\/2010\/07\/lancer.jpg?resize=225%2C300&amp;ssl=1 225w, https:\/\/i0.wp.com\/www.blogbbmontessori.com\/wp-content\/uploads\/\/home\/www\/bebe\/wp-content\/uploads\/2010\/07\/lancer.jpg?w=1250&amp;ssl=1 1250w, https:\/\/i0.wp.com\/www.blogbbmontessori.com\/wp-content\/uploads\/\/home\/www\/bebe\/wp-content\/uploads\/2010\/07\/lancer.jpg?w=1875&amp;ssl=1 1875w\" sizes=\"auto, (max-width: 225px) 100vw, 225px\" \/><\/a><\/p>\n<p>Je r\u00e9p\u00e8te tout ce que j&rsquo;entends. Et j&rsquo;entends beaucoup de choses en ce moment car il y a beaucoup de monde autour de moi en cette p\u00e9riode estivale ! J&rsquo;apprends m\u00eame les expressions et l&rsquo;accent belge.<br \/>\nPapa lache \u00ab\u00a0Je me suis cass\u00e9 la gueule\u00a0\u00bb et je r\u00e9p\u00e8te \u00ab\u00a0cass\u00e9e ! gueule !\u00a0\u00bb Maman rit et dit \u00ab\u00a0Ce n&rsquo;est pas beau de dire cela !\u00a0\u00bb<br \/>\nJe dis aussi \u00ab\u00a0oui, d&rsquo;accord ! \u00a0\u00bb<\/p>\n<p>Mais je ne <strong>maitrise<\/strong> pas tout ce que je r\u00e9p\u00e8te pour le moment, c&rsquo;est une \u00e9vidence. Hier, j&rsquo;ai utilis\u00e9 pour la premi\u00e8re fois le vocabulaire propre \u00e0 la <strong>possession<\/strong>. J&rsquo;ai dit \u00ab\u00a0A moi, scooter !\u00a0\u00bb<\/p>\n<p>La preuve que je <strong>r\u00e9p\u00e8te<\/strong> aussi des <strong>gestes<\/strong> que je vois faire : ce matin, j&rsquo;ai laiss\u00e9 tomber mon verre sur la table. Tout de suite j&rsquo;ai pris la serviette pour essuyer comme Maman le fait. Sauf qu&rsquo;il n&rsquo;y avait plus de liquide dans le verre ni sur la table. Je me contente de reproduire les gestes mais leur but n&rsquo;est pas le m\u00eame que celui des adultes.<\/p>\n<p>Sur la photo, je <strong>lance<\/strong> des cercles de cordes. Mais je suis loin de la cible. Elle ne m&rsquo;int\u00e9resse pas pour le moment car je ne maitrise pas le lancer, ramasser, tenir dans sa main. Tous ces gestes que\u00a0 je dois encore \u00e0 perfectionner m&rsquo;occupent.<\/p>\n","protected":false},"excerpt":{"rendered":"<p>BBG a 2 ans et 13 jours Je r\u00e9p\u00e8te tout ce que j&rsquo;entends. Et j&rsquo;entends beaucoup de choses en ce moment car il y a beaucoup de monde autour de moi en cette p\u00e9riode estivale ! J&rsquo;apprends m\u00eame les expressions et l&rsquo;accent belge. Papa lache \u00ab\u00a0Je me suis cass\u00e9 la gueule\u00a0\u00bb et je r\u00e9p\u00e8te \u00ab\u00a0cass\u00e9e [&hellip;]<\/p>\n","protected":false},"author":2,"featured_media":0,"comment_status":"open","ping_status":"open","sticky":false,"template":"","format":"standard","meta":{"jetpack_post_was_ever_published":false,"_jetpack_newsletter_access":"","_jetpack_dont_email_post_to_subs":false,"_jetpack_newsletter_tier_id":0,"_jetpack_memberships_contains_paywalled_content":false,"_jetpack_memberships_contains_paid_content":false,"footnotes":"","jetpack_publicize_message":"","jetpack_publicize_feature_enabled":true,"jetpack_social_post_already_shared":false,"jetpack_social_options":{"image_generator_settings":{"template":"highway","default_image_id":0,"font":"","enabled":false},"version":2}},"categories":[257],"tags":[175,733,734],"class_list":["post-2372","post","type-post","status-publish","format-standard","hentry","category-24-36-mois","tag-lancer","tag-langage","tag-vie-pratique"],"jetpack_publicize_connections":[],"jetpack_featured_media_url":"","jetpack_sharing_enabled":true,"jetpack_shortlink":"https:\/\/wp.me\/pm9U2-Cg","_links":{"self":[{"href":"https:\/\/www.blogbbmontessori.com\/index.php?rest_route=\/wp\/v2\/posts\/2372","targetHints":{"allow":["GET"]}}],"collection":[{"href":"https:\/\/www.blogbbmontessori.com\/index.php?rest_route=\/wp\/v2\/posts"}],"about":[{"href":"https:\/\/www.blogbbmontessori.com\/index.php?rest_route=\/wp\/v2\/types\/post"}],"author":[{"embeddable":true,"href":"https:\/\/www.blogbbmontessori.com\/index.php?rest_route=\/wp\/v2\/users\/2"}],"replies":[{"embeddable":true,"href":"https:\/\/www.blogbbmontessori.com\/index.php?rest_route=%2Fwp%2Fv2%2Fcomments&post=2372"}],"version-history":[{"count":7,"href":"https:\/\/www.blogbbmontessori.com\/index.php?rest_route=\/wp\/v2\/posts\/2372\/revisions"}],"predecessor-version":[{"id":2380,"href":"https:\/\/www.blogbbmontessori.com\/index.php?rest_route=\/wp\/v2\/posts\/2372\/revisions\/2380"}],"wp:attachment":[{"href":"https:\/\/www.blogbbmontessori.com\/index.php?rest_route=%2Fwp%2Fv2%2Fmedia&parent=2372"}],"wp:term":[{"taxonomy":"category","embeddable":true,"href":"https:\/\/www.blogbbmontessori.com\/index.php?rest_route=%2Fwp%2Fv2%2Fcategories&post=2372"},{"taxonomy":"post_tag","embeddable":true,"href":"https:\/\/www.blogbbmontessori.com\/index.php?rest_route=%2Fwp%2Fv2%2Ftags&post=2372"}],"curies":[{"name":"wp","href":"https:\/\/api.w.org\/{rel}","templated":true}]}}