{"id":2082,"date":"2010-09-22T09:52:58","date_gmt":"2010-09-22T07:52:58","guid":{"rendered":"http:\/\/www.blogbbmontessori.com\/?p=2082"},"modified":"2010-09-22T09:52:58","modified_gmt":"2010-09-22T07:52:58","slug":"la-vue-chez-les-bebes-et-les-enfants","status":"publish","type":"post","link":"https:\/\/www.blogbbmontessori.com\/?p=2082","title":{"rendered":"La vue chez les b\u00e9b\u00e9s et les enfants"},"content":{"rendered":"<p><!--[if gte mso 9]><xml> <o:DocumentProperties> <o:Template>Normal<\/o:Template> <o:Revision>0<\/o:Revision> <o:TotalTime>0<\/o:TotalTime> <o:Pages>1<\/o:Pages> <o:Words>441<\/o:Words> <o:Characters>2518<\/o:Characters> <o:Company>AMIS<\/o:Company> <o:Lines>20<\/o:Lines> <o:Paragraphs>5<\/o:Paragraphs> <o:CharactersWithSpaces>3092<\/o:CharactersWithSpaces> <o:Version>10.2418<\/o:Version> <\/o:DocumentProperties> <\/xml><![endif]--><!--[if gte mso 9]><xml> <w:WordDocument> <w:Zoom>0<\/w:Zoom> <w:HyphenationZone>21<\/w:HyphenationZone> <w:DisplayHorizontalDrawingGridEvery>0<\/w:DisplayHorizontalDrawingGridEvery> <w:DisplayVerticalDrawingGridEvery>0<\/w:DisplayVerticalDrawingGridEvery> <w:UseMarginsForDrawingGridOrigin \/> <\/w:WordDocument> <\/xml><![endif]--><!--StartFragment--><\/p>\n<p class=\"MsoNormal\" style=\"text-align: justify;\"><span style=\"font-size: 10pt;\"><strong>La vue chez les b\u00e9b\u00e9s <\/strong><\/span><span style=\"font-size: 10pt;\">(source www.daltonien.free.fr)<\/span><\/p>\n<p class=\"MsoNormal\" style=\"text-align: justify;\"><span style=\"font-size: 10pt;\"><!--[if !supportEmptyParas]--> <!--[endif]--><\/span><\/p>\n<p class=\"MsoNormal\" style=\"text-align: justify;\"><span style=\"font-size: 10pt;\">La vision des couleurs n\u2019est pas finalis\u00e9e d\u00e8s la naissance. Il faudra donc attendre selon l\u2019\u00e9volution de chaque b\u00e9b\u00e9 (car chacun n\u2019\u00e9volue pas \u00e0 la m\u00eame vitesse) jusqu\u2019\u00e0 l\u2019\u00e2ge de 4 ans. En effet, c\u2019est environ vers cet \u00e2ge l\u00e0 que la vision des couleurs chez l\u2019enfant est d\u00e9finitive.<\/span><\/p>\n<p class=\"MsoNormal\" style=\"text-align: justify;\"><span style=\"font-size: 10pt;\"><!--[if !supportEmptyParas]--> <!--[endif]--><\/span><\/p>\n<p class=\"MsoNormal\" style=\"text-align: justify;\"><span style=\"font-size: 10pt;\">Les tests de daltonisme ne sont donc pas \u00e0 faire avant cet \u00e2ge car avant, la vision des couleurs peut \u00e9voluer, et la confusion des couleurs n\u2019est pas toujours d\u00fb au daltonisme, mais simplement au fait que la vision des couleurs n\u2019est pas encore achev\u00e9e.<\/span><\/p>\n<p class=\"MsoNormal\" style=\"text-align: justify;\"><span style=\"font-size: 10pt;\"><!--[if !supportEmptyParas]--> <!--[endif]--><\/span><\/p>\n<p class=\"MsoNormal\" style=\"text-align: justify;\"><span style=\"font-size: 10pt;\">Pour information, voici une pr\u00e9sentation de l\u2019\u00e9volution de la vue chez un enfant (source : 123boutchou).<\/span><\/p>\n<p class=\"MsoNormal\" style=\"text-align: justify;\"><strong><span style=\"font-size: 10pt;\">Evolution de la vue de votre enfant<\/span><\/strong><\/p>\n<p class=\"MsoNormal\" style=\"text-align: justify;\"><span style=\"font-size: 10pt;\"><!--[if !supportEmptyParas]--> <!--[endif]--><\/span><\/p>\n<p class=\"MsoNormal\" style=\"text-align: justify;\"><span style=\"font-size: 10pt;\">Un b\u00e9b\u00e9 voit d\u00e8s sa naissance. Par contre, sa vue n\u2019est pas compl\u00e8tement finalis\u00e9e.<\/span><\/p>\n<p class=\"MsoNormal\" style=\"text-align: justify;\"><span style=\"font-size: 10pt;\">M\u00eame si son acuit\u00e9 visuelle est de 1\/20\u00e8me, le b\u00e9b\u00e9 a des comp\u00e9tences non n\u00e9gligeables puisqu\u2019il est sensible aux contrastes de couleur (noir sur blanc, jaune sur bleu etc&#8230;) et est capable de fixer et suivre le regard de sa m\u00e8re.<\/span><\/p>\n<p class=\"MsoNormal\" style=\"text-align: justify;\"><span style=\"font-size: 10pt;\">Sa vue est centrale d\u2019o\u00f9 l\u2019importance de se placer en face de son regard au moment des \u00e9changes avec lui.<\/span><\/p>\n<p class=\"MsoNormal\" style=\"text-align: justify;\"><span style=\"font-size: 10pt;\">La vue de mois en mois<\/span><\/p>\n<p class=\"MsoNormal\" style=\"text-align: justify;\"><span style=\"font-size: 10pt;\"><!--[if !supportEmptyParas]--> <!--[endif]--><\/span><\/p>\n<p class=\"MsoNormal\" style=\"text-align: justify;\"><span style=\"font-size: 10pt;\">&#8211;<span> <\/span>A la naissance :<\/span><\/p>\n<p class=\"MsoNormal\" style=\"text-align: justify;\"><span style=\"font-size: 10pt;\"><!--[if !supportEmptyParas]--> <!--[endif]--><\/span><\/p>\n<p class=\"MsoNormal\" style=\"text-align: justify;\"><span style=\"font-size: 10pt;\">Au d\u00e9but sa vision est de 1\/20\u00e8me. Ses yeux n\u2019\u00e9tant pas pr\u00eat pour accommoder les distantes, il per\u00e7oit son entourage de mani\u00e8re flou et les contours n\u2019ont pas de d\u00e9tails. Bref, il per\u00e7oit simplement une vague forme se penchant sur lui.<\/span><\/p>\n<p class=\"MsoNormal\" style=\"text-align: justify;\"><span style=\"font-size: 10pt;\"><!--[if !supportEmptyParas]--> <!--[endif]--><\/span><\/p>\n<p class=\"MsoNormal\" style=\"text-align: justify;\"><span style=\"font-size: 10pt;\">&#8211;<span> <\/span>A 2 mois :<\/span><\/p>\n<p class=\"MsoNormal\" style=\"text-align: justify;\"><span style=\"font-size: 10pt;\"><!--[if !supportEmptyParas]--> <!--[endif]--><\/span><\/p>\n<p class=\"MsoNormal\" style=\"text-align: justify;\"><span style=\"font-size: 10pt;\">Il est capable de chercher le regard d\u2019une personne. Il distingue le noir et blanc et les couleurs vives. Son champs visuel est limit\u00e9 \u00e0 60 cm de distance et 60 cm de large.<\/span><\/p>\n<p class=\"MsoNormal\" style=\"text-align: justify;\"><span style=\"font-size: 10pt;\"><!--[if !supportEmptyParas]--> <!--[endif]--><\/span><\/p>\n<p class=\"MsoNormal\" style=\"text-align: justify;\"><span style=\"font-size: 10pt;\">&#8211;<span> <\/span>A 3 mois :<\/span><\/p>\n<p class=\"MsoNormal\" style=\"text-align: justify;\"><span style=\"font-size: 10pt;\"><!--[if !supportEmptyParas]--> <!--[endif]--><\/span><\/p>\n<p class=\"MsoNormal\" style=\"text-align: justify;\"><span style=\"font-size: 10pt;\">Sa vue est maintenant de 1\/10\u00e8me. Il est capable de reconna\u00eetre des objets familiers (doudou, biberon &#8230;). Il per\u00e7oit les objets de 2 millim\u00e8tres \u00e0 60 cm de lui.<\/span><\/p>\n<p class=\"MsoNormal\" style=\"text-align: justify;\"><span style=\"font-size: 10pt;\"><!--[if !supportEmptyParas]--> <!--[endif]--><\/span><\/p>\n<p class=\"MsoNormal\" style=\"text-align: justify;\"><span style=\"font-size: 10pt;\">&#8211;<span> <\/span>A 4 mois :<\/span><\/p>\n<p class=\"MsoNormal\" style=\"text-align: justify;\"><span style=\"font-size: 10pt;\"><!--[if !supportEmptyParas]--> <!--[endif]--><\/span><\/p>\n<p class=\"MsoNormal\" style=\"text-align: justify;\"><span style=\"font-size: 10pt;\">Son champs de vision s\u2019\u00e9largie. Il commence \u00e0 distinguer les diff\u00e9rents reliefs. Les couleurs vives comme le rouge, jaune l\u2019attirent.<\/span><\/p>\n<p class=\"MsoNormal\" style=\"text-align: justify;\"><span style=\"font-size: 10pt;\"><!--[if !supportEmptyParas]--> <!--[endif]--><\/span><\/p>\n<p class=\"MsoNormal\" style=\"text-align: justify;\"><span style=\"font-size: 10pt;\">&#8211;<span> <\/span>A 6 mois :<\/span><\/p>\n<p class=\"MsoNormal\" style=\"text-align: justify;\"><span style=\"font-size: 10pt;\"><!--[if !supportEmptyParas]--> <!--[endif]--><\/span><\/p>\n<p class=\"MsoNormal\" style=\"text-align: justify;\"><span style=\"font-size: 10pt;\">Sa vue s\u2019am\u00e9liore encore. Elle est maintenant de 2\/10\u00e8me. Il voit les petits objets comme les miettes ou du fils \u00e0 coudre. Il suit des yeux un mouvement autour de lui.<\/span><\/p>\n<p class=\"MsoNormal\" style=\"text-align: justify;\"><span style=\"font-size: 10pt;\"><!--[if !supportEmptyParas]--> <!--[endif]--><\/span><\/p>\n<p class=\"MsoNormal\" style=\"text-align: justify;\"><span style=\"font-size: 10pt;\">&#8211;<span> <\/span>A 9 mois :<\/span><\/p>\n<p class=\"MsoNormal\" style=\"text-align: justify;\"><span style=\"font-size: 10pt;\"><!--[if !supportEmptyParas]--> <!--[endif]--><\/span><\/p>\n<p class=\"MsoNormal\" style=\"text-align: justify;\"><span style=\"font-size: 10pt;\">Sa vue est de 3\/10\u00e8me. Son champs de vision s\u2019est consid\u00e9rablement agrandit. Pour comparer \u00e0 un adulte, b\u00e9b\u00e9 serait maintenant capable de lire le journal.<\/span><\/p>\n<p class=\"MsoNormal\" style=\"text-align: justify;\"><span style=\"font-size: 10pt;\"><!--[if !supportEmptyParas]--> <!--[endif]--><\/span><\/p>\n<p class=\"MsoNormal\" style=\"text-align: justify;\"><span style=\"font-size: 10pt;\">&#8211;<span> <\/span>A 1 an :<\/span><\/p>\n<p class=\"MsoNormal\" style=\"text-align: justify;\"><span style=\"font-size: 10pt;\"><!--[if !supportEmptyParas]--> <!--[endif]--><\/span><\/p>\n<p class=\"MsoNormal\" style=\"text-align: justify;\"><span style=\"font-size: 10pt;\">Sa vision est maintenant de 4\/10\u00e8me. Sa vue panoramique est identique \u00e0 la notre. Il per\u00e7oit bien les diff\u00e9rentes couleurs. Son appr\u00e9hension de la hauteur et de la profondeur va s\u2019am\u00e9liorer du fait qu\u2019il se l\u00e8ve et commence \u00e0 marcher.<\/span><\/p>\n<p class=\"MsoNormal\" style=\"text-align: justify;\"><span style=\"font-size: 10pt;\"><!--[if !supportEmptyParas]--> <!--[endif]--><\/span><\/p>\n<p class=\"MsoNormal\" style=\"text-align: justify;\"><span style=\"font-size: 10pt;\">&#8211;<span> <\/span>A 2 ans :<\/span><\/p>\n<p class=\"MsoNormal\" style=\"text-align: justify;\"><span style=\"font-size: 10pt;\"><!--[if !supportEmptyParas]--> <!--[endif]--><\/span><\/p>\n<p class=\"MsoNormal\" style=\"text-align: justify;\"><span style=\"font-size: 10pt;\">Sa vue est de 6\/10\u00e8me, elle n\u2019a plus rien \u00e0 envier \u00e0 celle de ses parents. S\u2019il \u00e9tait plus grand, il pourrait passer son permis de conduire avec son grand fr\u00e8re. Il per\u00e7oit et reconna\u00eet de loin les objets. Il ne confond plus les couleurs primaires.<\/span><\/p>\n<p class=\"MsoNormal\" style=\"text-align: justify;\"><span style=\"font-size: 10pt;\"><!--[if !supportEmptyParas]--> <!--[endif]--><\/span><\/p>\n<p class=\"MsoNormal\" style=\"text-align: justify;\"><span style=\"font-size: 10pt;\">&#8211;<span> <\/span>A 4 ans :<\/span><\/p>\n<p class=\"MsoNormal\" style=\"text-align: justify;\"><span style=\"font-size: 10pt;\"><!--[if !supportEmptyParas]--> <!--[endif]--><\/span><\/p>\n<p class=\"MsoNormal\" style=\"text-align: justify;\"><span style=\"font-size: 10pt;\">Sa vision est parfaite (10\/10\u00e8me) tant au niveau du relief, qu\u2019au niveau des couleurs ou de son champs visuel.<\/span><\/p>\n<p class=\"MsoNormal\" style=\"text-align: justify;\"><span style=\"font-size: 10pt;\"><!--[if !supportEmptyParas]--> <!--[endif]--><\/span><\/p>\n<p class=\"MsoNormal\" style=\"text-align: justify;\"><span style=\"font-size: 10pt;\">&#8211;<span> <\/span>A 15 ans :<\/span><\/p>\n<p class=\"MsoNormal\" style=\"text-align: justify;\"><span style=\"font-size: 10pt;\"><!--[if !supportEmptyParas]--> <!--[endif]--><\/span><\/p>\n<p><span style=\"font-size: 10pt; font-family: Times;\">C\u2019est \u00e0 l\u2019\u00e2ge de 15 ans qu\u2019il sera au maximum de ses capacit\u00e9s visuels, soit 14\/10\u00e8me.<\/span><!--EndFragment--><\/p>\n","protected":false},"excerpt":{"rendered":"<p>La vue chez les b\u00e9b\u00e9s (source www.daltonien.free.fr) La vision des couleurs n\u2019est pas finalis\u00e9e d\u00e8s la naissance. Il faudra donc attendre selon l\u2019\u00e9volution de chaque b\u00e9b\u00e9 (car chacun n\u2019\u00e9volue pas \u00e0 la m\u00eame vitesse) jusqu\u2019\u00e0 l\u2019\u00e2ge de 4 ans. En effet, c\u2019est environ vers cet \u00e2ge l\u00e0 que la vision des couleurs chez l\u2019enfant est [&hellip;]<\/p>\n","protected":false},"author":2,"featured_media":0,"comment_status":"open","ping_status":"open","sticky":false,"template":"","format":"standard","meta":{"jetpack_post_was_ever_published":false,"_jetpack_newsletter_access":"","_jetpack_dont_email_post_to_subs":false,"_jetpack_newsletter_tier_id":0,"_jetpack_memberships_contains_paywalled_content":false,"_jetpack_memberships_contains_paid_content":false,"footnotes":"","jetpack_publicize_message":"","jetpack_publicize_feature_enabled":true,"jetpack_social_post_already_shared":false,"jetpack_social_options":{"image_generator_settings":{"template":"highway","default_image_id":0,"font":"","enabled":false},"version":2}},"categories":[252,254,255,256,257,28],"tags":[289,288,259,290],"class_list":["post-2082","post","type-post","status-publish","format-standard","hentry","category-0-6-mois","category-06-12-mois","category-12-18-mois","category-18-24-mois","category-24-36-mois","category-vie-sensorielle","tag-oeil","tag-vision","tag-vue","tag-yeux"],"jetpack_publicize_connections":[],"jetpack_featured_media_url":"","jetpack_sharing_enabled":true,"jetpack_shortlink":"https:\/\/wp.me\/pm9U2-xA","_links":{"self":[{"href":"https:\/\/www.blogbbmontessori.com\/index.php?rest_route=\/wp\/v2\/posts\/2082","targetHints":{"allow":["GET"]}}],"collection":[{"href":"https:\/\/www.blogbbmontessori.com\/index.php?rest_route=\/wp\/v2\/posts"}],"about":[{"href":"https:\/\/www.blogbbmontessori.com\/index.php?rest_route=\/wp\/v2\/types\/post"}],"author":[{"embeddable":true,"href":"https:\/\/www.blogbbmontessori.com\/index.php?rest_route=\/wp\/v2\/users\/2"}],"replies":[{"embeddable":true,"href":"https:\/\/www.blogbbmontessori.com\/index.php?rest_route=%2Fwp%2Fv2%2Fcomments&post=2082"}],"version-history":[{"count":4,"href":"https:\/\/www.blogbbmontessori.com\/index.php?rest_route=\/wp\/v2\/posts\/2082\/revisions"}],"predecessor-version":[{"id":8823,"href":"https:\/\/www.blogbbmontessori.com\/index.php?rest_route=\/wp\/v2\/posts\/2082\/revisions\/8823"}],"wp:attachment":[{"href":"https:\/\/www.blogbbmontessori.com\/index.php?rest_route=%2Fwp%2Fv2%2Fmedia&parent=2082"}],"wp:term":[{"taxonomy":"category","embeddable":true,"href":"https:\/\/www.blogbbmontessori.com\/index.php?rest_route=%2Fwp%2Fv2%2Fcategories&post=2082"},{"taxonomy":"post_tag","embeddable":true,"href":"https:\/\/www.blogbbmontessori.com\/index.php?rest_route=%2Fwp%2Fv2%2Ftags&post=2082"}],"curies":[{"name":"wp","href":"https:\/\/api.w.org\/{rel}","templated":true}]}}