{"id":195,"date":"2009-02-26T23:33:59","date_gmt":"2009-02-26T21:33:59","guid":{"rendered":"http:\/\/www.blogbbmontessori.com\/?p=195"},"modified":"2010-06-18T13:39:03","modified_gmt":"2010-06-18T11:39:03","slug":"ma-premiere-sortie-en-altitude","status":"publish","type":"post","link":"https:\/\/www.blogbbmontessori.com\/?p=195","title":{"rendered":"Ma premi\u00e8re sortie en altitude"},"content":{"rendered":"<p>B\u00e9b\u00e9 a 7 mois et 22 jours<\/p>\n<p style=\"text-align: center;\"><a href=\"https:\/\/i0.wp.com\/www.blogbbmontessori.com\/wp-content\/uploads\/2009\/02\/revard.jpg?ssl=1\"><img data-recalc-dims=\"1\" loading=\"lazy\" decoding=\"async\" class=\"size-medium wp-image-204 aligncenter\" title=\"revard\" src=\"https:\/\/i0.wp.com\/www.blogbbmontessori.com\/wp-content\/uploads\/2009\/02\/revard.jpg?resize=300%2C225&#038;ssl=1\" alt=\"\" width=\"300\" height=\"225\" srcset=\"https:\/\/i0.wp.com\/www.blogbbmontessori.com\/wp-content\/uploads\/2009\/02\/revard.jpg?resize=300%2C225&amp;ssl=1 300w, https:\/\/i0.wp.com\/www.blogbbmontessori.com\/wp-content\/uploads\/\/home\/bebe\/wp-content\/uploads\/2009\/02\/revard.jpg?w=1250&amp;ssl=1 1250w, https:\/\/i0.wp.com\/www.blogbbmontessori.com\/wp-content\/uploads\/\/home\/bebe\/wp-content\/uploads\/2009\/02\/revard.jpg?w=1875&amp;ssl=1 1875w\" sizes=\"auto, (max-width: 300px) 100vw, 300px\" \/><\/a><\/p>\n<p>Cette apr\u00e8s-midi, Maman m&rsquo;a emmen\u00e9 voir le Mont-Blanc ! Evidemment je ne sais pas que c&rsquo;est lui car je suis trop jeune mais je le comprendrais plus tard. Il faisait <strong>froid<\/strong> malgr\u00e8 le soleil et Maman m&rsquo;avait mis beaucoup de choses \u00e0 porter dont des <strong>lunettes<\/strong> de soleil ! J&rsquo;avais l&rsquo;air d&rsquo;un \u00ab\u00a0blues brother\u00a0\u00bb a dit Papa. C&rsquo;est chouette d&rsquo;habiter \u00e0 la montagne. J&rsquo;ai senti le <strong>vent<\/strong> dans mes <strong>narines<\/strong> et mes oreilles (quand je me d\u00e9gageais de la capuche car je n&rsquo;aime pas que l&rsquo;on me mette tout cela sur mes oreilles, mes yeux, mes mains, etc&#8230;)<\/p>\n<p>J&rsquo;aime bien les <strong>nouveaut\u00e9s sensorielles<\/strong> comme celle-ci, \u00e0 petite dose tout de m\u00eame car je suis jeune et j&rsquo;ai donc le temps de <strong>d\u00e9couvrir<\/strong>.<\/p>\n","protected":false},"excerpt":{"rendered":"<p>B\u00e9b\u00e9 a 7 mois et 22 jours Cette apr\u00e8s-midi, Maman m&rsquo;a emmen\u00e9 voir le Mont-Blanc ! Evidemment je ne sais pas que c&rsquo;est lui car je suis trop jeune mais je le comprendrais plus tard. Il faisait froid malgr\u00e8 le soleil et Maman m&rsquo;avait mis beaucoup de choses \u00e0 porter dont des lunettes de soleil [&hellip;]<\/p>\n","protected":false},"author":2,"featured_media":0,"comment_status":"open","ping_status":"open","sticky":false,"template":"","format":"standard","meta":{"jetpack_post_was_ever_published":false,"_jetpack_newsletter_access":"","_jetpack_dont_email_post_to_subs":false,"_jetpack_newsletter_tier_id":0,"_jetpack_memberships_contains_paywalled_content":false,"_jetpack_memberships_contains_paid_content":false,"footnotes":"","jetpack_publicize_message":"","jetpack_publicize_feature_enabled":true,"jetpack_social_post_already_shared":false,"jetpack_social_options":{"image_generator_settings":{"template":"highway","default_image_id":0,"font":"","enabled":false},"version":2}},"categories":[254,32,1],"tags":[],"class_list":["post-195","post","type-post","status-publish","format-standard","hentry","category-06-12-mois","category-emotions","category-quotidien"],"jetpack_publicize_connections":[],"jetpack_featured_media_url":"","jetpack_sharing_enabled":true,"jetpack_shortlink":"https:\/\/wp.me\/pm9U2-39","_links":{"self":[{"href":"https:\/\/www.blogbbmontessori.com\/index.php?rest_route=\/wp\/v2\/posts\/195","targetHints":{"allow":["GET"]}}],"collection":[{"href":"https:\/\/www.blogbbmontessori.com\/index.php?rest_route=\/wp\/v2\/posts"}],"about":[{"href":"https:\/\/www.blogbbmontessori.com\/index.php?rest_route=\/wp\/v2\/types\/post"}],"author":[{"embeddable":true,"href":"https:\/\/www.blogbbmontessori.com\/index.php?rest_route=\/wp\/v2\/users\/2"}],"replies":[{"embeddable":true,"href":"https:\/\/www.blogbbmontessori.com\/index.php?rest_route=%2Fwp%2Fv2%2Fcomments&post=195"}],"version-history":[{"count":8,"href":"https:\/\/www.blogbbmontessori.com\/index.php?rest_route=\/wp\/v2\/posts\/195\/revisions"}],"predecessor-version":[{"id":2035,"href":"https:\/\/www.blogbbmontessori.com\/index.php?rest_route=\/wp\/v2\/posts\/195\/revisions\/2035"}],"wp:attachment":[{"href":"https:\/\/www.blogbbmontessori.com\/index.php?rest_route=%2Fwp%2Fv2%2Fmedia&parent=195"}],"wp:term":[{"taxonomy":"category","embeddable":true,"href":"https:\/\/www.blogbbmontessori.com\/index.php?rest_route=%2Fwp%2Fv2%2Fcategories&post=195"},{"taxonomy":"post_tag","embeddable":true,"href":"https:\/\/www.blogbbmontessori.com\/index.php?rest_route=%2Fwp%2Fv2%2Ftags&post=195"}],"curies":[{"name":"wp","href":"https:\/\/api.w.org\/{rel}","templated":true}]}}