{"id":1869,"date":"2010-05-27T12:51:13","date_gmt":"2010-05-27T10:51:13","guid":{"rendered":"http:\/\/www.blogbbmontessori.com\/?p=1869"},"modified":"2010-06-19T20:40:58","modified_gmt":"2010-06-19T18:40:58","slug":"les-bleus-jolis-geometriques-solides","status":"publish","type":"post","link":"https:\/\/www.blogbbmontessori.com\/?p=1869","title":{"rendered":"Les bleus jolis g\u00e9om\u00e9triques solides"},"content":{"rendered":"<p><em>BBF\/Poussin est \u00e2g\u00e9e de 803 jours, soit 2 ans, 2 mois et 12 jours<\/em><\/p>\n<p>Quelle <a title=\"https:\/\/www.blogbbmontessori.com\/vie-sensorielle\/les-beaux-volumes-geometriques\/\" href=\"https:\/\/www.blogbbmontessori.com\/vie-sensorielle\/les-beaux-volumes-geometriques\/\">co\u00efncidence<\/a>, ici aussi on a les m\u00eames solides g\u00e9om\u00e9triques bleus et beaux, mais Maman ne les a pas encore mis en libre acc\u00e8s dans un panier. Elle me les a pr\u00e9sent\u00e9s pour la premi\u00e8re fois il y a deux semaines, et j&rsquo;ai tout de suite fait mon activit\u00e9 favorite : <strong><a title=\"https:\/\/www.blogbbmontessori.com\/jeux\/empiler\/\" href=\"https:\/\/www.blogbbmontessori.com\/jeux\/empiler\/\">empiler<\/a><\/strong> les cubes !<\/p>\n<div id=\"attachment_1874\" style=\"width: 310px\" class=\"wp-caption aligncenter\"><a href=\"https:\/\/i0.wp.com\/www.blogbbmontessori.com\/wp-content\/uploads\/2010\/05\/solides-geometriques-img_6401.jpg?ssl=1\"><img data-recalc-dims=\"1\" loading=\"lazy\" decoding=\"async\" aria-describedby=\"caption-attachment-1874\" class=\"size-medium wp-image-1874\" title=\"2 ans et deux mois\" src=\"https:\/\/i0.wp.com\/www.blogbbmontessori.com\/wp-content\/uploads\/2010\/05\/solides-geometriques-img_6401.jpg?resize=300%2C225&#038;ssl=1\" alt=\"\" width=\"300\" height=\"225\" srcset=\"https:\/\/i0.wp.com\/www.blogbbmontessori.com\/wp-content\/uploads\/2010\/05\/solides-geometriques-img_6401.jpg?resize=300%2C225&amp;ssl=1 300w, https:\/\/i0.wp.com\/www.blogbbmontessori.com\/wp-content\/uploads\/\/home\/www\/bebe\/wp-content\/uploads\/2010\/05\/solides-geometriques-img_6401.jpg?w=1250&amp;ssl=1 1250w, https:\/\/i0.wp.com\/www.blogbbmontessori.com\/wp-content\/uploads\/\/home\/www\/bebe\/wp-content\/uploads\/2010\/05\/solides-geometriques-img_6401.jpg?w=1875&amp;ssl=1 1875w\" sizes=\"auto, (max-width: 300px) 100vw, 300px\" \/><\/a><p id=\"caption-attachment-1874\" class=\"wp-caption-text\">Chic, de nouveaux cubes !<\/p><\/div>\n<p>Ensuite elle m&rsquo;a montr\u00e9 les formes arrondies qui tiennent sur un socle (chez nous, ils sont en bois ces socles), mais \u00e7a m&rsquo;a moyennement int\u00e9ress\u00e9e car \u00e7a ne s&#8217;empile pas.<\/p>\n<div id=\"attachment_1875\" style=\"width: 310px\" class=\"wp-caption alignnone\"><a href=\"https:\/\/i0.wp.com\/www.blogbbmontessori.com\/wp-content\/uploads\/2010\/05\/solides-geometriques-img_6413.jpg?ssl=1\"><img data-recalc-dims=\"1\" loading=\"lazy\" decoding=\"async\" aria-describedby=\"caption-attachment-1875\" class=\"size-medium wp-image-1875 \" title=\"2 ans et 2 mois\" src=\"https:\/\/i0.wp.com\/www.blogbbmontessori.com\/wp-content\/uploads\/2010\/05\/solides-geometriques-img_6413.jpg?resize=300%2C225&#038;ssl=1\" alt=\"Tout le mat\u00e9riel\" width=\"300\" height=\"225\" srcset=\"https:\/\/i0.wp.com\/www.blogbbmontessori.com\/wp-content\/uploads\/2010\/05\/solides-geometriques-img_6413.jpg?resize=300%2C225&amp;ssl=1 300w, https:\/\/i0.wp.com\/www.blogbbmontessori.com\/wp-content\/uploads\/\/home\/www\/bebe\/wp-content\/uploads\/2010\/05\/solides-geometriques-img_6413.jpg?w=1250&amp;ssl=1 1250w, https:\/\/i0.wp.com\/www.blogbbmontessori.com\/wp-content\/uploads\/\/home\/www\/bebe\/wp-content\/uploads\/2010\/05\/solides-geometriques-img_6413.jpg?w=1875&amp;ssl=1 1875w\" sizes=\"auto, (max-width: 300px) 100vw, 300px\" \/><\/a><p id=\"caption-attachment-1875\" class=\"wp-caption-text\">Tout le mat\u00e9riel<\/p><\/div>\n<div id=\"attachment_1876\" style=\"width: 310px\" class=\"wp-caption aligncenter\"><a href=\"https:\/\/i0.wp.com\/www.blogbbmontessori.com\/wp-content\/uploads\/2010\/05\/solides-geometriques-img_6412.jpg?ssl=1\"><img data-recalc-dims=\"1\" loading=\"lazy\" decoding=\"async\" aria-describedby=\"caption-attachment-1876\" class=\"size-medium wp-image-1876 \" style=\"margin: 10px;\" title=\"Deux ans et deux mois\" src=\"https:\/\/i0.wp.com\/www.blogbbmontessori.com\/wp-content\/uploads\/2010\/05\/solides-geometriques-img_6412.jpg?resize=300%2C225&#038;ssl=1\" alt=\"Les pyramides qui piquent \" width=\"300\" height=\"225\" srcset=\"https:\/\/i0.wp.com\/www.blogbbmontessori.com\/wp-content\/uploads\/2010\/05\/solides-geometriques-img_6412.jpg?resize=300%2C225&amp;ssl=1 300w, https:\/\/i0.wp.com\/www.blogbbmontessori.com\/wp-content\/uploads\/\/home\/www\/bebe\/wp-content\/uploads\/2010\/05\/solides-geometriques-img_6412.jpg?w=1250&amp;ssl=1 1250w, https:\/\/i0.wp.com\/www.blogbbmontessori.com\/wp-content\/uploads\/\/home\/www\/bebe\/wp-content\/uploads\/2010\/05\/solides-geometriques-img_6412.jpg?w=1875&amp;ssl=1 1875w\" sizes=\"auto, (max-width: 300px) 100vw, 300px\" \/><\/a><p id=\"caption-attachment-1876\" class=\"wp-caption-text\">Les pyramides qui piquent <\/p><\/div>\n<p>Puis maman m&rsquo;a donn\u00e9, en faisant tr\u00e8s attention \u00e0 mes gestes, les deux solides qui piquent tr\u00e8s fort et le c\u00f4ne au bout arrondi, et ceux-l\u00e0 \u00e9taient bien, je pouvais faire des constructions avec&#8230; Ils ne seront pas en libre acc\u00e8s car trop dangereux.<\/p>\n<p>Que de nouvelles choses \u00e0 d\u00e9couvrir ! Aussi n&rsquo;ai-je pas trop pr\u00eat\u00e9 attention aux petites plaques (dont j&rsquo;ai reconnu et essay\u00e9 de nommer les formes) qui s&rsquo;ajustaient bien avec les volumes bleus. Ce sera pour une autre fois.<\/p>\n<p>Il para\u00eet que ce mat\u00e9riel peut servir pour de nombreuses choses, \u00e0 diff\u00e9rents \u00e2ges. Pour l&rsquo;instant c&rsquo;est du pur <a title=\"http:\/\/www.montessori.fr\/article.php3?id_article=69\" href=\"http:\/\/www.montessori.fr\/article.php3?id_article=69\">mat\u00e9riel sensoriel<\/a> ! (et en plus, c&rsquo;est beau et \u00e7a met maman en joie).<\/p>\n<p>A bient\u00f4t<\/p>\n<div id=\"attachment_1218\" style=\"width: 80px\" class=\"wp-caption alignleft\"><a href=\"https:\/\/i0.wp.com\/www.blogbbmontessori.com\/wp-content\/uploads\/2009\/12\/poussin00030.gif?ssl=1\"><img data-recalc-dims=\"1\" loading=\"lazy\" decoding=\"async\" aria-describedby=\"caption-attachment-1218\" class=\"size-medium wp-image-1218\" title=\"poussin00030\" src=\"https:\/\/i0.wp.com\/www.blogbbmontessori.com\/wp-content\/uploads\/2009\/12\/poussin00030.gif?resize=70%2C70&#038;ssl=1\" alt=\"BBF\/Poussin\" width=\"70\" height=\"70\" \/><\/a><p id=\"caption-attachment-1218\" class=\"wp-caption-text\">BBF\/Poussin<\/p><\/div>\n","protected":false},"excerpt":{"rendered":"<p>BBF\/Poussin est \u00e2g\u00e9e de 803 jours, soit 2 ans, 2 mois et 12 jours Quelle co\u00efncidence, ici aussi on a les m\u00eames solides g\u00e9om\u00e9triques bleus et beaux, mais Maman ne les a pas encore mis en libre acc\u00e8s dans un panier. Elle me les a pr\u00e9sent\u00e9s pour la premi\u00e8re fois il y a deux semaines, [&hellip;]<\/p>\n","protected":false},"author":1,"featured_media":0,"comment_status":"open","ping_status":"open","sticky":false,"template":"","format":"standard","meta":{"jetpack_post_was_ever_published":false,"_jetpack_newsletter_access":"","_jetpack_dont_email_post_to_subs":false,"_jetpack_newsletter_tier_id":0,"_jetpack_memberships_contains_paywalled_content":false,"_jetpack_memberships_contains_paid_content":false,"footnotes":"","jetpack_publicize_message":"","jetpack_publicize_feature_enabled":true,"jetpack_social_post_already_shared":false,"jetpack_social_options":{"image_generator_settings":{"template":"highway","default_image_id":0,"font":"","enabled":false},"version":2}},"categories":[257,22,33,28],"tags":[187,195,232],"class_list":["post-1869","post","type-post","status-publish","format-standard","hentry","category-24-36-mois","category-developpement-moteur","category-materiels-pedagogiques","category-vie-sensorielle","tag-beau","tag-empiler","tag-volumes"],"jetpack_publicize_connections":[],"jetpack_featured_media_url":"","jetpack_sharing_enabled":true,"jetpack_shortlink":"https:\/\/wp.me\/pm9U2-u9","_links":{"self":[{"href":"https:\/\/www.blogbbmontessori.com\/index.php?rest_route=\/wp\/v2\/posts\/1869","targetHints":{"allow":["GET"]}}],"collection":[{"href":"https:\/\/www.blogbbmontessori.com\/index.php?rest_route=\/wp\/v2\/posts"}],"about":[{"href":"https:\/\/www.blogbbmontessori.com\/index.php?rest_route=\/wp\/v2\/types\/post"}],"author":[{"embeddable":true,"href":"https:\/\/www.blogbbmontessori.com\/index.php?rest_route=\/wp\/v2\/users\/1"}],"replies":[{"embeddable":true,"href":"https:\/\/www.blogbbmontessori.com\/index.php?rest_route=%2Fwp%2Fv2%2Fcomments&post=1869"}],"version-history":[{"count":12,"href":"https:\/\/www.blogbbmontessori.com\/index.php?rest_route=\/wp\/v2\/posts\/1869\/revisions"}],"predecessor-version":[{"id":2267,"href":"https:\/\/www.blogbbmontessori.com\/index.php?rest_route=\/wp\/v2\/posts\/1869\/revisions\/2267"}],"wp:attachment":[{"href":"https:\/\/www.blogbbmontessori.com\/index.php?rest_route=%2Fwp%2Fv2%2Fmedia&parent=1869"}],"wp:term":[{"taxonomy":"category","embeddable":true,"href":"https:\/\/www.blogbbmontessori.com\/index.php?rest_route=%2Fwp%2Fv2%2Fcategories&post=1869"},{"taxonomy":"post_tag","embeddable":true,"href":"https:\/\/www.blogbbmontessori.com\/index.php?rest_route=%2Fwp%2Fv2%2Ftags&post=1869"}],"curies":[{"name":"wp","href":"https:\/\/api.w.org\/{rel}","templated":true}]}}