{"id":175,"date":"2009-02-19T12:04:33","date_gmt":"2009-02-19T10:04:33","guid":{"rendered":"http:\/\/www.blogbbmontessori.com\/?p=175"},"modified":"2010-06-18T13:36:42","modified_gmt":"2010-06-18T11:36:42","slug":"jaime-beaucoup-mes-grands-freres","status":"publish","type":"post","link":"https:\/\/www.blogbbmontessori.com\/?p=175","title":{"rendered":"J&rsquo;aime beaucoup mes grands fr\u00e8res !"},"content":{"rendered":"<p style=\"text-align: center;\"><a href=\"https:\/\/i0.wp.com\/www.blogbbmontessori.com\/wp-content\/uploads\/2009\/02\/les-freres.jpg?ssl=1\"><img data-recalc-dims=\"1\" loading=\"lazy\" decoding=\"async\" class=\"size-medium wp-image-174 aligncenter\" title=\"les-freres\" src=\"https:\/\/i0.wp.com\/www.blogbbmontessori.com\/wp-content\/uploads\/2009\/02\/les-freres.jpg?resize=225%2C300&#038;ssl=1\" alt=\"\" width=\"225\" height=\"300\" srcset=\"https:\/\/i0.wp.com\/www.blogbbmontessori.com\/wp-content\/uploads\/2009\/02\/les-freres.jpg?resize=225%2C300&amp;ssl=1 225w, https:\/\/i0.wp.com\/www.blogbbmontessori.com\/wp-content\/uploads\/\/home\/bebe\/wp-content\/uploads\/2009\/02\/les-freres.jpg?w=1250&amp;ssl=1 1250w, https:\/\/i0.wp.com\/www.blogbbmontessori.com\/wp-content\/uploads\/\/home\/bebe\/wp-content\/uploads\/2009\/02\/les-freres.jpg?w=1875&amp;ssl=1 1875w\" sizes=\"auto, (max-width: 225px) 100vw, 225px\" \/><\/a><\/p>\n<p>B\u00e9b\u00e9 a 7 mois et demi<\/p>\n<p>Mes grands <strong>fr\u00e8res<\/strong> !!! Tout un programme dont je vous compte quelques \u00e9l\u00e9ments. D&rsquo;abord, ils me <strong>secouent<\/strong> beaucoup. Mais pas trop tout de m\u00eame car Maman a expliqu\u00e9 que mon <strong>cerveau<\/strong> est fragile et qu&rsquo;il ne peut supporter trop de contacts passionnels ! Quand ils me prennent dans leur bras, j&rsquo;ai not\u00e9 qu&rsquo;ils m&rsquo;\u00e9levaient plus haut que Maman ou Papa. Et puis ils font de grands <strong>grimaces<\/strong> bien plus belles et rigolotes que celles de mes parents. En revanche, leurs apssages sont \u00e9ph\u00e9m\u00e8re et il faut que je r\u00e9fl\u00e9chisse bien lorsque je <strong>refuse<\/strong> une cuilll\u00e8re de fruits car sinon je n&rsquo;en n&rsquo;ai plus d&rsquo;autres. Alors qu&rsquo;avec Maman, elle insiste et reste plus longtemps pr\u00e8s de moi. Enfin il y a les <strong>rires<\/strong> tr\u00e8s forts de mes fr\u00e8res, parfois j&rsquo;ai les oreilles toutes emplies de leurs bruits. Et puis mes fr\u00e8res adorent me mettre des choses sous le nez. Normal, il parait que ce sont des <strong>montessoriens<\/strong> et qu&rsquo;on les a habitu\u00e9s \u00e0 <strong>sentir<\/strong> !<\/p>\n<p>Parfois je <strong>danse<\/strong> dans leur bras sur une <strong>musique<\/strong> moins douce que les chansons d&rsquo;Anne Sylvestre mises doucement dans ma chambre par Maman.<\/p>\n<p><strong>J&rsquo;aime beaucoup mes grands fr\u00e8res !<\/strong><\/p>\n","protected":false},"excerpt":{"rendered":"<p>B\u00e9b\u00e9 a 7 mois et demi Mes grands fr\u00e8res !!! Tout un programme dont je vous compte quelques \u00e9l\u00e9ments. D&rsquo;abord, ils me secouent beaucoup. Mais pas trop tout de m\u00eame car Maman a expliqu\u00e9 que mon cerveau est fragile et qu&rsquo;il ne peut supporter trop de contacts passionnels ! Quand ils me prennent dans leur [&hellip;]<\/p>\n","protected":false},"author":2,"featured_media":0,"comment_status":"open","ping_status":"open","sticky":false,"template":"","format":"standard","meta":{"jetpack_post_was_ever_published":false,"_jetpack_newsletter_access":"","_jetpack_dont_email_post_to_subs":false,"_jetpack_newsletter_tier_id":0,"_jetpack_memberships_contains_paywalled_content":false,"_jetpack_memberships_contains_paid_content":false,"footnotes":"","jetpack_publicize_message":"","jetpack_publicize_feature_enabled":true,"jetpack_social_post_already_shared":false,"jetpack_social_options":{"image_generator_settings":{"template":"highway","default_image_id":0,"font":"","enabled":false},"version":2}},"categories":[254,32,35],"tags":[],"class_list":["post-175","post","type-post","status-publish","format-standard","hentry","category-06-12-mois","category-emotions","category-liens-sociaux"],"jetpack_publicize_connections":[],"jetpack_featured_media_url":"","jetpack_sharing_enabled":true,"jetpack_shortlink":"https:\/\/wp.me\/pm9U2-2P","_links":{"self":[{"href":"https:\/\/www.blogbbmontessori.com\/index.php?rest_route=\/wp\/v2\/posts\/175","targetHints":{"allow":["GET"]}}],"collection":[{"href":"https:\/\/www.blogbbmontessori.com\/index.php?rest_route=\/wp\/v2\/posts"}],"about":[{"href":"https:\/\/www.blogbbmontessori.com\/index.php?rest_route=\/wp\/v2\/types\/post"}],"author":[{"embeddable":true,"href":"https:\/\/www.blogbbmontessori.com\/index.php?rest_route=\/wp\/v2\/users\/2"}],"replies":[{"embeddable":true,"href":"https:\/\/www.blogbbmontessori.com\/index.php?rest_route=%2Fwp%2Fv2%2Fcomments&post=175"}],"version-history":[{"count":6,"href":"https:\/\/www.blogbbmontessori.com\/index.php?rest_route=\/wp\/v2\/posts\/175\/revisions"}],"predecessor-version":[{"id":2032,"href":"https:\/\/www.blogbbmontessori.com\/index.php?rest_route=\/wp\/v2\/posts\/175\/revisions\/2032"}],"wp:attachment":[{"href":"https:\/\/www.blogbbmontessori.com\/index.php?rest_route=%2Fwp%2Fv2%2Fmedia&parent=175"}],"wp:term":[{"taxonomy":"category","embeddable":true,"href":"https:\/\/www.blogbbmontessori.com\/index.php?rest_route=%2Fwp%2Fv2%2Fcategories&post=175"},{"taxonomy":"post_tag","embeddable":true,"href":"https:\/\/www.blogbbmontessori.com\/index.php?rest_route=%2Fwp%2Fv2%2Ftags&post=175"}],"curies":[{"name":"wp","href":"https:\/\/api.w.org\/{rel}","templated":true}]}}