{"id":1141,"date":"2009-11-19T22:52:01","date_gmt":"2009-11-19T20:52:01","guid":{"rendered":"http:\/\/www.blogbbmontessori.com\/?p=1141"},"modified":"2013-05-26T11:40:52","modified_gmt":"2013-05-26T09:40:52","slug":"reconnaitre-les-couleurs","status":"publish","type":"post","link":"https:\/\/www.blogbbmontessori.com\/?p=1141","title":{"rendered":"Reconna\u00eetre les couleurs"},"content":{"rendered":"<p style=\"text-align: left;\">BBG est \u00e2g\u00e9 de 503 jours, soit 1 an, 4 mois et 15 jours<\/p>\n<p style=\"text-align: center;\"><a href=\"https:\/\/i0.wp.com\/www.blogbbmontessori.com\/wp-content\/uploads\/2009\/11\/couleurs.jpg?ssl=1\"><img data-recalc-dims=\"1\" loading=\"lazy\" decoding=\"async\" class=\"alignnone size-medium wp-image-1142\" title=\"couleurs\" alt=\"\" src=\"https:\/\/i0.wp.com\/www.blogbbmontessori.com\/wp-content\/uploads\/2009\/11\/couleurs.jpg?resize=225%2C300&#038;ssl=1\" width=\"225\" height=\"300\" srcset=\"https:\/\/i0.wp.com\/www.blogbbmontessori.com\/wp-content\/uploads\/2009\/11\/couleurs.jpg?resize=225%2C300&amp;ssl=1 225w, https:\/\/i0.wp.com\/www.blogbbmontessori.com\/wp-content\/uploads\/\/home\/bebe\/wp-content\/uploads\/2009\/11\/couleurs.jpg?w=1250&amp;ssl=1 1250w, https:\/\/i0.wp.com\/www.blogbbmontessori.com\/wp-content\/uploads\/\/home\/bebe\/wp-content\/uploads\/2009\/11\/couleurs.jpg?w=1875&amp;ssl=1 1875w\" sizes=\"auto, (max-width: 225px) 100vw, 225px\" \/><\/a><\/p>\n<p style=\"text-align: left;\">J&rsquo;apprends les <strong>couleurs<\/strong> gr\u00e2ce \u00e0 ce mat\u00e9riel <strong>sensoriel<\/strong> que j&rsquo;aime bien mais que j&rsquo;ai autant envie de sentir avec le <strong>nez<\/strong> que de regarder avec les <strong>yeux<\/strong>. Ce sont des esp\u00e8ces de petites raquettes en plastique translucide de couleur qui permettent de voir la vie en rose, rouge, vert, bleu, violet, jaune. Je les utilise quand je suis dans le bureau avec Maman car elle a install\u00e9 quelques mat\u00e9riels pour m&rsquo;occuper \u00e0 c\u00f4t\u00e9 d&rsquo;elle quand elle travaille avec son ordinateur.<\/p>\n<p style=\"text-align: left;\">Sinon, elle a rang\u00e9 tous les jouets pour les b\u00e9b\u00e9s et elle m&rsquo;installe un nouvel <strong>environnement<\/strong> dans le salon avec des paniers et des bo\u00eetes bien rang\u00e9s sur une <strong>\u00e9tag\u00e8re<\/strong> rien que pour moi. Je vais vous les pr\u00e9senter prochainement mais sachez d\u00e9j\u00e0 qu&rsquo;il y a le panier \u00e0 instruments de musique, le panier avec des animaux en plastique, le panier \u00e0 vis en bois, la bo\u00eete avec des bo\u00eetes, une petite pelle et sa balayette, et pleins d&rsquo;autres objets dont je vous montrerai l&rsquo;utilisation tr\u00e8s prochainement.<\/p>\n","protected":false},"excerpt":{"rendered":"<p>BBG est \u00e2g\u00e9 de 503 jours, soit 1 an, 4 mois et 15 jours J&rsquo;apprends les couleurs gr\u00e2ce \u00e0 ce mat\u00e9riel sensoriel que j&rsquo;aime bien mais que j&rsquo;ai autant envie de sentir avec le nez que de regarder avec les yeux. Ce sont des esp\u00e8ces de petites raquettes en plastique translucide de couleur qui permettent [&hellip;]<\/p>\n","protected":false},"author":2,"featured_media":0,"comment_status":"open","ping_status":"open","sticky":false,"template":"","format":"standard","meta":{"jetpack_post_was_ever_published":false,"_jetpack_newsletter_access":"","_jetpack_dont_email_post_to_subs":false,"_jetpack_newsletter_tier_id":0,"_jetpack_memberships_contains_paywalled_content":false,"_jetpack_memberships_contains_paid_content":false,"footnotes":"","jetpack_publicize_message":"","jetpack_publicize_feature_enabled":true,"jetpack_social_post_already_shared":false,"jetpack_social_options":{"image_generator_settings":{"template":"highway","default_image_id":0,"font":"","enabled":false},"version":2}},"categories":[255,39,35,38,20,28],"tags":[118,741,130],"class_list":["post-1141","post","type-post","status-publish","format-standard","hentry","category-12-18-mois","category-environnement","category-liens-sociaux","category-main","category-ordre","category-vie-sensorielle","tag-couleurs","tag-environnement","tag-sensoriel"],"jetpack_publicize_connections":[],"jetpack_featured_media_url":"","jetpack_sharing_enabled":true,"jetpack_shortlink":"https:\/\/wp.me\/pm9U2-ip","_links":{"self":[{"href":"https:\/\/www.blogbbmontessori.com\/index.php?rest_route=\/wp\/v2\/posts\/1141","targetHints":{"allow":["GET"]}}],"collection":[{"href":"https:\/\/www.blogbbmontessori.com\/index.php?rest_route=\/wp\/v2\/posts"}],"about":[{"href":"https:\/\/www.blogbbmontessori.com\/index.php?rest_route=\/wp\/v2\/types\/post"}],"author":[{"embeddable":true,"href":"https:\/\/www.blogbbmontessori.com\/index.php?rest_route=\/wp\/v2\/users\/2"}],"replies":[{"embeddable":true,"href":"https:\/\/www.blogbbmontessori.com\/index.php?rest_route=%2Fwp%2Fv2%2Fcomments&post=1141"}],"version-history":[{"count":7,"href":"https:\/\/www.blogbbmontessori.com\/index.php?rest_route=\/wp\/v2\/posts\/1141\/revisions"}],"predecessor-version":[{"id":8837,"href":"https:\/\/www.blogbbmontessori.com\/index.php?rest_route=\/wp\/v2\/posts\/1141\/revisions\/8837"}],"wp:attachment":[{"href":"https:\/\/www.blogbbmontessori.com\/index.php?rest_route=%2Fwp%2Fv2%2Fmedia&parent=1141"}],"wp:term":[{"taxonomy":"category","embeddable":true,"href":"https:\/\/www.blogbbmontessori.com\/index.php?rest_route=%2Fwp%2Fv2%2Fcategories&post=1141"},{"taxonomy":"post_tag","embeddable":true,"href":"https:\/\/www.blogbbmontessori.com\/index.php?rest_route=%2Fwp%2Fv2%2Ftags&post=1141"}],"curies":[{"name":"wp","href":"https:\/\/api.w.org\/{rel}","templated":true}]}}